{"id":337788,"date":"2026-08-31T08:04:13","date_gmt":"2026-08-31T08:04:13","guid":{"rendered":"https:\/\/www.europesays.com\/fi\/337788\/"},"modified":"2026-08-31T08:04:13","modified_gmt":"2026-08-31T08:04:13","slug":"hovioikeus-lievensi-venalaisen-voislav-tordenin-elinkautisen-sotarikoksista-yli-12-vuoden-vankeustuomioksi-uutissuomalainen","status":"publish","type":"post","link":"https:\/\/www.europesays.com\/fi\/337788\/","title":{"rendered":"Hovioikeus lievensi ven\u00e4l\u00e4isen Voislav Tordenin elinkautisen sotarikoksista yli 12 vuoden vankeustuomioksi | Uutissuomalainen"},"content":{"rendered":"<p>Helsingin hovioikeus on lievent\u00e4nyt ven\u00e4l\u00e4isen Voislav Tordenin sotarikostuomiota.<\/p>\n<p>K\u00e4r\u00e4j\u00e4oikeus tuomitsi aiemmin Tordenin nelj\u00e4st\u00e4 sotarikoksesta elinkautiseen vankeuteen. Hovioikeus luki h\u00e4nen syykseen kolme sotarikosta ja tuomitsi h\u00e4net 12:n ja puolen vuoden vankeuteen.<\/p>\n<p>Syytteiss\u00e4 oli kyse It\u00e4-Ukrainan Luhanskin alueella syksyll\u00e4 2014 tehdyst\u00e4 v\u00e4ijytyksest\u00e4 ja sen j\u00e4lkeisist\u00e4 tapahtumista, joissa tapettiin 22 ukrainalaissotilasta. Torden kiisti kaikki syytteet.<\/p>\n<p>Torden otettiin kes\u00e4ll\u00e4 2023 kiinni Helsinki-Vantaan lentokent\u00e4ll\u00e4, miss\u00e4 h\u00e4n oli nousemassa Nizzan-lennolle.<\/p>\n","protected":false},"excerpt":{"rendered":"Helsingin hovioikeus on lievent\u00e4nyt ven\u00e4l\u00e4isen Voislav Tordenin sotarikostuomiota. K\u00e4r\u00e4j\u00e4oikeus tuomitsi aiemmin Tordenin nelj\u00e4st\u00e4 sotarikoksesta elinkautiseen vankeuteen. Hovioikeus luki&hellip;\n","protected":false},"author":2,"featured_media":337789,"comment_status":"","ping_status":"","sticky":false,"template":"","format":"standard","meta":{"footnotes":"","_share_on_mastodon":"0"},"categories":[14],"tags":[22,23,26,27,33,31,30,17,8792,405,104,53,24,25,28,29,15,18,21,1726,32,19,20,21377,56,16,8170,59,60,61],"class_list":["post-337788","post","type-post","status-publish","format-standard","has-post-thumbnail","category-ulkomaat","tag-breaking-news","tag-breakingnews","tag-featured-news","tag-featurednews","tag-fi","tag-finland","tag-finnish","tag-headlines","tag-helsingin-hovioikeus","tag-helsingin-seutukunta","tag-helsinki","tag-laki-oikeus-ja-rikos","tag-latest-news","tag-latestnews","tag-main-news","tag-mainnews","tag-news","tag-otsikot","tag-paauutiset","tag-rangaistukset","tag-suomi","tag-top-stories","tag-topstories","tag-ukrainan-kriisi","tag-ulkomaat","tag-uutiset","tag-vankeus","tag-world","tag-world-news","tag-worldnews"],"share_on_mastodon":{"url":"https:\/\/pubeurope.com\/@fi\/117189087385240149","error":""},"_links":{"self":[{"href":"https:\/\/www.europesays.com\/fi\/wp-json\/wp\/v2\/posts\/337788","targetHints":{"allow":["GET"]}}],"collection":[{"href":"https:\/\/www.europesays.com\/fi\/wp-json\/wp\/v2\/posts"}],"about":[{"href":"https:\/\/www.europesays.com\/fi\/wp-json\/wp\/v2\/types\/post"}],"author":[{"embeddable":true,"href":"https:\/\/www.europesays.com\/fi\/wp-json\/wp\/v2\/users\/2"}],"replies":[{"embeddable":true,"href":"https:\/\/www.europesays.com\/fi\/wp-json\/wp\/v2\/comments?post=337788"}],"version-history":[{"count":0,"href":"https:\/\/www.europesays.com\/fi\/wp-json\/wp\/v2\/posts\/337788\/revisions"}],"wp:featuredmedia":[{"embeddable":true,"href":"https:\/\/www.europesays.com\/fi\/wp-json\/wp\/v2\/media\/337789"}],"wp:attachment":[{"href":"https:\/\/www.europesays.com\/fi\/wp-json\/wp\/v2\/media?parent=337788"}],"wp:term":[{"taxonomy":"category","embeddable":true,"href":"https:\/\/www.europesays.com\/fi\/wp-json\/wp\/v2\/categories?post=337788"},{"taxonomy":"post_tag","embeddable":true,"href":"https:\/\/www.europesays.com\/fi\/wp-json\/wp\/v2\/tags?post=337788"}],"curies":[{"name":"wp","href":"https:\/\/api.w.org\/{rel}","templated":true}]}}