{"id":337792,"date":"2026-08-31T08:06:20","date_gmt":"2026-08-31T08:06:20","guid":{"rendered":"https:\/\/www.europesays.com\/fi\/337792\/"},"modified":"2026-08-31T08:06:20","modified_gmt":"2026-08-31T08:06:20","slug":"hovioikeus-tuomitsi-voislav-tordenin-sotarikoksista-yli-12-vuoden-vankeusrangaistukseen-kotimaa","status":"publish","type":"post","link":"https:\/\/www.europesays.com\/fi\/337792\/","title":{"rendered":"Hovioikeus tuomitsi Voislav Tordenin sotarikoksista yli 12 vuoden vankeusrangaistukseen | Kotimaa"},"content":{"rendered":"<p class=\"aw__sc-1qwuw0s-0 aw__sc-1vg2sqm-0 epAWpq ecELkD yle__article__paragraph\">Viime vuonna k\u00e4r\u00e4j\u00e4oikeus tuomitsi ven\u00e4l\u00e4isen Voislav Tordenin elinkautiseen vankeusrangaistukseen Ukrainassa tehdyist\u00e4 sotarikoksista.<\/p>\n<p><img decoding=\"async\" alt=\"-\" src=\"https:\/\/www.europesays.com\/fi\/wp-content\/uploads\/2026\/08\/1788163580_897_1770630798.jpeg\" class=\"aw__sc-dklauk-0 LPzKX\"\/><\/p>\n<p>Avaa kuvien katselu<\/p>\n<p>Media seurasi oikeudenk\u00e4ynti\u00e4 toisessa salissa, joten Voislav Torden kuvattiin ruudun v\u00e4lityksell\u00e4 Helsingin hovioikeudessa 9. helmikuuta 2026. Kuva: Mikko Koski \/ Yle<\/p>\n<p>10:05\u2022P\u00e4ivitetty 10:46<\/p>\n<p class=\"aw__sc-1qwuw0s-0 aw__sc-ngllmo-0 epAWpq fzYpjk yle__article__paragraph\">Helsingin hovioikeus on antanut ratkaisunsa ven\u00e4l\u00e4isen <strong class=\"aw__sc-ngllmo-2 gdRrun yle__article__strong\">Voislav Tordenin<\/strong> sotarikosjutussa.<\/p>\n<p class=\"aw__sc-1qwuw0s-0 aw__sc-ngllmo-0 epAWpq fzYpjk yle__article__paragraph\">Hovioikeus tuomitsi Voislav Tordenin kolmesta sotarikoksesta 12 ja puolen vuoden vankeusrangaistukseen<\/p>\n<p class=\"aw__sc-1qwuw0s-0 aw__sc-ngllmo-0 epAWpq fzYpjk yle__article__paragraph\">Viime vuoden maaliskuussa <a class=\"aw__sc-ngllmo-1 bTDnwX yle__article__link\" href=\"https:\/\/yle.fi\/a\/74-20141064\" role=\"link\" rel=\"nofollow noopener\" target=\"_blank\">Helsingin k\u00e4r\u00e4j\u00e4oikeus<\/a> tuomitsi Voislav Tordenin elinkautiseen vankeusrangaistukseen nelj\u00e4st\u00e4 Ukrainassa vuonna 2014 v\u00e4ijytyksen yhteydess\u00e4 tehdyst\u00e4 sotarikoksesta. K\u00e4r\u00e4j\u00e4oikeuden mukaan vakavin rikos oli ukrainalaisen sotilaan surmaaminen.<\/p>\n<p class=\"aw__sc-1qwuw0s-0 aw__sc-ngllmo-0 epAWpq fzYpjk yle__article__paragraph\">Torden vaati hovioikeudessa, ett\u00e4 syyte hyl\u00e4t\u00e4\u00e4n tai joka tapauksessa rangaistusta alennetaan.<\/p>\n<p>Hovioikeus: Torden\u00edlla ei esimiesvastuuta<\/p>\n<p class=\"aw__sc-1qwuw0s-0 aw__sc-ngllmo-0 epAWpq fzYpjk yle__article__paragraph\">Yhteenotossa oli kysymys Ukranan lippua v\u00e4\u00e4rink\u00e4ytt\u00e4en 5. syyskuuta 2014 toteutetusta v\u00e4ijytyksest\u00e4, johon Rusit\u0161&#8211;ryhm\u00e4 on osallistunut osana Betmen-pataljoonaa ja muita ryhmi\u00e4.<\/p>\n<p class=\"aw__sc-1qwuw0s-0 aw__sc-ngllmo-0 epAWpq fzYpjk yle__article__paragraph\">Aidar-pataljoonaan kohdistettu v\u00e4ilytys johti 22 ukrainalaissotilaan menehtymiseen ja nelj\u00e4n sotilaan haavoittumiseen.<\/p>\n<p class=\"aw__sc-1qwuw0s-0 aw__sc-ngllmo-0 epAWpq fzYpjk yle__article__paragraph\">Hovioikeus katsoi, ett\u00e4 ainakin nelj\u00e4 surmatuista oli haavoittuneita.<\/p>\n<p class=\"aw__sc-1qwuw0s-0 aw__sc-ngllmo-0 epAWpq fzYpjk yle__article__paragraph\">Hovioikeus katsoi, ett\u00e4 Torden toimi Rusitsh-ryhm\u00e4n apulaisp\u00e4\u00e4llikk\u00f6n\u00e4 ja ett\u00e4 ryhm\u00e4\u00e4n on kuulunut p\u00e4\u00e4llik\u00f6n ja apulaisp\u00e4\u00e4llik\u00f6n lis\u00e4ksi ainakin kaksi j\u00e4sent\u00e4,<\/p>\n<p class=\"aw__sc-1qwuw0s-0 aw__sc-ngllmo-0 epAWpq fzYpjk yle__article__paragraph\">Hovioikeus katsoi, ett\u00e4 Torden oli v\u00e4ijytyksess\u00e4 ampunut kevyell\u00e4 konekiv\u00e4\u00e4rill\u00e4 kohti ukrainalaisia sotilaita ja syyllistynyt sotarikokseen.<\/p>\n<p class=\"aw__sc-1qwuw0s-0 aw__sc-ngllmo-0 epAWpq fzYpjk yle__article__paragraph\">Hovioikeuden mukaan asiassa ei kuitenkaan ole esitetty riitt\u00e4v\u00e4\u00e4 n\u00e4ytt\u00f6\u00e4 siit\u00e4, ett\u00e4 Torden olisi itse ampunut tai ett\u00e4 Rusit\u0161&#8211;ryhm\u00e4n kaksi muuta j\u00e4sent\u00e4 olisivat ampuneet haavoittuneita sotilaita.<\/p>\n<p class=\"aw__sc-1qwuw0s-0 aw__sc-ngllmo-0 epAWpq fzYpjk yle__article__paragraph\">Hovioikeuden mukaan Torden ei siten ollut henkil\u00f6kohtaisesti eik\u00e4 esimiehen\u00e4 vastuussa haavoittuneiden ukrainalaissotilaiden ampumisesta. Hovioikeus hylk\u00e4si syytteen t\u00e4lt\u00e4 osin.<\/p>\n<p class=\"aw__sc-1qwuw0s-0 aw__sc-ngllmo-0 epAWpq fzYpjk yle__article__paragraph\">Hovioikeus kuitenkin katsoi, ett\u00e4 osallistuessaan muiden joukkojen kanssa yhdess\u00e4 tekem\u00e4\u00e4ns\u00e4 tekoon, Torden on ollut osaltaan vastuussa sotilaiden surmaamisesta ja haavoittamisesta.<\/p>\n<p class=\"aw__sc-1qwuw0s-0 aw__sc-ngllmo-0 epAWpq fzYpjk yle__article__paragraph\">Torden kiisti oikeudessa osallistuneensa v\u00e4iytykseen.<\/p>\n<p class=\"aw__sc-1qwuw0s-0 aw__sc-ngllmo-0 epAWpq fzYpjk yle__article__paragraph\">Uutinen p\u00e4ivittyy.<\/p>\n<p class=\"aw__sc-1qwuw0s-0 aw__sc-ngllmo-0 epAWpq fzYpjk yle__article__paragraph\"><strong class=\"aw__sc-ngllmo-2 gdRrun yle__article__strong\">Poliisin esitutkintamateriaalista koottu video n\u00e4ytt\u00e4\u00e4 poliisin mukaan Voislav Tordenin haastatteluita alkuper\u00e4isl\u00e4hteist\u00e4:<\/strong><\/p>\n<p>K\u00e4r\u00e4j\u00e4oikeus: Torden oli vastuussa sotilaan kuolemasta<\/p>\n<p class=\"aw__sc-1qwuw0s-0 aw__sc-ngllmo-0 epAWpq fzYpjk yle__article__paragraph\">Aiemmin Helsingin k\u00e4r\u00e4j\u00e4oikeus <a class=\"aw__sc-ngllmo-1 bTDnwX yle__article__link\" href=\"https:\/\/yle.fi\/a\/74-20141064\" role=\"link\" rel=\"nofollow noopener\" target=\"_blank\">katsoi<\/a>, ett\u00e4 Torden toimi apulaisp\u00e4\u00e4llikk\u00f6n\u00e4 Rusit\u0161-nimisess\u00e4 puolisotilaallisessa ryhm\u00e4ss\u00e4, joka osallistui aseelliseen hy\u00f6kk\u00e4ykseen Ukrainan asevoimien sotilaita vastaan Luhanskin alueella sijaitsevalla tarkastuspisteell\u00e4.<\/p>\n<p class=\"aw__sc-1qwuw0s-0 aw__sc-ngllmo-0 epAWpq fzYpjk yle__article__paragraph\">H\u00e4n k\u00e4ytti tapahtumien aikaan nime\u00e4 <strong class=\"aw__sc-ngllmo-2 gdRrun yle__article__strong\">Jan Petrovski<\/strong>.<\/p>\n<p class=\"aw__sc-1qwuw0s-0 aw__sc-ngllmo-0 epAWpq fzYpjk yle__article__paragraph\">Vaikka k\u00e4r\u00e4j\u00e4tuomiossa Tordenin ei itse katsottu ampuneen sotilaita, h\u00e4nt\u00e4 pidettiin esimiesasemansa vuoksi vastuullisena yhden sotilaan kuolemaan riippumatta siit\u00e4, oliko juuri h\u00e4n tai joku muu ryhm\u00e4n j\u00e4senist\u00e4 surmannut miehen.<\/p>\n<p class=\"aw__sc-1qwuw0s-0 aw__sc-ngllmo-0 epAWpq fzYpjk yle__article__paragraph\">V\u00e4ijytyksess\u00e4 haavoittuneen sotilaan ampuminen oli k\u00e4r\u00e4j\u00e4oikeuden mukaan niin raaka ja julma, ett\u00e4 teko on rinnastettavissa murhaan.<\/p>\n<p class=\"aw__sc-1qwuw0s-0 aw__sc-ngllmo-0 epAWpq fzYpjk yle__article__paragraph\">Voislav Torden on <a class=\"aw__sc-ngllmo-1 bTDnwX yle__article__link\" href=\"https:\/\/yle.fi\/a\/74-20138021\" role=\"link\" rel=\"nofollow noopener\" target=\"_blank\">kaiken aikaa kiist\u00e4nyt<\/a> syyllistyneens\u00e4 sotarikoksiin ja toimineensa ryhm\u00e4n apulaisp\u00e4\u00e4llikk\u00f6n\u00e4. Tordenin mukaan h\u00e4nen teht\u00e4v\u00e4n\u00e4\u00e4n ei ollut osallistua taisteluun vaan tehd\u00e4 propaganda- ja rekrytointivideoita tv-toimittajan kanssa.<\/p>\n<p class=\"aw__sc-1qwuw0s-0 aw__sc-ngllmo-0 epAWpq fzYpjk yle__article__paragraph\">\u2013 En osallistunut taisteluun. Min\u00e4 en ampunut yht\u00e4\u00e4n laukausta, h\u00e4n lausui k\u00e4r\u00e4jill\u00e4.<\/p>\n<p class=\"aw__sc-1qwuw0s-0 aw__sc-ngllmo-0 epAWpq fzYpjk yle__article__paragraph\">Oikeudenk\u00e4ynti j\u00e4rjestettiin Suomessa, sill\u00e4 ven\u00e4l\u00e4inen Torden j\u00e4i kiinni t\u00e4\u00e4ll\u00e4 <a class=\"aw__sc-ngllmo-1 bTDnwX yle__article__link\" href=\"https:\/\/yle.fi\/a\/74-20047280\" role=\"link\" rel=\"nofollow noopener\" target=\"_blank\">elokuussa 2023<\/a>.<\/p>\n","protected":false},"excerpt":{"rendered":"Viime vuonna k\u00e4r\u00e4j\u00e4oikeus tuomitsi ven\u00e4l\u00e4isen Voislav Tordenin elinkautiseen vankeusrangaistukseen Ukrainassa tehdyist\u00e4 sotarikoksista. Avaa kuvien katselu Media seurasi oikeudenk\u00e4ynti\u00e4&hellip;\n","protected":false},"author":2,"featured_media":337793,"comment_status":"","ping_status":"","sticky":false,"template":"","format":"standard","meta":{"footnotes":"","_share_on_mastodon":"0"},"categories":[5],"tags":[22,23,16920,26,27,33,31,30,17,8792,5990,104,18744,41793,71,24,25,28,29,15,2098,18,21,581,4716,32,19,20,1727,1303,549,56,1168,16],"class_list":["post-337792","post","type-post","status-publish","format-standard","has-post-thumbnail","category-otsikot","tag-breaking-news","tag-breakingnews","tag-elinkautinen-vankeus","tag-featured-news","tag-featurednews","tag-fi","tag-finland","tag-finnish","tag-headlines","tag-helsingin-hovioikeus","tag-helsingin-karajaoikeus","tag-helsinki","tag-ita-ukraina","tag-jan-petrovski","tag-kotimaa","tag-latest-news","tag-latestnews","tag-main-news","tag-mainnews","tag-news","tag-oikeudenkaynnit","tag-otsikot","tag-paauutiset","tag-rikokset","tag-sotarikokset","tag-suomi","tag-top-stories","tag-topstories","tag-tuomiot","tag-ukraina","tag-ukrainan-sota","tag-ulkomaat","tag-uusimaa","tag-uutiset"],"share_on_mastodon":{"url":"","error":"Validation failed: Text character limit of 500 exceeded"},"_links":{"self":[{"href":"https:\/\/www.europesays.com\/fi\/wp-json\/wp\/v2\/posts\/337792","targetHints":{"allow":["GET"]}}],"collection":[{"href":"https:\/\/www.europesays.com\/fi\/wp-json\/wp\/v2\/posts"}],"about":[{"href":"https:\/\/www.europesays.com\/fi\/wp-json\/wp\/v2\/types\/post"}],"author":[{"embeddable":true,"href":"https:\/\/www.europesays.com\/fi\/wp-json\/wp\/v2\/users\/2"}],"replies":[{"embeddable":true,"href":"https:\/\/www.europesays.com\/fi\/wp-json\/wp\/v2\/comments?post=337792"}],"version-history":[{"count":0,"href":"https:\/\/www.europesays.com\/fi\/wp-json\/wp\/v2\/posts\/337792\/revisions"}],"wp:featuredmedia":[{"embeddable":true,"href":"https:\/\/www.europesays.com\/fi\/wp-json\/wp\/v2\/media\/337793"}],"wp:attachment":[{"href":"https:\/\/www.europesays.com\/fi\/wp-json\/wp\/v2\/media?parent=337792"}],"wp:term":[{"taxonomy":"category","embeddable":true,"href":"https:\/\/www.europesays.com\/fi\/wp-json\/wp\/v2\/categories?post=337792"},{"taxonomy":"post_tag","embeddable":true,"href":"https:\/\/www.europesays.com\/fi\/wp-json\/wp\/v2\/tags?post=337792"}],"curies":[{"name":"wp","href":"https:\/\/api.w.org\/{rel}","templated":true}]}}