{"id":337798,"date":"2026-08-31T08:28:16","date_gmt":"2026-08-31T08:28:16","guid":{"rendered":"https:\/\/www.europesays.com\/fi\/337798\/"},"modified":"2026-08-31T08:28:16","modified_gmt":"2026-08-31T08:28:16","slug":"uhanalaisten-lintujen-elinoloja-parannetaan-tampereen-nuorajarvella-luvassa-ruoppausta-ja-pesimasaarekkeita-pirkanmaa","status":"publish","type":"post","link":"https:\/\/www.europesays.com\/fi\/337798\/","title":{"rendered":"Uhanalaisten lintujen elinoloja parannetaan Tampereen Nuoraj\u00e4rvell\u00e4 \u2013 luvassa ruoppausta ja pesim\u00e4\u00adsaarekkeita | Pirkanmaa"},"content":{"rendered":"<p class=\"aw__sc-1qwuw0s-0 aw__sc-1vg2sqm-0 epAWpq ecELkD yle__article__paragraph\">Nuoraj\u00e4rven kunnostustarve on arvioitu kiireelliseksi lintulajien s\u00e4ilymisen kannalta.<\/p>\n<p><img decoding=\"async\" alt=\"Laaja lintuvesialue, jonka keskell\u00e4 ja oikeassa reunassa on vesialueita, taustalla mets\u00e4\u00e4 ja pilvinen taivas.\" src=\"https:\/\/www.europesays.com\/fi\/wp-content\/uploads\/2026\/08\/1787832391.jpeg\" class=\"aw__sc-dklauk-0 LPzKX\"\/><\/p>\n<p>Avaa kuvien katselu<\/p>\n<p>Nuoraj\u00e4rven kunnostustoimet alkavat syyskuun alussa. Avovesialuetta ruopataan lis\u00e4\u00e4 varsinkin kuvassa n\u00e4kyvien kahden vesialtaan v\u00e4liin. Kuva: Sis\u00e4-Suomen elinvoimakeskus<\/p>\n<p class=\"aw__sc-1qwuw0s-0 aw__sc-ngllmo-0 epAWpq fzYpjk yle__article__paragraph\">Tampereen Teiskossa sijaitsevalla Nuoraj\u00e4rvell\u00e4 aloitetaan syyskuussa lintuvesikunnostus.<\/p>\n<p class=\"aw__sc-1qwuw0s-0 aw__sc-ngllmo-0 epAWpq fzYpjk yle__article__paragraph\">Kunnostusty\u00f6t valmistuvat viimeist\u00e4\u00e4n ensi vuoden maaliskuun loppuun menness\u00e4, kertoo Sis\u00e4-Suomen elinvoimakeskus tiedotteessaan.<\/p>\n<p class=\"aw__sc-1qwuw0s-0 aw__sc-ngllmo-0 epAWpq fzYpjk yle__article__paragraph\">Nuoraj\u00e4rven lintuvesikunnostuksessa avovesialuetta lis\u00e4t\u00e4\u00e4n ruoppaamalla. Avovesialuetta kasvatetaan noin 1,7 hehtaaria.<\/p>\n<p class=\"aw__sc-1qwuw0s-0 aw__sc-ngllmo-0 epAWpq fzYpjk yle__article__paragraph\">Avovesialueen lis\u00e4\u00e4minen kasvattaa vesilinnuille sopivan pesim\u00e4- ja ruokailuymp\u00e4rist\u00f6n pinta-alaa.<\/p>\n<p class=\"aw__sc-1qwuw0s-0 aw__sc-ngllmo-0 epAWpq fzYpjk yle__article__paragraph\">Lis\u00e4ksi alueelle rakennetaan erikokoisia ja -muotoisia pesim\u00e4saarekkeita vesilinnuille. Uusien vesialueiden v\u00e4liin j\u00e4\u00e4v\u00e4t saarekkeet tarjoavat suojaisia pesim\u00e4- ja ruokailupaikkoja usealle lajille.<\/p>\n<p class=\"aw__sc-1qwuw0s-0 aw__sc-ngllmo-0 epAWpq fzYpjk yle__article__paragraph\">Suunnitelmalle on vesilain mukainen lupa ja suostumus maanomistajilta.<\/p>\n<p class=\"aw__sc-1qwuw0s-0 aw__sc-ngllmo-0 epAWpq fzYpjk yle__article__paragraph\">Nuoraj\u00e4rvi on Natura 2000 -alueisiin kuuluva valtakunnallisesti arvokas lintuvesi ja suojeltu lintudirektiivin perusteella.<\/p>\n<p class=\"aw__sc-1qwuw0s-0 aw__sc-ngllmo-0 epAWpq fzYpjk yle__article__paragraph\">Vesien kunnostukseen kuuluu ruoppauksen lis\u00e4ksi ruoppausmassojen kaivua, kuljetusta ja l\u00e4jityst\u00e4 Natura 2000 -alueen ulkopuolisille pelloille.<\/p>\n<p>Linnusto taantunut, kunnostustarve kiireellinen<\/p>\n<p class=\"aw__sc-1qwuw0s-0 aw__sc-ngllmo-0 epAWpq fzYpjk yle__article__paragraph\">Peltomaiden ymp\u00e4r\u00f6im\u00e4ss\u00e4 Nuoraj\u00e4rvess\u00e4 on avovett\u00e4 noin yhdeks\u00e4n hehtaaria kahdessa altaassa, jotka ovat kooltaan yksi ja kahdeksan hehtaaria.<\/p>\n<p class=\"aw__sc-1qwuw0s-0 aw__sc-ngllmo-0 epAWpq fzYpjk yle__article__paragraph\">Elinvoimakeskuksen mukaan j\u00e4rvi on linnuille t\u00e4rke\u00e4 pesim\u00e4ymp\u00e4rist\u00f6 ja muuttoaikainen lev\u00e4hdyspaikka.<\/p>\n<p class=\"aw__sc-1qwuw0s-0 aw__sc-ngllmo-0 epAWpq fzYpjk yle__article__paragraph\">Nuoraj\u00e4rvell\u00e4 on pesinyt ja tavattu useita uhanalaisia lajeja, kuten \u00e4\u00e4rimm\u00e4isen uhanalainen punasotka ja eritt\u00e4in uhanalainen mustakurkku-uikku.<\/p>\n<p class=\"aw__sc-1qwuw0s-0 aw__sc-ngllmo-0 epAWpq fzYpjk yle__article__paragraph\">J\u00e4rven vesilinnusto on kuitenkin taantunut 2000-luvun puolella esimerkiksi runsastuneen pienpetokannan takia.<\/p>\n<p class=\"aw__sc-1qwuw0s-0 aw__sc-ngllmo-0 epAWpq fzYpjk yle__article__paragraph\">Sis\u00e4-Suomen elinvoimakeskus kertoo tiedotteessaan, ett\u00e4 Nuoraj\u00e4rven kunnostustarve on arvioitu kiireelliseksi lintudirektiivin lajien s\u00e4ilymisen kannalta.<\/p>\n<p class=\"aw__sc-1qwuw0s-0 aw__sc-ngllmo-0 epAWpq fzYpjk yle__article__paragraph\">Nuoraj\u00e4rven kunnostukset ovat osa Priodiversity Life -hanketta ja Helmi-elinymp\u00e4rist\u00f6ohjelmaa, joiden tavoitteena on Suomen luonnon monimuotoisuuden vahvistaminen.<\/p>\n","protected":false},"excerpt":{"rendered":"Nuoraj\u00e4rven kunnostustarve on arvioitu kiireelliseksi lintulajien s\u00e4ilymisen kannalta. Avaa kuvien katselu Nuoraj\u00e4rven kunnostustoimet alkavat syyskuun alussa. Avovesialuetta ruopataan&hellip;\n","protected":false},"author":2,"featured_media":337799,"comment_status":"","ping_status":"","sticky":false,"template":"","format":"standard","meta":{"footnotes":"","_share_on_mastodon":"0"},"categories":[112],"tags":[33,31,30,6012,961,553,118,32,551,21959,119],"class_list":["post-337798","post","type-post","status-publish","format-standard","has-post-thumbnail","category-tiede","tag-fi","tag-finland","tag-finnish","tag-jarvet","tag-luonnonsuojelu","tag-pirkanmaa","tag-science","tag-suomi","tag-tampere","tag-teisko","tag-tiede"],"share_on_mastodon":{"url":"https:\/\/pubeurope.com\/@fi\/117189182457016096","error":""},"_links":{"self":[{"href":"https:\/\/www.europesays.com\/fi\/wp-json\/wp\/v2\/posts\/337798","targetHints":{"allow":["GET"]}}],"collection":[{"href":"https:\/\/www.europesays.com\/fi\/wp-json\/wp\/v2\/posts"}],"about":[{"href":"https:\/\/www.europesays.com\/fi\/wp-json\/wp\/v2\/types\/post"}],"author":[{"embeddable":true,"href":"https:\/\/www.europesays.com\/fi\/wp-json\/wp\/v2\/users\/2"}],"replies":[{"embeddable":true,"href":"https:\/\/www.europesays.com\/fi\/wp-json\/wp\/v2\/comments?post=337798"}],"version-history":[{"count":0,"href":"https:\/\/www.europesays.com\/fi\/wp-json\/wp\/v2\/posts\/337798\/revisions"}],"wp:featuredmedia":[{"embeddable":true,"href":"https:\/\/www.europesays.com\/fi\/wp-json\/wp\/v2\/media\/337799"}],"wp:attachment":[{"href":"https:\/\/www.europesays.com\/fi\/wp-json\/wp\/v2\/media?parent=337798"}],"wp:term":[{"taxonomy":"category","embeddable":true,"href":"https:\/\/www.europesays.com\/fi\/wp-json\/wp\/v2\/categories?post=337798"},{"taxonomy":"post_tag","embeddable":true,"href":"https:\/\/www.europesays.com\/fi\/wp-json\/wp\/v2\/tags?post=337798"}],"curies":[{"name":"wp","href":"https:\/\/api.w.org\/{rel}","templated":true}]}}