{"id":337808,"date":"2026-08-31T08:34:21","date_gmt":"2026-08-31T08:34:21","guid":{"rendered":"https:\/\/www.europesays.com\/fi\/337808\/"},"modified":"2026-08-31T08:34:21","modified_gmt":"2026-08-31T08:34:21","slug":"ennallistamisen-uudet-kasvot-juominginojan-ennallistamishankkeen-tulokset-ovat-jo-nakyvissa","status":"publish","type":"post","link":"https:\/\/www.europesays.com\/fi\/337808\/","title":{"rendered":"Ennallistamisen uudet kasvot \u2013 Juominginojan ennallistamishankkeen tulokset ovat jo n\u00e4kyviss\u00e4"},"content":{"rendered":"<p>    <img decoding=\"async\" class=\"responsive-image article__opinion-image-image lozad\"   src=\"https:\/\/www.europesays.com\/fi\/wp-content\/uploads\/2026\/08\/ZRKbOKPerVYgsj6C_mz1pgu6En5Qos1GQNKq4VvSC8LmfHY9KQe7Kc_vqxWRZ0GhYrjnVqZpfY7NkhK52BhlhFTSgQpOvQj61NrE.jpeg\" alt=\"Juominginojan ennallistamishanke on viimeist\u00e4 silausta vaille, mutta tulokset ovat jo n\u00e4kyviss\u00e4.\"\/><\/p>\n<p>\n                Juominginojan ennallistamishanke on viimeist\u00e4 silausta vaille, mutta tulokset ovat jo n\u00e4kyviss\u00e4.\n              <\/p>\n<p>\n                Kuva: Eero Niemi\n              <\/p>\n<p class=\"article__opinion-first-paragraph\">\n      Juominginojan &#8221;ennallistamishankkeesta&#8221; k\u00e4ytimme nimityst\u00e4 luonnonhoito Mets\u00e4hallituksen k\u00e4yt\u00e4nn\u00f6n mukaisesti.<\/p>\n<p>    Tutustu, voit peruuttaa tilauksen koska tahansa.<\/p>\n<p>Tilauksella p\u00e4\u00e4set lukemaan rajoituksetta t\u00e4m\u00e4n ja muita kiinnostavia artikkeleita<\/p>\n<p>      <img class=\"paywall__channel-logo\"\/>       <\/p>\n<p class=\"a-paragraph__2 paywall__cta-login--container\">\n        Oletko jo tilaaja?<br \/>\n        <a class=\"paywall__cta-login js-login-link js-parent-frame-link\" href=\"https:\/\/www.iijokiseutu.fi\/kirjaudu\/\" rel=\"nofollow noopener\" target=\"_blank\">Kirjaudu sis\u00e4\u00e4n.<\/a>\n      <\/p>\n","protected":false},"excerpt":{"rendered":"Juominginojan ennallistamishanke on viimeist\u00e4 silausta vaille, mutta tulokset ovat jo n\u00e4kyviss\u00e4. Kuva: Eero Niemi Juominginojan &#8221;ennallistamishankkeesta&#8221; k\u00e4ytimme nimityst\u00e4&hellip;\n","protected":false},"author":2,"featured_media":337809,"comment_status":"","ping_status":"","sticky":false,"template":"","format":"standard","meta":{"footnotes":"","_share_on_mastodon":"0"},"categories":[117],"tags":[33,31,30,72,476,118,32,119,477],"class_list":["post-337808","post","type-post","status-publish","format-standard","has-post-thumbnail","category-luonto","tag-fi","tag-finland","tag-finnish","tag-luonto","tag-nature","tag-science","tag-suomi","tag-tiede","tag-wildlife"],"share_on_mastodon":{"url":"https:\/\/pubeurope.com\/@fi\/117189205976331106","error":""},"_links":{"self":[{"href":"https:\/\/www.europesays.com\/fi\/wp-json\/wp\/v2\/posts\/337808","targetHints":{"allow":["GET"]}}],"collection":[{"href":"https:\/\/www.europesays.com\/fi\/wp-json\/wp\/v2\/posts"}],"about":[{"href":"https:\/\/www.europesays.com\/fi\/wp-json\/wp\/v2\/types\/post"}],"author":[{"embeddable":true,"href":"https:\/\/www.europesays.com\/fi\/wp-json\/wp\/v2\/users\/2"}],"replies":[{"embeddable":true,"href":"https:\/\/www.europesays.com\/fi\/wp-json\/wp\/v2\/comments?post=337808"}],"version-history":[{"count":0,"href":"https:\/\/www.europesays.com\/fi\/wp-json\/wp\/v2\/posts\/337808\/revisions"}],"wp:featuredmedia":[{"embeddable":true,"href":"https:\/\/www.europesays.com\/fi\/wp-json\/wp\/v2\/media\/337809"}],"wp:attachment":[{"href":"https:\/\/www.europesays.com\/fi\/wp-json\/wp\/v2\/media?parent=337808"}],"wp:term":[{"taxonomy":"category","embeddable":true,"href":"https:\/\/www.europesays.com\/fi\/wp-json\/wp\/v2\/categories?post=337808"},{"taxonomy":"post_tag","embeddable":true,"href":"https:\/\/www.europesays.com\/fi\/wp-json\/wp\/v2\/tags?post=337808"}],"curies":[{"name":"wp","href":"https:\/\/api.w.org\/{rel}","templated":true}]}}