{"id":337888,"date":"2026-08-31T10:48:16","date_gmt":"2026-08-31T10:48:16","guid":{"rendered":"https:\/\/www.europesays.com\/fi\/337888\/"},"modified":"2026-08-31T10:48:16","modified_gmt":"2026-08-31T10:48:16","slug":"tahdet-ja-avaruus-linnunradan-pimean-aineen-kartoittaminen-osoittautui-luultua-hankalammaksi","status":"publish","type":"post","link":"https:\/\/www.europesays.com\/fi\/337888\/","title":{"rendered":"T\u00e4hdet ja avaruus: Linnunradan pime\u00e4n aineen kartoittaminen osoittautui luultua hankalammaksi"},"content":{"rendered":"<p>Kotigalaksimme massasta noin 90 prosenttia on pime\u00e4\u00e4 ainetta, jonka olemusta emme tunne. Uusi tutkimus paljastaa, ett\u00e4 Linnunrataa ymp\u00e4r\u00f6ivien t\u00e4htivanojen hy\u00f6dynt\u00e4minen sen kartoitukseen on vaikeaa.&#13;<\/p>\n<p class=\"bodytext\">Linnunradan kiekon ymp\u00e4rilt\u00e4 tunnetaan lukuisia t\u00e4htivanoja, jotka kiert\u00e4v\u00e4t galaksiamme painovoiman sitomina. T\u00e4htivanojen arvioidaan syntyneen, kun t\u00e4htien ryhmi\u00e4 osuu galaksiin ja j\u00e4\u00e4 sen painovoiman vangiksi. T\u00e4htien ryhm\u00e4 venyy v\u00e4hitellen vanaksi.\n<\/p>\n<p>Suurin osa tunnetuista t\u00e4htivanoista on muodoltaan jonkin verran ep\u00e4s\u00e4\u00e4nn\u00f6llisi\u00e4. Tutkijat ovat toivoneet, ett\u00e4 ep\u00e4s\u00e4\u00e4nn\u00f6llisten muotojen analyysi antaisi todistusaineistoa galaksimme sis\u00e4lt\u00e4m\u00e4n pime\u00e4n aineen keskittymist\u00e4.\n<\/p>\n<p>Vaikutusta testattiin simulaatiolla, jossa Linnunradan kokoisen galaksin aine aseteltiin melko tasaisesti, mutta mukana oli t\u00e4htien jakaumaa vastaavia pieni\u00e4 vaihteluita. T\u00e4htivanoja lis\u00e4ttiin galaksin kiertoradalle 15 000 kappaletta ja simulaatiota ajettiin viiden miljardin vuoden edest\u00e4.\n<\/p>\n<p>Tutkijaryhm\u00e4 odotti, ett\u00e4 galaksi aiheuttaisi t\u00e4htivanoihinsa jonkin verran ep\u00e4s\u00e4\u00e4nn\u00f6llisyyksi\u00e4, mutta niiden m\u00e4\u00e4r\u00e4 yll\u00e4tti.\n<\/p>\n<p>\u201dSimulaatioissamme emogalaksit aiheuttivat samantyyppisi\u00e4 ep\u00e4s\u00e4\u00e4nn\u00f6llisyyksi\u00e4 kuin olemme havainneet oikeissakin t\u00e4htivanoissa\u201d, sanoo <strong>Arpit Arora <\/strong>Washingtonin yliopistosta.\n<\/p>\n<p>\u201dL\u00f6yt\u00f6jemme mukaan l\u00e4hes kaikkiin t\u00e4htivanoihin syntyy jonkin verran rakenteellisia muutoksia. T\u00e4m\u00e4 viittaa siihen, ett\u00e4 oletus luonnostaan ohuista ja s\u00e4\u00e4nn\u00f6llisist\u00e4 t\u00e4htivanoista ei vaikuta pit\u00e4v\u00e4n paikkaansa\u201d, Arora toteaa.\n<\/p>\n<p>N\u00e4in ollen Linnunradan sis\u00e4lt\u00e4m\u00e4n pime\u00e4n aineen rakenteesta ei todenn\u00e4k\u00f6isesti pystyt\u00e4 sanomaan paljoakaan t\u00e4htivanojen perusteella. Tulevissa simulaatioissa on tarkoitus verrata jo testattua sile\u00e4\u00e4 massajakaumaa tilanteeseen, jossa galaksissa on pime\u00e4n massan kokkareita.\n<\/p>\n<p>Viime vuonna havaintonsa aloittaneen Vera Rubin -observatorion arvioidaan jatkossa l\u00f6yt\u00e4v\u00e4n runsaasti uusia t\u00e4htivanoja Linnunradasta.\n<\/p>\n<p><a href=\"https:\/\/www.washington.edu\/news\/2026\/08\/27\/stellar-streams-dark-matter-simulation\/\" target=\"_blank\" rel=\"noreferrer nofollow noopener\">Aiheesta lis\u00e4\u00e4 Washingtonin yliopisto<\/a> (englanniksi)<\/p>\n","protected":false},"excerpt":{"rendered":"Kotigalaksimme massasta noin 90 prosenttia on pime\u00e4\u00e4 ainetta, jonka olemusta emme tunne. Uusi tutkimus paljastaa, ett\u00e4 Linnunrataa ymp\u00e4r\u00f6ivien&hellip;\n","protected":false},"author":2,"featured_media":337889,"comment_status":"","ping_status":"","sticky":false,"template":"","format":"standard","meta":{"footnotes":"","_share_on_mastodon":"0"},"categories":[114],"tags":[453,33,31,30,118,452,32,119],"class_list":["post-337888","post","type-post","status-publish","format-standard","has-post-thumbnail","category-avaruus","tag-avaruus","tag-fi","tag-finland","tag-finnish","tag-science","tag-space","tag-suomi","tag-tiede"],"share_on_mastodon":{"url":"https:\/\/pubeurope.com\/@fi\/117189732359492134","error":""},"_links":{"self":[{"href":"https:\/\/www.europesays.com\/fi\/wp-json\/wp\/v2\/posts\/337888","targetHints":{"allow":["GET"]}}],"collection":[{"href":"https:\/\/www.europesays.com\/fi\/wp-json\/wp\/v2\/posts"}],"about":[{"href":"https:\/\/www.europesays.com\/fi\/wp-json\/wp\/v2\/types\/post"}],"author":[{"embeddable":true,"href":"https:\/\/www.europesays.com\/fi\/wp-json\/wp\/v2\/users\/2"}],"replies":[{"embeddable":true,"href":"https:\/\/www.europesays.com\/fi\/wp-json\/wp\/v2\/comments?post=337888"}],"version-history":[{"count":0,"href":"https:\/\/www.europesays.com\/fi\/wp-json\/wp\/v2\/posts\/337888\/revisions"}],"wp:featuredmedia":[{"embeddable":true,"href":"https:\/\/www.europesays.com\/fi\/wp-json\/wp\/v2\/media\/337889"}],"wp:attachment":[{"href":"https:\/\/www.europesays.com\/fi\/wp-json\/wp\/v2\/media?parent=337888"}],"wp:term":[{"taxonomy":"category","embeddable":true,"href":"https:\/\/www.europesays.com\/fi\/wp-json\/wp\/v2\/categories?post=337888"},{"taxonomy":"post_tag","embeddable":true,"href":"https:\/\/www.europesays.com\/fi\/wp-json\/wp\/v2\/tags?post=337888"}],"curies":[{"name":"wp","href":"https:\/\/api.w.org\/{rel}","templated":true}]}}