{"id":337890,"date":"2026-08-31T11:00:12","date_gmt":"2026-08-31T11:00:12","guid":{"rendered":"https:\/\/www.europesays.com\/fi\/337890\/"},"modified":"2026-08-31T11:00:12","modified_gmt":"2026-08-31T11:00:12","slug":"tuska-festivaalin-paaesiintyja-on-judas-priest","status":"publish","type":"post","link":"https:\/\/www.europesays.com\/fi\/337890\/","title":{"rendered":"Tuska-festivaalin p\u00e4\u00e4esiintyj\u00e4 on Judas Priest"},"content":{"rendered":"<p>Kirjoittanut <strong>Arto M\u00e4enp\u00e4\u00e4<\/strong> &#8211; 28.8.2026<\/p>\n<p class=\"wp-block-paragraph\">Heavy metal -legenda <strong><a href=\"https:\/\/kaaoszine.fi\/aiheet\/judas-priest\/\" rel=\"nofollow noopener\" target=\"_blank\">Judas Priest<\/a><\/strong> on vahvistettu ensi kes\u00e4n <strong>Tuska-festivaalin<\/strong> p\u00e4\u00e4esiintyj\u00e4ksi. Samalla festivaali julkisti joukon muita uusia esiintyji\u00e4 vuoden 2027 ohjelmistoonsa. Mukana ovat <strong>The Devil Wears Prada<\/strong>, <strong>Guilt Trip<\/strong>, <strong>Stratovarius<\/strong>, <strong>Danko Jones<\/strong>, <strong>Smash Into Pieces<\/strong> ja <strong>Green Lung<\/strong>.<\/p>\n<p class=\"wp-block-paragraph\">Tuska j\u00e4rjestet\u00e4\u00e4n Helsingin Suvilahdessa 2.\u20134. hein\u00e4kuuta 2027. Festivaalin muut jo aiemmin julkistetut p\u00e4\u00e4esiintyj\u00e4t ovat <strong>Lorna Shore<\/strong> ja <strong>Children Of Bodom<\/strong>.<\/p>\n<p class=\"wp-block-paragraph\">Vuonna 1969 Birminghamissa perustettu <strong>Judas Priest<\/strong> kuuluu heavy metalin historian merkitt\u00e4vimpiin yhtyeisiin. <strong>Rob Halfordin<\/strong> luotsaama kokoonpano on julkaissut yli viisi vuosikymment\u00e4 kest\u00e4neen uransa aikana lukuisia genren klassikoiksi nousseita albumeita, kuten \u201dBritish Steel\u201d, \u201dScreaming For Vengeance\u201d ja \u201dPainkiller\u201d. Yhtyeen tunnetuimpiin kappaleisiin lukeutuvat muun muassa \u201dBreaking The Law\u201d, \u201dLiving After Midnight\u201d ja \u201dYou\u2019ve Got Another Thing Comin\u2019\u201d.<\/p>\n<p>Artikkeli jatkuu mainoksen j\u00e4lkeen<br \/>\nMainos p\u00e4\u00e4ttyy<\/p>\n<p class=\"wp-block-paragraph\">Judas Priestin tuorein studioalbumi on vuonna 2024 ilmestynyt \u201dInvincible Shield\u201d, joka on yhtyeen uran 19. studioalbumi.<\/p>\n<p class=\"wp-block-paragraph\">Uusien julkistusten joukossa on yhdysvaltalainen metalcore-yhtye <strong>The Devil Wears Prada<\/strong> sek\u00e4 Manchesterista l\u00e4ht\u00f6isin oleva hardcore-yhtye <strong>Guilt Trip<\/strong>.<\/p>\n<p class=\"wp-block-paragraph\">Kotimaista metallia edustaa <strong>Stratovarius<\/strong>, joka juhlistaa Tuskassa klassisen \u201dVisions\u201d-albuminsa 30-vuotista taivalta erityisell\u00e4 juhlakonsertilla. Vuonna 1997 ilmestynyt albumi lukeutuu yhtyeen tunnetuimpiin julkaisuihin.<\/p>\n<p>Artikkeli jatkuu mainoksen j\u00e4lkeenMainos p\u00e4\u00e4ttyy<\/p>\n<p class=\"wp-block-paragraph\">Ohjelmistoon liittyv\u00e4t my\u00f6s kanadalainen hard rock -trio <strong>Danko Jones<\/strong>, ruotsalainen modernin rockin yhtye <strong>Smash Into Pieces<\/strong> sek\u00e4 brittil\u00e4inen <strong>Green Lung<\/strong>, jonka musiikissa yhdistyv\u00e4t raskas rock, progressiiviset ja psykedeeliset vaikutteet.<\/p>\n<p>Tuska 2027:n t\u00e4h\u00e4n menness\u00e4 vahvistetut esiintyj\u00e4t:<\/p>\n<p class=\"wp-block-paragraph\"><strong>Judas Priest<\/strong><br \/><strong>Lorna Shore<\/strong><br \/><strong>Children Of Bodom<\/strong><br \/><strong>Heaven Shall Burn<\/strong><br \/><strong>Kanonenfieber<\/strong><br \/><strong>The Devil Wears Prada<\/strong><br \/><strong>Guilt Trip<\/strong><br \/><strong>Stratovarius \u2013 Visions 30th Anniversary Show<\/strong><br \/><strong>Danko Jones<\/strong><br \/><strong>Smash Into Pieces<\/strong><br \/><strong>Green Lung<\/strong><br \/><strong>Fox Lake<\/strong><br \/><strong>Gaerea<\/strong><br \/><strong>Avralize<\/strong><br \/><strong>Sinizter<\/strong><\/p>\n<p class=\"wp-block-paragraph\">Artistien esiintymisp\u00e4iv\u00e4t ilmoitetaan my\u00f6hemmin, ja festivaalin ohjelmistoon on luvassa viel\u00e4 lis\u00e4\u00e4 esiintyji\u00e4.<\/p>\n<p class=\"wp-block-paragraph\">Tuska 2027:n kolmen p\u00e4iv\u00e4n <a href=\"https:\/\/tuska.fi\" rel=\"nofollow noopener\" target=\"_blank\">Early Crow -liput<\/a> ovat t\u00e4ll\u00e4 hetkell\u00e4 myynniss\u00e4 hintaan 249 euroa. Muut lippukategoriat sek\u00e4 VIP-liput tulevat myyntiin my\u00f6hemmin. Festivaalin ik\u00e4raja on 18 vuotta.<\/p>\n<p>Artikkeli jatkuu mainoksen j\u00e4lkeen<\/p>\n<p>Mainos p\u00e4\u00e4ttyy<\/p>\n<p class=\"wp-block-paragraph\"><strong>Tuska 2027<\/strong> j\u00e4rjestet\u00e4\u00e4n Helsingin Suvilahdessa 2.\u20134. hein\u00e4kuuta 2027.<\/p>\n<p><a class=\"gofollow\" data-track=\"MzA0MSw0OSwxLDYw\" href=\"https:\/\/www.livenation.fi\/fear-factory-tickets-adp24854?utm_source=kaaoszine&amp;utm_medium=banner&amp;utm_campaign=kaaoszine27082026&amp;utm_content=fearfactorybanner\" rel=\"nofollow noopener\" target=\"_blank\"><img decoding=\"async\" src=\"https:\/\/www.europesays.com\/fi\/wp-content\/uploads\/2026\/08\/1788174012_790_fearfactory-livenation-980x400-1.jpg\"\/><\/a>          <\/p>\n","protected":false},"excerpt":{"rendered":"Kirjoittanut Arto M\u00e4enp\u00e4\u00e4 &#8211; 28.8.2026 Heavy metal -legenda Judas Priest on vahvistettu ensi kes\u00e4n Tuska-festivaalin p\u00e4\u00e4esiintyj\u00e4ksi. Samalla festivaali&hellip;\n","protected":false},"author":2,"featured_media":337891,"comment_status":"","ping_status":"","sticky":false,"template":"","format":"standard","meta":{"footnotes":"","_share_on_mastodon":"0"},"categories":[132],"tags":[41797,137,33,31,30,37006,41798,19448,195,47,41799,9222,32,31588,13697,109],"class_list":["post-337890","post","type-post","status-publish","format-standard","has-post-thumbnail","category-musiikki","tag-danko-jones","tag-entertainment","tag-fi","tag-finland","tag-finnish","tag-green-lung","tag-guilt-trip","tag-judas-priest","tag-music","tag-musiikki","tag-smash-into-pieces","tag-stratovarius","tag-suomi","tag-the-devil-wears-prada","tag-tuska","tag-viihde"],"share_on_mastodon":{"url":"https:\/\/pubeurope.com\/@fi\/117189780065458501","error":""},"_links":{"self":[{"href":"https:\/\/www.europesays.com\/fi\/wp-json\/wp\/v2\/posts\/337890","targetHints":{"allow":["GET"]}}],"collection":[{"href":"https:\/\/www.europesays.com\/fi\/wp-json\/wp\/v2\/posts"}],"about":[{"href":"https:\/\/www.europesays.com\/fi\/wp-json\/wp\/v2\/types\/post"}],"author":[{"embeddable":true,"href":"https:\/\/www.europesays.com\/fi\/wp-json\/wp\/v2\/users\/2"}],"replies":[{"embeddable":true,"href":"https:\/\/www.europesays.com\/fi\/wp-json\/wp\/v2\/comments?post=337890"}],"version-history":[{"count":0,"href":"https:\/\/www.europesays.com\/fi\/wp-json\/wp\/v2\/posts\/337890\/revisions"}],"wp:featuredmedia":[{"embeddable":true,"href":"https:\/\/www.europesays.com\/fi\/wp-json\/wp\/v2\/media\/337891"}],"wp:attachment":[{"href":"https:\/\/www.europesays.com\/fi\/wp-json\/wp\/v2\/media?parent=337890"}],"wp:term":[{"taxonomy":"category","embeddable":true,"href":"https:\/\/www.europesays.com\/fi\/wp-json\/wp\/v2\/categories?post=337890"},{"taxonomy":"post_tag","embeddable":true,"href":"https:\/\/www.europesays.com\/fi\/wp-json\/wp\/v2\/tags?post=337890"}],"curies":[{"name":"wp","href":"https:\/\/api.w.org\/{rel}","templated":true}]}}