{"id":337904,"date":"2026-08-31T11:14:14","date_gmt":"2026-08-31T11:14:14","guid":{"rendered":"https:\/\/www.europesays.com\/fi\/337904\/"},"modified":"2026-08-31T11:14:14","modified_gmt":"2026-08-31T11:14:14","slug":"tahdet-ja-avaruus-kuin-hubble-steroideilla-nasan-roman-avaruusteleskooppi-paasi-avaruuteen","status":"publish","type":"post","link":"https:\/\/www.europesays.com\/fi\/337904\/","title":{"rendered":"T\u00e4hdet ja avaruus: Kuin Hubble steroideilla \u2013 Nasan Roman-avaruusteleskooppi p\u00e4\u00e4si avaruuteen"},"content":{"rendered":"<p>Falcon Heavy -kantoraketti kiid\u00e4tti Nasan uuden avaruusteleskoopin onnistuneesti avaruuteen sunnuntaina iltap\u00e4iv\u00e4ll\u00e4. Roman-avaruusteleskoopilta odotetaan runsaasti l\u00f6yt\u00f6j\u00e4 ja upeita kuvia.&#13;<\/p>\n<p class=\"bodytext\">Nasan ensimm\u00e4isen tiedejohtajan mukaan nimetty Nancy Grace Roman -avaruusteleskooppi nousi laukaisualustalta Floridasta sunnuntaina 14.26 Suomen aikaa.\n<\/p>\n<p>Kyydin tarjosi SpaceX-yhti\u00f6n Falcon Heavy, joka on raskain rutiinik\u00e4yt\u00f6ss\u00e4 oleva kantoraketti ja osoittautunut luotettavaksi.\n<\/p>\n<p>Nasan tiimi varmisti sunnuntaina, ett\u00e4 observatorion aurinkopaneelit ja aurinkosuoja saatiin avattua avaruudessa. L\u00e4hip\u00e4ivin\u00e4 teleskoopin suuntaava antenni ja visiirisuojus avataan.\n<\/p>\n<p>Kaukoputki on varustettu 2,4 metrin p\u00e4\u00e4peilill\u00e4, kuten Hubble-teleskooppi, ja se on kooltaan samaa luokkaa veteraaniverrokkinsa kanssa. Erona on, ett\u00e4 Roman-avaruusteleskooppi havainnoi paljon laaja-alaisemmin ja nopeammin kuin Hubble, vaikka niiden yksityiskohtien erotuskyky vastaakin toisiaan.\n<\/p>\n<p>\u201cRoman on l\u00f6yt\u00f6j\u00e4 tehtaileva kone, joka tuo meid\u00e4t l\u00e4hemm\u00e4ksi kuin koskaan kosmisen historiamme kysymyksiin vastaamista\u201d, sanoo <strong>Nicky Fox <\/strong>Nasan tiedelentojen osastolta.\n<\/p>\n<p>Avaruusteleskoopin havaintoja joudutaan viel\u00e4 odottamaan, sill\u00e4 se matkaa Maan ja Auringon Lagrangen 2 -pisteen l\u00e4heisyyteen noin puolentoista miljoonan kilometrin p\u00e4\u00e4h\u00e4n. K\u00e4ytt\u00f6\u00f6noton ja kalibrointien j\u00e4lkeen tiedehavainnot voivat alkaa aikaisintaan kolmen kuukautta laukaisusta.\n<\/p>\n<p>\u201cRomanilla teemme l\u00f6yt\u00f6j\u00e4 kuin steroideilla. Kartoitamme laajoja alueita taivaalta hurjalla herkkyydell\u00e4 ja l\u00f6yd\u00e4mme kaikenlaisia kohteita\u201d, kertoo <strong>Julie McEnery <\/strong>teleskoopin tiedetiimist\u00e4.\n<\/p>\n<p>Tavoitteet ovat todella korkealla, sill\u00e4 Roman-avaruusteleskoopin odotetaan havainnoivan 100 miljardia t\u00e4hte\u00e4 sek\u00e4 l\u00f6yt\u00e4v\u00e4n 100 000 eksoplaneettaa ja satoja mustia aukkoja.\n<\/p>\n<p>Roman-avaruusteleskoopista voit lukea yksityiskohtaisemmin lokakuussa julkaistavasta T\u00e4hdet ja avaruus 7\/2026 -lehdest\u00e4.\n<\/p>\n<p><a href=\"https:\/\/www.nasa.gov\/news-release\/nasas-dark-universe-seeking-nancy-grace-roman-space-telescope-launches\/\" target=\"_blank\" rel=\"noreferrer nofollow noopener\">Aiheesta lis\u00e4\u00e4 Nasa<\/a> (englanniksi)<\/p>\n","protected":false},"excerpt":{"rendered":"Falcon Heavy -kantoraketti kiid\u00e4tti Nasan uuden avaruusteleskoopin onnistuneesti avaruuteen sunnuntaina iltap\u00e4iv\u00e4ll\u00e4. Roman-avaruusteleskoopilta odotetaan runsaasti l\u00f6yt\u00f6j\u00e4 ja upeita kuvia.&#13;&hellip;\n","protected":false},"author":2,"featured_media":337905,"comment_status":"","ping_status":"","sticky":false,"template":"","format":"standard","meta":{"footnotes":"","_share_on_mastodon":"0"},"categories":[114],"tags":[453,33,31,30,118,452,32,119],"class_list":["post-337904","post","type-post","status-publish","format-standard","has-post-thumbnail","category-avaruus","tag-avaruus","tag-fi","tag-finland","tag-finnish","tag-science","tag-space","tag-suomi","tag-tiede"],"share_on_mastodon":{"url":"https:\/\/pubeurope.com\/@fi\/117189834543988728","error":""},"_links":{"self":[{"href":"https:\/\/www.europesays.com\/fi\/wp-json\/wp\/v2\/posts\/337904","targetHints":{"allow":["GET"]}}],"collection":[{"href":"https:\/\/www.europesays.com\/fi\/wp-json\/wp\/v2\/posts"}],"about":[{"href":"https:\/\/www.europesays.com\/fi\/wp-json\/wp\/v2\/types\/post"}],"author":[{"embeddable":true,"href":"https:\/\/www.europesays.com\/fi\/wp-json\/wp\/v2\/users\/2"}],"replies":[{"embeddable":true,"href":"https:\/\/www.europesays.com\/fi\/wp-json\/wp\/v2\/comments?post=337904"}],"version-history":[{"count":0,"href":"https:\/\/www.europesays.com\/fi\/wp-json\/wp\/v2\/posts\/337904\/revisions"}],"wp:featuredmedia":[{"embeddable":true,"href":"https:\/\/www.europesays.com\/fi\/wp-json\/wp\/v2\/media\/337905"}],"wp:attachment":[{"href":"https:\/\/www.europesays.com\/fi\/wp-json\/wp\/v2\/media?parent=337904"}],"wp:term":[{"taxonomy":"category","embeddable":true,"href":"https:\/\/www.europesays.com\/fi\/wp-json\/wp\/v2\/categories?post=337904"},{"taxonomy":"post_tag","embeddable":true,"href":"https:\/\/www.europesays.com\/fi\/wp-json\/wp\/v2\/tags?post=337904"}],"curies":[{"name":"wp","href":"https:\/\/api.w.org\/{rel}","templated":true}]}}