{"id":337916,"date":"2026-08-31T11:35:14","date_gmt":"2026-08-31T11:35:14","guid":{"rendered":"https:\/\/www.europesays.com\/fi\/337916\/"},"modified":"2026-08-31T11:35:14","modified_gmt":"2026-08-31T11:35:14","slug":"tampereelta-loytyi-tielta-kuollut-jalankulkija","status":"publish","type":"post","link":"https:\/\/www.europesays.com\/fi\/337916\/","title":{"rendered":"Tampereelta l\u00f6ytyi tielt\u00e4 kuollut jalankulkija"},"content":{"rendered":"<p>Poliisi ja ensihoito l\u00f6ysiv\u00e4t kuolleen ihmisen Tampereelta Pispalan valtatielt\u00e4.<\/p>\n<p><img decoding=\"async\" class=\"image image-show image-preview\" src=\"https:\/\/www.europesays.com\/fi\/wp-content\/uploads\/2026\/08\/924e06eae4d5bf56bfcc4317dce6c7e7eb0a9d367bb7ba06bdef410f3b2ea9d5.png\" alt=\"\"\/><img decoding=\"async\" class=\"image image-show\" src=\"https:\/\/www.europesays.com\/fi\/wp-content\/uploads\/2026\/08\/1788176114_43_924e06eae4d5bf56bfcc4317dce6c7e7eb0a9d367bb7ba06bdef410f3b2ea9d5.png\" alt=\"\"\/><\/p>\n<p>Jalankulkija l\u00f6ytyi kuolleena. Poliisi pyyt\u00e4\u00e4 vihjeit\u00e4. Lukijan kuva<\/p>\n<p class=\"paragraph\">Jalankulkija l\u00f6ytyi kuolleena Pispalan valtatielt\u00e4. Asiasta tiedottaa Sis\u00e4-Suomen poliisi.<\/p>\n<p class=\"paragraph\">Poliisi sai h\u00e4t\u00e4keskukselta ilmoituksen elottomasta henkil\u00f6st\u00e4 Pispalan valtatiell\u00e4. Ilmoitus tuli aikaisin sunnuntaina aamuy\u00f6ll\u00e4 klo 03.26. Poliisin kanssa yht\u00e4 aikaa paikalle tullut ensihoito havaitsi henkil\u00f6n kuolleeksi.<\/p>\n<p class=\"paragraph\">Poliisi selvitt\u00e4\u00e4 tapahtumien kulkua ja pyyt\u00e4\u00e4 mahdollisia silminn\u00e4kij\u00f6it\u00e4 tai muita tapahtuneesta tiet\u00e4vi\u00e4 ilmoittamaan havaintonsa vihjes\u00e4hk\u00f6postiin vihjeet.sisa-suomi@poliisi.fi<\/p>\n<p class=\"paragraph\">Asian tutkinta on alussa. Poliisi antaa tapahtumista lis\u00e4tietoa esitutkinnan edetess\u00e4.<\/p>\n","protected":false},"excerpt":{"rendered":"Poliisi ja ensihoito l\u00f6ysiv\u00e4t kuolleen ihmisen Tampereelta Pispalan valtatielt\u00e4. Jalankulkija l\u00f6ytyi kuolleena. Poliisi pyyt\u00e4\u00e4 vihjeit\u00e4. Lukijan kuva Jalankulkija&hellip;\n","protected":false},"author":2,"featured_media":337917,"comment_status":"","ping_status":"","sticky":false,"template":"","format":"standard","meta":{"footnotes":"","_share_on_mastodon":"0"},"categories":[12],"tags":[35,22,23,26,27,33,31,30,17,55,24,25,121,28,29,15,18,21,122,54,32,19,20,546,16],"class_list":["post-337916","post","type-post","status-publish","format-standard","has-post-thumbnail","category-suomi","tag-24h","tag-breaking-news","tag-breakingnews","tag-featured-news","tag-featurednews","tag-fi","tag-finland","tag-finnish","tag-headlines","tag-lainvalvonta","tag-latest-news","tag-latestnews","tag-liikenne-ja-kuljetus","tag-main-news","tag-mainnews","tag-news","tag-otsikot","tag-paauutiset","tag-pelastaminen","tag-pelastuspalvelut","tag-suomi","tag-top-stories","tag-topstories","tag-turvallisuus","tag-uutiset"],"share_on_mastodon":{"url":"https:\/\/pubeurope.com\/@fi\/117189918150925763","error":""},"_links":{"self":[{"href":"https:\/\/www.europesays.com\/fi\/wp-json\/wp\/v2\/posts\/337916","targetHints":{"allow":["GET"]}}],"collection":[{"href":"https:\/\/www.europesays.com\/fi\/wp-json\/wp\/v2\/posts"}],"about":[{"href":"https:\/\/www.europesays.com\/fi\/wp-json\/wp\/v2\/types\/post"}],"author":[{"embeddable":true,"href":"https:\/\/www.europesays.com\/fi\/wp-json\/wp\/v2\/users\/2"}],"replies":[{"embeddable":true,"href":"https:\/\/www.europesays.com\/fi\/wp-json\/wp\/v2\/comments?post=337916"}],"version-history":[{"count":0,"href":"https:\/\/www.europesays.com\/fi\/wp-json\/wp\/v2\/posts\/337916\/revisions"}],"wp:featuredmedia":[{"embeddable":true,"href":"https:\/\/www.europesays.com\/fi\/wp-json\/wp\/v2\/media\/337917"}],"wp:attachment":[{"href":"https:\/\/www.europesays.com\/fi\/wp-json\/wp\/v2\/media?parent=337916"}],"wp:term":[{"taxonomy":"category","embeddable":true,"href":"https:\/\/www.europesays.com\/fi\/wp-json\/wp\/v2\/categories?post=337916"},{"taxonomy":"post_tag","embeddable":true,"href":"https:\/\/www.europesays.com\/fi\/wp-json\/wp\/v2\/tags?post=337916"}],"curies":[{"name":"wp","href":"https:\/\/api.w.org\/{rel}","templated":true}]}}