{"id":337930,"date":"2026-08-31T12:01:12","date_gmt":"2026-08-31T12:01:12","guid":{"rendered":"https:\/\/www.europesays.com\/fi\/337930\/"},"modified":"2026-08-31T12:01:12","modified_gmt":"2026-08-31T12:01:12","slug":"sveitsin-poliisi-pidattanyt-tekno-festareiden-ammuskelusta-epaillyn-uutisia-lyhyesti","status":"publish","type":"post","link":"https:\/\/www.europesays.com\/fi\/337930\/","title":{"rendered":"Sveitsin poliisi pid\u00e4tt\u00e4nyt tekno-festareiden ammuskelusta ep\u00e4illyn | Uutisia lyhyesti"},"content":{"rendered":"<p><img decoding=\"async\" alt=\"Kaksi poliisia seisoo aidatun alueen edess\u00e4 kadulla, poliisiauto ja varoitusnauhaa n\u00e4kyviss\u00e4, taustalla rakennus.\" src=\"https:\/\/www.europesays.com\/fi\/wp-content\/uploads\/2026\/08\/1788176106.jpeg\" class=\"aw__sc-dklauk-0 LPzKX\"\/><\/p>\n<p>Avaa kuvien katselu<\/p>\n<p>Poliisit vartioivat Schachenin raviradalla Aaraussa Sveitsiss\u00e4 31. elokuuta. Kuva: Michael Buholzer \/ EPA<\/p>\n<p>14:07\u2022P\u00e4ivitetty 14:08<\/p>\n<p class=\"aw__sc-1qwuw0s-0 aw__sc-ngllmo-0 epAWpq fzYpjk yle__article__paragraph\">Sveitsin poliisi <a class=\"aw__sc-ngllmo-1 bTDnwX yle__article__link\" href=\"https:\/\/www.ag.ch\/de\/medien\/medienmitteilungen-kapo?mmk=aarau-43-jaehriger-tatverdaechtiger-nach-mehreren-schussabgaben-festgenommen-01c2708f-8095-4614-ab75-db5d8af58f1a_de\" role=\"link\" rel=\"nofollow noopener\" target=\"_blank\">kertoo pid\u00e4tt\u00e4neens\u00e4<\/a> henkil\u00f6n, jota ep\u00e4ill\u00e4\u00e4n ammuskelusta teknomusiikki-festivaaleilla sunnuntaina.<\/p>\n<p class=\"aw__sc-1qwuw0s-0 aw__sc-ngllmo-0 epAWpq fzYpjk yle__article__paragraph\">Pid\u00e4tetty on poliisin mukaan 43-vuotias sveitsil\u00e4inen mies.<\/p>\n<p class=\"aw__sc-1qwuw0s-0 aw__sc-ngllmo-0 epAWpq fzYpjk yle__article__paragraph\">Miehen ep\u00e4ill\u00e4\u00e4n ampuneen Pohjois-Sveitsiss\u00e4, Aaraussa j\u00e4rjestetyill\u00e4 teknomusiikki-festivaaleilla. Ammuskelussa kuoli yksi italialainen nainen ja viisi muuta haavoittui.<\/p>\n<p class=\"aw__sc-1qwuw0s-0 aw__sc-ngllmo-0 epAWpq fzYpjk yle__article__paragraph\">L\u00e4hde: Reuters<\/p>\n","protected":false},"excerpt":{"rendered":"Avaa kuvien katselu Poliisit vartioivat Schachenin raviradalla Aaraussa Sveitsiss\u00e4 31. elokuuta. Kuva: Michael Buholzer \/ EPA 14:07\u2022P\u00e4ivitetty 14:08&hellip;\n","protected":false},"author":2,"featured_media":337931,"comment_status":"","ping_status":"","sticky":false,"template":"","format":"standard","meta":{"footnotes":"","_share_on_mastodon":"0"},"categories":[14],"tags":[1773,22,23,26,27,33,31,30,17,24,25,28,29,15,18,21,52,581,32,7906,19,20,56,16,59,60,61],"class_list":["post-337930","post","type-post","status-publish","format-standard","has-post-thumbnail","category-ulkomaat","tag-ampumavalikohtaukset","tag-breaking-news","tag-breakingnews","tag-featured-news","tag-featurednews","tag-fi","tag-finland","tag-finnish","tag-headlines","tag-latest-news","tag-latestnews","tag-main-news","tag-mainnews","tag-news","tag-otsikot","tag-paauutiset","tag-poliisi","tag-rikokset","tag-suomi","tag-sveitsi","tag-top-stories","tag-topstories","tag-ulkomaat","tag-uutiset","tag-world","tag-world-news","tag-worldnews"],"share_on_mastodon":{"url":"https:\/\/pubeurope.com\/@fi\/117190020129887154","error":""},"_links":{"self":[{"href":"https:\/\/www.europesays.com\/fi\/wp-json\/wp\/v2\/posts\/337930","targetHints":{"allow":["GET"]}}],"collection":[{"href":"https:\/\/www.europesays.com\/fi\/wp-json\/wp\/v2\/posts"}],"about":[{"href":"https:\/\/www.europesays.com\/fi\/wp-json\/wp\/v2\/types\/post"}],"author":[{"embeddable":true,"href":"https:\/\/www.europesays.com\/fi\/wp-json\/wp\/v2\/users\/2"}],"replies":[{"embeddable":true,"href":"https:\/\/www.europesays.com\/fi\/wp-json\/wp\/v2\/comments?post=337930"}],"version-history":[{"count":0,"href":"https:\/\/www.europesays.com\/fi\/wp-json\/wp\/v2\/posts\/337930\/revisions"}],"wp:featuredmedia":[{"embeddable":true,"href":"https:\/\/www.europesays.com\/fi\/wp-json\/wp\/v2\/media\/337931"}],"wp:attachment":[{"href":"https:\/\/www.europesays.com\/fi\/wp-json\/wp\/v2\/media?parent=337930"}],"wp:term":[{"taxonomy":"category","embeddable":true,"href":"https:\/\/www.europesays.com\/fi\/wp-json\/wp\/v2\/categories?post=337930"},{"taxonomy":"post_tag","embeddable":true,"href":"https:\/\/www.europesays.com\/fi\/wp-json\/wp\/v2\/tags?post=337930"}],"curies":[{"name":"wp","href":"https:\/\/api.w.org\/{rel}","templated":true}]}}