{"id":337938,"date":"2026-08-31T12:16:08","date_gmt":"2026-08-31T12:16:08","guid":{"rendered":"https:\/\/www.europesays.com\/fi\/337938\/"},"modified":"2026-08-31T12:16:08","modified_gmt":"2026-08-31T12:16:08","slug":"etela-karjalan-liitto-teetti-alisa-vainion-kunniaksi-graffitin-luukkaansalmen-sillalle-paikalliset","status":"publish","type":"post","link":"https:\/\/www.europesays.com\/fi\/337938\/","title":{"rendered":"Etel\u00e4-Karjalan liitto teetti Alisa Vainion kunniaksi graffitin Luukkaansalmen sillalle | Paikalliset"},"content":{"rendered":"<p>Etel\u00e4-Karjalan liitto halusi tuoda graffitin yll\u00e4tyksen\u00e4 kaikille osapuolille. Graffitin haluttiin my\u00f6s olevan tyylik\u00e4s ja tuovan iloa kansalaisille.<\/p>\n<p>Viime viikolla Luukkaansalmen sillan l\u00e4heisyyteen ilmestyi<strong> Alisa Vainion<\/strong> Euroopan mestaruuden kunniaksi tehty graffiti. Mestarijuoksijalle omistetun taideteoksen toteuttivat Etel\u00e4-Karjalan liitto ja kuvataiteilija <strong>Santtu Tuomola<\/strong>.<\/p>\n<p>Maakuntajohtaja <strong>Satu Sikasen<\/strong> mukaan taideteoksella haluttiin juhlistaa Vainion hienoa saavutusta.<\/p>\n<p>\u2013 Halusimme kunnioittaa t\u00e4t\u00e4 urotekoa ja j\u00e4tt\u00e4\u00e4 ainakin v\u00e4liaikaisen muiston suorituksesta kansalaisten iloksi, Sikanen kertoo.<\/p>\n<p>Etel\u00e4-Karjalan liitto varmisti, ett\u00e4 se sai hy\u00f6dynt\u00e4\u00e4 Vainion siluettia, mutta muuten hanke pidettiin yll\u00e4tyksen\u00e4 mestarijuoksijalle.<\/p>\n","protected":false},"excerpt":{"rendered":"Etel\u00e4-Karjalan liitto halusi tuoda graffitin yll\u00e4tyksen\u00e4 kaikille osapuolille. Graffitin haluttiin my\u00f6s olevan tyylik\u00e4s ja tuovan iloa kansalaisille. Viime&hellip;\n","protected":false},"author":2,"featured_media":337939,"comment_status":"","ping_status":"","sticky":false,"template":"","format":"standard","meta":{"footnotes":"","_share_on_mastodon":"0"},"categories":[135],"tags":[3912,389,387,388,390,137,4509,2267,33,31,30,763,41,103,32,394,397,393,391,392,109],"class_list":["post-337938","post","type-post","status-publish","format-standard","has-post-thumbnail","category-taiteet-ja-suunnittelu","tag-alisa-vainio","tag-arts","tag-arts-and-design","tag-artsanddesign","tag-design","tag-entertainment","tag-etela-karjalan-maakunta","tag-eurooppa","tag-fi","tag-finland","tag-finnish","tag-kulttuuri-ja-viihde","tag-liikunta-ja-urheilu","tag-sosiaalikysymykset","tag-suomi","tag-suunnittelu","tag-taide","tag-taiteet","tag-taiteet-ja-suunnittelu","tag-taiteetsuunnittelu","tag-viihde"],"share_on_mastodon":{"url":"https:\/\/pubeurope.com\/@fi\/117190078377799243","error":""},"_links":{"self":[{"href":"https:\/\/www.europesays.com\/fi\/wp-json\/wp\/v2\/posts\/337938","targetHints":{"allow":["GET"]}}],"collection":[{"href":"https:\/\/www.europesays.com\/fi\/wp-json\/wp\/v2\/posts"}],"about":[{"href":"https:\/\/www.europesays.com\/fi\/wp-json\/wp\/v2\/types\/post"}],"author":[{"embeddable":true,"href":"https:\/\/www.europesays.com\/fi\/wp-json\/wp\/v2\/users\/2"}],"replies":[{"embeddable":true,"href":"https:\/\/www.europesays.com\/fi\/wp-json\/wp\/v2\/comments?post=337938"}],"version-history":[{"count":0,"href":"https:\/\/www.europesays.com\/fi\/wp-json\/wp\/v2\/posts\/337938\/revisions"}],"wp:featuredmedia":[{"embeddable":true,"href":"https:\/\/www.europesays.com\/fi\/wp-json\/wp\/v2\/media\/337939"}],"wp:attachment":[{"href":"https:\/\/www.europesays.com\/fi\/wp-json\/wp\/v2\/media?parent=337938"}],"wp:term":[{"taxonomy":"category","embeddable":true,"href":"https:\/\/www.europesays.com\/fi\/wp-json\/wp\/v2\/categories?post=337938"},{"taxonomy":"post_tag","embeddable":true,"href":"https:\/\/www.europesays.com\/fi\/wp-json\/wp\/v2\/tags?post=337938"}],"curies":[{"name":"wp","href":"https:\/\/api.w.org\/{rel}","templated":true}]}}