{"id":337952,"date":"2026-08-31T12:35:12","date_gmt":"2026-08-31T12:35:12","guid":{"rendered":"https:\/\/www.europesays.com\/fi\/337952\/"},"modified":"2026-08-31T12:35:12","modified_gmt":"2026-08-31T12:35:12","slug":"hirvikolari-perniontiella-salossa-sss-fi","status":"publish","type":"post","link":"https:\/\/www.europesays.com\/fi\/337952\/","title":{"rendered":"Hirvikolari Perni\u00f6ntiell\u00e4 Salossa &#8211; SSS.fi"},"content":{"rendered":"<p>Salossa Perni\u00f6ntiell\u00e4 sattui hirvikolari tiistai-iltana kymmenen aikoihin.<\/p>\n<p>Henkil\u00f6auto ajoi tiet\u00e4 52 Salosta Tammisaareen, kun Yliskyl\u00e4n kohdalla tielle juoksi hirvi. Henkil\u00f6auton kyydiss\u00e4 oli nelj\u00e4 ihmist\u00e4, mutta kenellek\u00e4\u00e4n ei k\u00e4ynyt yhteent\u00f6rm\u00e4yksess\u00e4 pahasti.<\/p>\n<p>Hirven tilanteesta ei tiedet\u00e4. Hirvi poistui onnettomuuspaikalta, eik\u00e4 sit\u00e4 l\u00f6ytynyt l\u00e4himaastosta. Vastuu hirvest\u00e4 siirtyi riistayhdistykselle, kerrotaan Varsinais-Suomen pelastuslaitoksen johtokeskuksesta.<\/p>\n<p>Toinen ajokaista suljettiin raivaust\u00f6iden ajaksi.<\/p>\n","protected":false},"excerpt":{"rendered":"Salossa Perni\u00f6ntiell\u00e4 sattui hirvikolari tiistai-iltana kymmenen aikoihin. Henkil\u00f6auto ajoi tiet\u00e4 52 Salosta Tammisaareen, kun Yliskyl\u00e4n kohdalla tielle juoksi&hellip;\n","protected":false},"author":2,"featured_media":337953,"comment_status":"","ping_status":"","sticky":false,"template":"","format":"standard","meta":{"footnotes":"","_share_on_mastodon":"0"},"categories":[113],"tags":[446,33,31,30,1676,990,8163,118,32,119,7038,447],"class_list":["post-337952","post","type-post","status-publish","format-standard","has-post-thumbnail","category-ymparisto","tag-environment","tag-fi","tag-finland","tag-finnish","tag-hirvielaimet","tag-liikenneonnettomuudet","tag-pernio","tag-science","tag-suomi","tag-tiede","tag-varsinais-suomen-pelastuslaitos","tag-ymparisto"],"share_on_mastodon":{"url":"https:\/\/pubeurope.com\/@fi\/117190152804439949","error":""},"_links":{"self":[{"href":"https:\/\/www.europesays.com\/fi\/wp-json\/wp\/v2\/posts\/337952","targetHints":{"allow":["GET"]}}],"collection":[{"href":"https:\/\/www.europesays.com\/fi\/wp-json\/wp\/v2\/posts"}],"about":[{"href":"https:\/\/www.europesays.com\/fi\/wp-json\/wp\/v2\/types\/post"}],"author":[{"embeddable":true,"href":"https:\/\/www.europesays.com\/fi\/wp-json\/wp\/v2\/users\/2"}],"replies":[{"embeddable":true,"href":"https:\/\/www.europesays.com\/fi\/wp-json\/wp\/v2\/comments?post=337952"}],"version-history":[{"count":0,"href":"https:\/\/www.europesays.com\/fi\/wp-json\/wp\/v2\/posts\/337952\/revisions"}],"wp:featuredmedia":[{"embeddable":true,"href":"https:\/\/www.europesays.com\/fi\/wp-json\/wp\/v2\/media\/337953"}],"wp:attachment":[{"href":"https:\/\/www.europesays.com\/fi\/wp-json\/wp\/v2\/media?parent=337952"}],"wp:term":[{"taxonomy":"category","embeddable":true,"href":"https:\/\/www.europesays.com\/fi\/wp-json\/wp\/v2\/categories?post=337952"},{"taxonomy":"post_tag","embeddable":true,"href":"https:\/\/www.europesays.com\/fi\/wp-json\/wp\/v2\/tags?post=337952"}],"curies":[{"name":"wp","href":"https:\/\/api.w.org\/{rel}","templated":true}]}}