{"id":337954,"date":"2026-08-31T12:41:07","date_gmt":"2026-08-31T12:41:07","guid":{"rendered":"https:\/\/www.europesays.com\/fi\/337954\/"},"modified":"2026-08-31T12:41:07","modified_gmt":"2026-08-31T12:41:07","slug":"tiesitko-etta-nokian-vanhassa-tehtaassa-tehdaan-yha-matkapuhelimia-suomalaisuus-on-maailmalla-iso-myyntivaltti-uutissuomalainen-2","status":"publish","type":"post","link":"https:\/\/www.europesays.com\/fi\/337954\/","title":{"rendered":"Tiesitk\u00f6, ett\u00e4 Nokian vanhassa tehtaassa tehd\u00e4\u00e4n yh\u00e4 matkapuhelimia? Suomalaisuus on maailmalla iso myyntivaltti | Uutissuomalainen"},"content":{"rendered":"<p>Huoli datan yksityisyydest\u00e4 on avannut Jollalle uusia markkinoita.<\/p>\n<p>Moni haikailee aikaa, jolloin elokuvien supersankarit kaivoivat taskuistaan Nokian matkapuhelimen. Sellainen oli maailma parikymment\u00e4 vuotta sitten, ennen Iphonen l\u00e4pimurtoa.<\/p>\n<p>Nokian matkapuhelimia valmistanut Salon tehdas sulkeutui syksyll\u00e4 2012, mutta harva tiet\u00e4\u00e4, ett\u00e4 samassa rakennuksessa tehd\u00e4\u00e4n j\u00e4lleen puhelimia.<\/p>\n<p>Jolla-puhelinten taustalla h\u00e4\u00e4rii entisi\u00e4 nokialaisia.<\/p>\n<p>\u2013\u2009Tavoittelemme t\u00e4n\u00e4 vuonna 15\u2009000\u201320\u2009000 puhelimen myynti\u00e4. Teemme t\u00e4\u00e4ll\u00e4 loppukokoonpanossa noin viikon ty\u00f6rupeamia. Kun tilauksia tulee lis\u00e4\u00e4, tehd\u00e4\u00e4n seuraava er\u00e4, kertoo Jolla Mobile Oy:n toimitusjohtaja <strong>Sami Pienim\u00e4ki<\/strong>.<\/p>\n","protected":false},"excerpt":{"rendered":"Huoli datan yksityisyydest\u00e4 on avannut Jollalle uusia markkinoita. Moni haikailee aikaa, jolloin elokuvien supersankarit kaivoivat taskuistaan Nokian matkapuhelimen.&hellip;\n","protected":false},"author":2,"featured_media":337955,"comment_status":"","ping_status":"","sticky":false,"template":"","format":"standard","meta":{"footnotes":"","_share_on_mastodon":"0"},"categories":[85],"tags":[33,31,30,6339,631,686,419,418,4405,4069,32,91,92,149,21377],"class_list":["post-337954","post","type-post","status-publish","format-standard","has-post-thumbnail","category-mobiili","tag-fi","tag-finland","tag-finnish","tag-kangasniemi","tag-matkapuhelimet-ja-mobiililaitteet","tag-mikkelin-seutukunta","tag-mobiili","tag-mobile","tag-salo","tag-sunnuntaisuomalainen","tag-suomi","tag-technology","tag-teknologia","tag-tietojenkasittely-ja-informaatioteknologia","tag-ukrainan-kriisi"],"share_on_mastodon":{"url":"https:\/\/pubeurope.com\/@fi\/117190176920550442","error":""},"_links":{"self":[{"href":"https:\/\/www.europesays.com\/fi\/wp-json\/wp\/v2\/posts\/337954","targetHints":{"allow":["GET"]}}],"collection":[{"href":"https:\/\/www.europesays.com\/fi\/wp-json\/wp\/v2\/posts"}],"about":[{"href":"https:\/\/www.europesays.com\/fi\/wp-json\/wp\/v2\/types\/post"}],"author":[{"embeddable":true,"href":"https:\/\/www.europesays.com\/fi\/wp-json\/wp\/v2\/users\/2"}],"replies":[{"embeddable":true,"href":"https:\/\/www.europesays.com\/fi\/wp-json\/wp\/v2\/comments?post=337954"}],"version-history":[{"count":0,"href":"https:\/\/www.europesays.com\/fi\/wp-json\/wp\/v2\/posts\/337954\/revisions"}],"wp:featuredmedia":[{"embeddable":true,"href":"https:\/\/www.europesays.com\/fi\/wp-json\/wp\/v2\/media\/337955"}],"wp:attachment":[{"href":"https:\/\/www.europesays.com\/fi\/wp-json\/wp\/v2\/media?parent=337954"}],"wp:term":[{"taxonomy":"category","embeddable":true,"href":"https:\/\/www.europesays.com\/fi\/wp-json\/wp\/v2\/categories?post=337954"},{"taxonomy":"post_tag","embeddable":true,"href":"https:\/\/www.europesays.com\/fi\/wp-json\/wp\/v2\/tags?post=337954"}],"curies":[{"name":"wp","href":"https:\/\/api.w.org\/{rel}","templated":true}]}}