{"id":337960,"date":"2026-08-31T12:50:12","date_gmt":"2026-08-31T12:50:12","guid":{"rendered":"https:\/\/www.europesays.com\/fi\/337960\/"},"modified":"2026-08-31T12:50:12","modified_gmt":"2026-08-31T12:50:12","slug":"selviytyjat-suomi-vivi-wahlstromin-traumaattinen-kokemus","status":"publish","type":"post","link":"https:\/\/www.europesays.com\/fi\/337960\/","title":{"rendered":"Selviytyj\u00e4t Suomi: Vivi Wahlstr\u00f6min traumaattinen kokemus"},"content":{"rendered":"<p>\n            20260812 HELSINKI. SELVIYTYJ\u00c4T. Vivi Wahlstr\u00f6m. KUVA: ATTE KAJOVA<br \/>\n            Atte Kajova\n        <\/p>\n<p class=\"subtitle \">Vivi sai lopullisesti tarpeekseen Selviytyjist\u00e4.<\/p>\n<p class=\"article-content article-content-width !bg-background\">Selviytyj\u00e4t Suomen\u00a0historiassa n\u00e4htiin ennenn\u00e4kem\u00e4t\u00f6n tilanne sunnuntaina 30. elokuuta, kun sama kilpailija passitettiin ensimm\u00e4isen\u00e4 kotimatkalle jo toistamiseen.<\/p>\n<p>Traumaattinen kokemus<\/p>\n<p class=\"article-content article-content-width !bg-background\">\u00a0koki karun kohtalon ja joutui j\u00e4tt\u00e4m\u00e4\u00e4n heimonsa ensimm\u00e4isen\u00e4.\u00a0<a href=\"https:\/\/www.instagram.com\/p\/DcrJnqVjYSj\/?img_index=1\" target=\"_blank\" rel=\"nofollow noopener\">Nyt h\u00e4n on avannut tuntojaan omalla Instagram-tilill\u00e4\u00e4n.<\/a>\u00a0Kokemus j\u00e4tti h\u00e4nelle traumoja, eik\u00e4 h\u00e4n aio osallistua en\u00e4\u00e4 ikin\u00e4 ohjelmaan.<\/p>\n<p class=\"article-content article-content-width !bg-background\">\u2013\u00a0Historiaa tehtiin, mut ei ihan sellasta mit\u00e4 olisin toivonut. L\u00e4hdin hakemaan korjaavaa kokemusta ja l\u00e4hin himaan reppu t\u00e4ynn\u00e4 traumoja. T\u00e4\u00e4 oli mun pahin pelko ja ainoa asia mit\u00e4 mietin kun mua kysyttiin uudestaan mukaan. Mit\u00e4 jos, mit\u00e4 jos m\u00e4 taas tipun ensimm\u00e4isen\u00e4? Ja kas kummaa mit\u00e4 k\u00e4vik\u00e4\u00e4n, Vivi kirjoittaa Instagram-p\u00e4ivityksess\u00e4\u00e4n.\u00a0<\/p>\n<p class=\"article-content article-content-width !bg-background\">\u2013\u00a0En osaa edes sanoin kuvailla mit\u00e4 tunteita k\u00e4vin tossa hetkess\u00e4 l\u00e4pi ja mit\u00e4 tunteita k\u00e4vin l\u00e4pi viel\u00e4 pitk\u00e4\u00e4n pudotuksen j\u00e4lkeen. Olin niin pettynyt, surullinen, vihainen ja t\u00e4ynn\u00e4 kysymyksi\u00e4 ett\u00e4 miten h**vetiss\u00e4 taas min\u00e4 ja miksi. Tuntu ihan todella ep\u00e4reilulta. Selkeesti Selviytyj\u00e4t ei vaan ole mua varten ja ainaki m\u00e4 tein j**alauta Selviytyj\u00e4t-historiaa ja onhan t\u00e4\u00e4 nyt lowkey aika ikonista eiks vaa? LOL, mut sanokaa mun sanoneen, kolmatta kertaa ei tule, h\u00e4n kirjoittaa kuvatekstiss\u00e4.<\/p>\n<p>        <a itemprop=\"url\" href=\"https:\/\/www.seiska.fi\/katso\/selviytyjat-suomi-yksi-halutaan-ulos\/1978706\" rel=\"nofollow noopener\" target=\"_blank\"><\/p>\n<p>\nSelviytyj\u00e4t Suomi\n<\/p>\n<p class=\"section-date\">\n        <strong class=\"article-section\" data-section=\"katso\"><br \/>\n            katso<br \/>\n        <\/strong><br \/>\n        31.10.2025 11:15\n    <\/p>\n<p>Selviytyj\u00e4t Suomi: Yksi halutaan ulos\n    <\/p>\n<p itemprop=\"description\" class=\"subtitle \">\n    Selviytyj\u00e4t Suomessa ei en\u00e4\u00e4 kunnioiteta vanhoja sopimuksia.\n<\/p>\n<p>        <\/a><\/p>\n<p>Julkkikset lohduttavat<\/p>\n<p class=\"article-content article-content-width !bg-background\">Monet julkkikset ovat rient\u00e4neet lohduttamaan Vivi\u00e4 kommenttiosioon.<\/p>\n<p class=\"article-content article-content-width !bg-background\">\u2013 Eiii, halaus ihana Vivi, kirjoittaa\u00a0.<\/p>\n<p class=\"article-content article-content-width !bg-background\">\u2013 VIVI, oot super rohkea ja ikoni! toteaa\u00a0.<\/p>\n<p class=\"article-content article-content-width !bg-background\">\u2013 T\u00e4\u00e4 oli iso v\u00e4\u00e4ryys, kirjoittaa\u00a0.<\/p>\n<p>                <img decoding=\"async\" src=\"https:\/\/www.europesays.com\/fi\/wp-content\/uploads\/2026\/08\/2248623.webp\" width=\"576\" height=\"322\" title=\"Vivi Wahlstr\u00f6m joutui j\u00e4tt\u00e4m\u00e4\u00e4n kisan kesken ensimm\u00e4isen\u00e4 jo toistamiseen.\" alt=\"Vivi Wahlstr\u00f6m Selviytyj\u00e4t Suomen 10. kaudella.\" loading=\"lazy\" \/>            <\/p>\n<p>\n            Vivi Wahlstr\u00f6m joutui j\u00e4tt\u00e4m\u00e4\u00e4n kisan kesken ensimm\u00e4isen\u00e4 jo toistamiseen.<br \/>\n            Sanoma\n        <\/p>\n<p class=\"article-content article-content-width !bg-background\">\u2013 Champion always!\u00a0\u00a0t\u00e4r\u00e4ytt\u00e4\u00e4.<\/p>\n<p class=\"article-content article-content-width !bg-background\">\u2013 Saat olla ylpee itest\u00e4s ja siit ett\u00e4 l\u00e4hit rohkeesti uudestaa mukaan. Harmittaa sun puolesta, olisit todellakin ansainnu pidemm\u00e4n reissun,\u00a0toteaa.<\/p>\n<p class=\"article-content article-content-width !bg-background\">\u2013 Siis mun monttu ei oo koskaan ollu noin auki, mut hitto jo t\u00e4st n\u00e4kee ett\u00e4 tulee mielenkiintonen kausi, oot legendaarinen,\u00a0tsemppaa.<\/p>\n<p class=\"article-content article-content-width !bg-background\">My\u00f6s pudotuksen takana h\u00e4\u00e4rinyt\u00a0\u00a0on kommentoinut julkaisua syd\u00e4nten kera.<\/p>\n<p>        <a itemprop=\"url\" href=\"https:\/\/www.seiska.fi\/katso\/podcast-saana-akiolalta-yllattava-paljastus-riku-rantalasta\/2022177\" rel=\"nofollow noopener\" target=\"_blank\"><\/p>\n<p>\nSelviytyj\u00e4t-podcast:\n<\/p>\n<p class=\"section-date\">\n        <strong class=\"article-section\" data-section=\"katso\"><br \/>\n            katso<br \/>\n        <\/strong><br \/>\n        16.12.2025 07:45\n    <\/p>\n<p>Podcast: Saana Akiolalta yll\u00e4tt\u00e4v\u00e4 paljastus Riku Rantalasta\n    <\/p>\n<p itemprop=\"description\" class=\"subtitle \">\n    Selviytyj\u00e4t Suomi -jaksojen pois leikattuja kohtia paljastetaan podcastissa.\n<\/p>\n<p>        <\/a><\/p>\n<p>Tuplasti ep\u00e4onnea<\/p>\n<p class=\"article-content article-content-width !bg-background\">Vivin matka saarella p\u00e4\u00e4ttyi ensimm\u00e4isell\u00e4 kerralla, kun  pelasti siskonsa  koskemattomuusamuletilla. Aluksi heimo oli kaavaillut Linnean tippumista, mutta joutui vaihtamaan kohdettaan amuletin vuoksi. Vivi joutui n\u00e4iden \u00e4\u00e4nien kohteeksi.\u00a0<\/p>\n<p class=\"article-content article-content-width !bg-background\">Juuri alkaneella kaudella Vivi yritti v\u00e4ltt\u00e4\u00e4 saman kohtalon, siin\u00e4 kuitenkin ep\u00e4onnistuen. T\u00e4ll\u00e4 kertaa karkotuksen takapiruna toiminut Kasperi antoi kultakolikon avulla Viville tupla\u00e4\u00e4nen ja pudotti h\u00e4net kisasta.\u00a0<\/p>\n<p class=\"italic m-italic article-content article-content-width !bg-background\">Selviytyj\u00e4t Suomi sunnuntaisin Ruudussa ja Nelosella klo 19.30. Maksullisella Ruutu+-tilauksella uuden jakson p\u00e4\u00e4see katsomaan jo etuk\u00e4teen.<\/p>\n<p>        <a itemprop=\"url\" href=\"https:\/\/www.seiska.fi\/katso\/selviytyjat-kasperi-punoi-julman-juonen-karkotettu-romahti-taysin\/2245375\" rel=\"nofollow noopener\" target=\"_blank\"><\/p>\n<p>\nKarkotettu romahti t\u00e4ysin\n<\/p>\n<p class=\"section-date\">\n        <strong class=\"article-section\" data-section=\"katso\"><br \/>\n            katso<br \/>\n        <\/strong><br \/>\n        30.8. 21:25\n    <\/p>\n<p>Selviytyj\u00e4t-Kasperi punoi julman juonen \u2013 karkotettu romahti t\u00e4ysin\n    <\/p>\n<p itemprop=\"description\" class=\"subtitle \">\n    Selviytyj\u00e4t Suomen uuden kauden ensimm\u00e4isess\u00e4 jaksossa n\u00e4htiin historiaan j\u00e4\u00e4v\u00e4 heimoneuvosto.\n<\/p>\n<p>        <\/a><\/p>\n<p><script async src=\"\/\/www.instagram.com\/embed.js\"><\/script><\/p>\n","protected":false},"excerpt":{"rendered":"20260812 HELSINKI. SELVIYTYJ\u00c4T. Vivi Wahlstr\u00f6m. KUVA: ATTE KAJOVA Atte Kajova Vivi sai lopullisesti tarpeekseen Selviytyjist\u00e4. Selviytyj\u00e4t Suomen\u00a0historiassa n\u00e4htiin&hellip;\n","protected":false},"author":2,"featured_media":337961,"comment_status":"","ping_status":"","sticky":false,"template":"","format":"standard","meta":{"footnotes":"","_share_on_mastodon":"0"},"categories":[130],"tags":[4085,137,33,31,30,35669,1758,2158,2658,32,9651,109,2768],"class_list":["post-337960","post","type-post","status-publish","format-standard","has-post-thumbnail","category-viihde","tag-aleksi-vihonen","tag-entertainment","tag-fi","tag-finland","tag-finnish","tag-kasperi-kauppinen","tag-nelonen","tag-ruutu","tag-selviytyjat-suomi","tag-suomi","tag-tommi-manninen","tag-viihde","tag-vivi-wahlstrom"],"share_on_mastodon":{"url":"https:\/\/pubeurope.com\/@fi\/117190212382918021","error":""},"_links":{"self":[{"href":"https:\/\/www.europesays.com\/fi\/wp-json\/wp\/v2\/posts\/337960","targetHints":{"allow":["GET"]}}],"collection":[{"href":"https:\/\/www.europesays.com\/fi\/wp-json\/wp\/v2\/posts"}],"about":[{"href":"https:\/\/www.europesays.com\/fi\/wp-json\/wp\/v2\/types\/post"}],"author":[{"embeddable":true,"href":"https:\/\/www.europesays.com\/fi\/wp-json\/wp\/v2\/users\/2"}],"replies":[{"embeddable":true,"href":"https:\/\/www.europesays.com\/fi\/wp-json\/wp\/v2\/comments?post=337960"}],"version-history":[{"count":0,"href":"https:\/\/www.europesays.com\/fi\/wp-json\/wp\/v2\/posts\/337960\/revisions"}],"wp:featuredmedia":[{"embeddable":true,"href":"https:\/\/www.europesays.com\/fi\/wp-json\/wp\/v2\/media\/337961"}],"wp:attachment":[{"href":"https:\/\/www.europesays.com\/fi\/wp-json\/wp\/v2\/media?parent=337960"}],"wp:term":[{"taxonomy":"category","embeddable":true,"href":"https:\/\/www.europesays.com\/fi\/wp-json\/wp\/v2\/categories?post=337960"},{"taxonomy":"post_tag","embeddable":true,"href":"https:\/\/www.europesays.com\/fi\/wp-json\/wp\/v2\/tags?post=337960"}],"curies":[{"name":"wp","href":"https:\/\/api.w.org\/{rel}","templated":true}]}}