{"id":337968,"date":"2026-08-31T12:56:13","date_gmt":"2026-08-31T12:56:13","guid":{"rendered":"https:\/\/www.europesays.com\/fi\/337968\/"},"modified":"2026-08-31T12:56:13","modified_gmt":"2026-08-31T12:56:13","slug":"hovioikeuden-tuomio-irakilaismies-raiskasi-sukulaistyttoaan-jonka-pakotti-kanssaan-naimisiin-kotimaa","status":"publish","type":"post","link":"https:\/\/www.europesays.com\/fi\/337968\/","title":{"rendered":"Hovioikeuden tuomio: Irakilaismies raiskasi sukul\u00adaistytt\u00f6\u00e4\u00e4n, jonka pakotti kanssaan naimisiin | Kotimaa"},"content":{"rendered":"<p class=\"aw__sc-1qwuw0s-0 aw__sc-1vg2sqm-0 epAWpq ecELkD yle__article__paragraph\">Mies pakotti 13-vuotiaan tyt\u00f6n kanssaan avioliittoon ulkomailla ja piti t\u00e4t\u00e4 vallassaan vuosia my\u00f6s Suomessa. Uhri synnytti liitossa kolme lasta.<\/p>\n<p><img decoding=\"async\" alt=\"Turun hovioikeus\" src=\"https:\/\/www.europesays.com\/fi\/wp-content\/uploads\/2026\/08\/1660896298.jpeg\" class=\"aw__sc-dklauk-0 LPzKX\"\/><\/p>\n<p>Avaa kuvien katselu<\/p>\n<p>Turun hovioikeus korotti irakilaismiehen tuomiota. Kuva: Petra Ristola \/ Yle<\/p>\n<p class=\"aw__sc-1qwuw0s-0 aw__sc-ngllmo-0 epAWpq fzYpjk yle__article__paragraph\">Turun hovioikeus korotti tuomiota tapauksessa, jossa irakilaismies pakotti sukulaistyt\u00f6n kanssaan naimisiin.<\/p>\n<p class=\"aw__sc-1qwuw0s-0 aw__sc-ngllmo-0 epAWpq fzYpjk yle__article__paragraph\">Varsinais-Suomen k\u00e4r\u00e4j\u00e4oikeus <a class=\"aw__sc-ngllmo-1 bTDnwX yle__article__link\" href=\"https:\/\/yle.fi\/a\/74-20157780\" role=\"link\" rel=\"nofollow noopener\" target=\"_blank\">tuomitsi<\/a> vuonna 2025 miehen kuuden ja puolen vuoden vankeuteen t\u00f6rke\u00e4st\u00e4 ihmiskaupasta, lapsikaappauksesta ja t\u00f6rke\u00e4st\u00e4 vapaudenriistosta.<\/p>\n<p class=\"aw__sc-1qwuw0s-0 aw__sc-ngllmo-0 epAWpq fzYpjk yle__article__paragraph\">Nyt hovioikeus tuomitsi miehen my\u00f6s raiskauksesta. T\u00e4m\u00e4 korotti tuomion seitsem\u00e4n vuoden ja kahden kuukauden mittaiseksi.<\/p>\n<p class=\"aw__sc-1qwuw0s-0 aw__sc-ngllmo-0 epAWpq fzYpjk yle__article__paragraph\">Hovioikeus katsoi, ett\u00e4 tyt\u00f6ll\u00e4 ei ollut mahdollisuutta kielt\u00e4yty\u00e4 sukupuoliyhteyksist\u00e4.<\/p>\n<p>Vuosien hyv\u00e4ksik\u00e4ytt\u00f6<\/p>\n<p class=\"aw__sc-1qwuw0s-0 aw__sc-ngllmo-0 epAWpq fzYpjk yle__article__paragraph\">Mies pakotti 13-vuotiaan tyt\u00f6n naimisiin ulkomailla vuonna 2008. He muuttivat Suomeen 2012.<\/p>\n<p class=\"aw__sc-1qwuw0s-0 aw__sc-ngllmo-0 epAWpq fzYpjk yle__article__paragraph\">Mies painosti uhriaan seksiin p\u00e4ivitt\u00e4in tai viikoittain. Tytt\u00f6 synnytti miehelle kolme lasta 2010-luvulla, joista kaksi alaik\u00e4isen\u00e4.<\/p>\n<p class=\"aw__sc-1qwuw0s-0 aw__sc-ngllmo-0 epAWpq fzYpjk yle__article__paragraph\">Hovioikeus katsoi, ett\u00e4 mies piti tytt\u00f6\u00e4 vallassaan k\u00e4ytti hyv\u00e4ksi t\u00e4m\u00e4n riippuvaista asemaa ja turvatonta tilaa. Tytt\u00f6 oli rahaton, kouluja k\u00e4ym\u00e4t\u00f6n ja kielitaidoton vieraassa maassa.<\/p>\n<p class=\"aw__sc-1qwuw0s-0 aw__sc-ngllmo-0 epAWpq fzYpjk yle__article__paragraph\">Vuonna 2018 mies kaappasi lapset kuudeksi vuodeksi Irakiin. Tuomittu otti lapset omavaltaisesti huostaansa ja kuljetti heid\u00e4t matkustajalaivalla Ruotsiin.<\/p>\n<p class=\"aw__sc-1qwuw0s-0 aw__sc-ngllmo-0 epAWpq fzYpjk yle__article__paragraph\">Mies otettiin eurooppalaisen pid\u00e4tysm\u00e4\u00e4r\u00e4yksen nojalla kiinni ulkomailla elokuussa 2024. H\u00e4n on ollut vangittuna saman vuoden syyskuusta l\u00e4htien.<\/p>\n<p>Harvinainen oikeustapaus<\/p>\n<p class=\"aw__sc-1qwuw0s-0 aw__sc-ngllmo-0 epAWpq fzYpjk yle__article__paragraph\">Tapaus on harvinainen, sill\u00e4 lapsiavioliitot j\u00e4\u00e4v\u00e4t Suomessa usein pimentoon.<\/p>\n<p class=\"aw__sc-1qwuw0s-0 aw__sc-ngllmo-0 epAWpq fzYpjk yle__article__paragraph\">Uhrin oikeusavustaja kertoi aikaisemmin Ylelle, ett\u00e4 olennaista tapauksessa on ollut uhrin sinnikkyys hakea oikeutta.<\/p>\n<p class=\"aw__sc-1qwuw0s-0 aw__sc-ngllmo-0 epAWpq fzYpjk yle__article__paragraph\">Suomessa pakkoavioliitto kriminalisoitiin erillisen\u00e4 rikosnimikkeen\u00e4 vuonna 2025. Aiemmin se on ollut rikoslain nojalla rangaistavaa ihmiskauppana, t\u00f6rke\u00e4n\u00e4 ihmiskauppana tai pakottamisena.<\/p>\n","protected":false},"excerpt":{"rendered":"Mies pakotti 13-vuotiaan tyt\u00f6n kanssaan avioliittoon ulkomailla ja piti t\u00e4t\u00e4 vallassaan vuosia my\u00f6s Suomessa. Uhri synnytti liitossa kolme&hellip;\n","protected":false},"author":2,"featured_media":337969,"comment_status":"","ping_status":"","sticky":false,"template":"","format":"standard","meta":{"footnotes":"","_share_on_mastodon":"0"},"categories":[5],"tags":[22,23,26,27,33,31,30,17,7542,71,24,25,28,29,15,2098,18,21,41800,581,32,19,20,16,663],"class_list":["post-337968","post","type-post","status-publish","format-standard","has-post-thumbnail","category-otsikot","tag-breaking-news","tag-breakingnews","tag-featured-news","tag-featurednews","tag-fi","tag-finland","tag-finnish","tag-headlines","tag-ihmiskauppa","tag-kotimaa","tag-latest-news","tag-latestnews","tag-main-news","tag-mainnews","tag-news","tag-oikeudenkaynnit","tag-otsikot","tag-paauutiset","tag-pakkoavioliitto","tag-rikokset","tag-suomi","tag-top-stories","tag-topstories","tag-uutiset","tag-varsinais-suomi"],"share_on_mastodon":{"url":"https:\/\/pubeurope.com\/@fi\/117190235984820543","error":""},"_links":{"self":[{"href":"https:\/\/www.europesays.com\/fi\/wp-json\/wp\/v2\/posts\/337968","targetHints":{"allow":["GET"]}}],"collection":[{"href":"https:\/\/www.europesays.com\/fi\/wp-json\/wp\/v2\/posts"}],"about":[{"href":"https:\/\/www.europesays.com\/fi\/wp-json\/wp\/v2\/types\/post"}],"author":[{"embeddable":true,"href":"https:\/\/www.europesays.com\/fi\/wp-json\/wp\/v2\/users\/2"}],"replies":[{"embeddable":true,"href":"https:\/\/www.europesays.com\/fi\/wp-json\/wp\/v2\/comments?post=337968"}],"version-history":[{"count":0,"href":"https:\/\/www.europesays.com\/fi\/wp-json\/wp\/v2\/posts\/337968\/revisions"}],"wp:featuredmedia":[{"embeddable":true,"href":"https:\/\/www.europesays.com\/fi\/wp-json\/wp\/v2\/media\/337969"}],"wp:attachment":[{"href":"https:\/\/www.europesays.com\/fi\/wp-json\/wp\/v2\/media?parent=337968"}],"wp:term":[{"taxonomy":"category","embeddable":true,"href":"https:\/\/www.europesays.com\/fi\/wp-json\/wp\/v2\/categories?post=337968"},{"taxonomy":"post_tag","embeddable":true,"href":"https:\/\/www.europesays.com\/fi\/wp-json\/wp\/v2\/tags?post=337968"}],"curies":[{"name":"wp","href":"https:\/\/api.w.org\/{rel}","templated":true}]}}