{"id":337970,"date":"2026-08-31T13:06:15","date_gmt":"2026-08-31T13:06:15","guid":{"rendered":"https:\/\/www.europesays.com\/fi\/337970\/"},"modified":"2026-08-31T13:06:15","modified_gmt":"2026-08-31T13:06:15","slug":"raportti-jatkuva-sykkeenmittaus-on-yksi-pian-julkaistavien-apple-watch-series-12n-ja-ultra-4n-uudistuksista","status":"publish","type":"post","link":"https:\/\/www.europesays.com\/fi\/337970\/","title":{"rendered":"Raportti: jatkuva sykkeenmittaus on yksi pian julkaistavien Apple Watch Series 12:n ja Ultra 4:n uudistuksista"},"content":{"rendered":"<p><a href=\"https:\/\/mobiili.fi\/wp-content\/uploads\/2025\/09\/apple_watch_series_11-scaled.jpg\" data-lightbox=\"image\" rel=\"nofollow noopener\" target=\"_blank\"><img fetchpriority=\"high\" decoding=\"async\" aria-describedby=\"caption-attachment-265221\" class=\"size-large wp-image-265221\" src=\"data:image\/svg+xml,%3Csvg%20xmlns=\" http:=\"\" alt=\"Kuvassa Apple Watch Series 11.\" width=\"1200\" height=\"769\" data-lazy- data-lazy- data-lazy-src=\"https:\/\/www.europesays.com\/fi\/wp-content\/uploads\/2026\/08\/apple_watch_series_11-1200x769.jpg\"\/><\/a><\/p>\n<p id=\"caption-attachment-265221\" class=\"wp-caption-text\">Kuvassa Apple Watch Series 11.<\/p>\n<p>Applen odotetaan julkistavan <a href=\"https:\/\/mobiili.fi\/2026\/08\/26\/apple-vahvisti-julkistustilaisuuden-9-syyskuuta-odotuksissa-uudet-iphonet-ja-muita-uutuuksia-2\/\" rel=\"nofollow noopener\" target=\"_blank\">9. syyskuuta julkistustilaisuudessaan<\/a> iPhone-uutuuksien ohella my\u00f6s uudet Apple Watch -\u00e4lykellot Apple Watch Series 12:n ja Apple Watch Ultra 4:n.<\/p>\n<p><a href=\"https:\/\/www.bloomberg.com\/news\/newsletters\/2026-08-30\/john-ternus-management-team-apple-watch-series-12-foldable-iphone-apple-pencil-mtfvmdyu\" rel=\"nofollow noopener\" target=\"_blank\">Bloombergin Apple-reportteri Mark Gurman on nyt Power On -uutiskirjeess\u00e4\u00e4n kertonut uusia yksityiskohtia uusista kelloista<\/a>.<\/p>\n<p>Apple on ty\u00f6st\u00e4nyt kelloihin muun muassa jatkuvaa sykkeen mittausta ja uudistettua tapaa esitt\u00e4\u00e4 k\u00e4ytt\u00e4j\u00e4n hyvinvointitietoja.<\/p>\n<p style=\"width: 98%; text-align: center; font-size:13px; border-bottom: 1px solid #C8C8C8; line-height: 0.1em; margin: 8px 1% 16px 1%;\">MAINOS (ARTIKKELI JATKUU ALLA)<\/p>\n<p>T\u00e4h\u00e4n asti Apple Watchit ovat mitanneet sykett\u00e4 jatkuvasti harjoitusten aikana, mutta muulloin mittauksia tehd\u00e4\u00e4n ajoittain. Gurmanin mukaan Apple on testannut ratkaisua, jossa sykeanturi ker\u00e4isi tietoja jatkuvasti koko p\u00e4iv\u00e4n ajan.<\/p>\n<p>Muutos kasvattaisi kellon ker\u00e4\u00e4m\u00e4n terveysdatan m\u00e4\u00e4r\u00e4\u00e4 ja voisi mahdollistaa nykyist\u00e4 yksityiskohtaisemman kuvan syd\u00e4men toiminnasta.<\/p>\n<p>Monet muut \u00e4lykellot tarjoavat jo t\u00e4llaisen jatkuvan mittauksen.<\/p>\n<p style=\"width: 98%; text-align: center; font-size:13px; border-bottom: 1px solid #C8C8C8; line-height: 0.1em; margin: 8px 1% 16px 1%;\">MAINOS (ARTIKKELI JATKUU ALLA)<\/p>\n<p>Apple suunnittelee samalla terveys- ja kuntoilusovellustensa uudistamista. Tavoitteena olisi tehd\u00e4 ker\u00e4tyist\u00e4 tiedoista helpommin ymm\u00e4rrett\u00e4vi\u00e4 ja nostaa esille nykyist\u00e4 enemm\u00e4n hyvinvointiin liittyvi\u00e4 mittareita.<\/p>\n<p>\u201dApple ty\u00f6skentelee my\u00f6s kuntoilu- ja terveyssovellustensa uudistamiseksi niin, ett\u00e4 ne n\u00e4ytt\u00e4isiv\u00e4t enemm\u00e4n hyvinvointiin liittyvi\u00e4 mittareita samaan tapaan kuin yh\u00e4 suositummat Whoopin ja Ouran sovellukset\u201d, Gurman raportoi.<\/p>\n<p>Kyse on toistaiseksi testattavista ominaisuuksista, eik\u00e4 niiden p\u00e4\u00e4tymisest\u00e4 pian esitelt\u00e4viin Apple Watch -malleihin ei ole varmuutta.<\/p>\n<p>Apple on lis\u00e4ksi tuomassa keraamisen rakenteen takaisin yhten\u00e4 vaihtoehtona Apple Watch Series 12:ssa. Gurmanin mukaan testattavana on kaksi viimeistely\u00e4: Apple Watchin aiemmista keraamisista malleista tuttu valkoinen sek\u00e4 uusi tummanharmaa vaihtoehto.<\/p>\n<p style=\"width: 98%; text-align: center; font-size:13px; border-bottom: 1px solid #C8C8C8; line-height: 0.1em; margin: 8px 1% 16px 1%;\">MAINOS (ARTIKKELI JATKUU ALLA)<\/p>\n<p>Toistaiseksi viimeisin Apple Watch -malli keraamisella rungolla on ollut Apple Watch Series 5.<\/p>\n<p>Suurempi Apple Watchin ulkoasun uudistus n\u00e4ytt\u00e4\u00e4 olevan edess\u00e4 my\u00f6hemmin. Bloombergin mukaan Apple pyrkii saamaan merkitt\u00e4v\u00e4n uuden muotoilun valmiiksi ensi vuodelle ja Apple Watch Series 13:een, mutta aikataulu voi veny\u00e4 Series 14 -sukupolveen.<\/p>\n<p>\u201dApple pyrkii yh\u00e4 saamaan kellonsa suuren uudelleensuunnittelun valmiiksi ensi vuoteen menness\u00e4, mutta asiat voivat silti siirty\u00e4 seuraavaan vuoteen\u201d Gurman toteaa.<\/p>\n<p>Teknisesti yksi t\u00e4rkeimmist\u00e4 uudistuksista t\u00e4m\u00e4n vuoden Apple-kelloissa on uusi j\u00e4rjestelm\u00e4piiri. Apple Watch Series 12:n ja Apple Watch Ultra 4:n odotetaan saavan uuden piirin, joka tuo paremman suorituskyvyn.<\/p>\n<p style=\"width: 98%; text-align: center; font-size:13px; border-bottom: 1px solid #C8C8C8; line-height: 0.1em; margin: 8px 1% 16px 1%;\">MAINOS (ARTIKKELI JATKUU ALLA)<\/p>\n<p>Viimeisin paremman suorituskyvyn mukanaan tuonut piiri Apple Watcheissa n\u00e4htiin Apple Watch Series 9:ss\u00e4 ja Apple Watch Ultra 2:ssa vuonna 2023. Sittemminkin Apple on tuonut tarjolle uusia piirej\u00e4, mutta suorituskyvyn sijaan uudistukset ovat keskittyneet muille osa-alueille.<\/p>\n<p>Applen \u00e4lykellomalliston edullisimmasta vaihtoehdosta eli Apple Watch SE :st\u00e4 ei ole odotettavissa uutta versiota t\u00e4n\u00e4 vuonna. Apple julkaisi Apple Watch SE 3:n viime vuonna, jolloin malli sai merkitt\u00e4vi\u00e4 parannuksia, kuten aina p\u00e4\u00e4ll\u00e4 olevan n\u00e4yt\u00f6n ja paremman suorituskyvyn.<\/p>\n<p>Mainos: <a href=\"https:\/\/hinta.fi\/?src=gPp6fX03\" target=\"_blank\" rel=\"nofollow noopener\">Noin 1 600 000 tuotteen hintavertailu ja hintaseuranta &#8211; katso Hinta.fist\u00e4 mist\u00e4 saat halvimmalla<\/a><\/p>\n","protected":false},"excerpt":{"rendered":"Kuvassa Apple Watch Series 11. Applen odotetaan julkistavan 9. syyskuuta julkistustilaisuudessaan iPhone-uutuuksien ohella my\u00f6s uudet Apple Watch -\u00e4lykellot&hellip;\n","protected":false},"author":2,"featured_media":337971,"comment_status":"","ping_status":"","sticky":false,"template":"","format":"standard","meta":{"footnotes":"","_share_on_mastodon":"0"},"categories":[86],"tags":[420,33,31,30,421,32,91,92],"class_list":["post-337970","post","type-post","status-publish","format-standard","has-post-thumbnail","category-laitteet","tag-equipment","tag-fi","tag-finland","tag-finnish","tag-laitteet","tag-suomi","tag-technology","tag-teknologia"],"share_on_mastodon":{"url":"https:\/\/pubeurope.com\/@fi\/117190275044182138","error":""},"_links":{"self":[{"href":"https:\/\/www.europesays.com\/fi\/wp-json\/wp\/v2\/posts\/337970","targetHints":{"allow":["GET"]}}],"collection":[{"href":"https:\/\/www.europesays.com\/fi\/wp-json\/wp\/v2\/posts"}],"about":[{"href":"https:\/\/www.europesays.com\/fi\/wp-json\/wp\/v2\/types\/post"}],"author":[{"embeddable":true,"href":"https:\/\/www.europesays.com\/fi\/wp-json\/wp\/v2\/users\/2"}],"replies":[{"embeddable":true,"href":"https:\/\/www.europesays.com\/fi\/wp-json\/wp\/v2\/comments?post=337970"}],"version-history":[{"count":0,"href":"https:\/\/www.europesays.com\/fi\/wp-json\/wp\/v2\/posts\/337970\/revisions"}],"wp:featuredmedia":[{"embeddable":true,"href":"https:\/\/www.europesays.com\/fi\/wp-json\/wp\/v2\/media\/337971"}],"wp:attachment":[{"href":"https:\/\/www.europesays.com\/fi\/wp-json\/wp\/v2\/media?parent=337970"}],"wp:term":[{"taxonomy":"category","embeddable":true,"href":"https:\/\/www.europesays.com\/fi\/wp-json\/wp\/v2\/categories?post=337970"},{"taxonomy":"post_tag","embeddable":true,"href":"https:\/\/www.europesays.com\/fi\/wp-json\/wp\/v2\/tags?post=337970"}],"curies":[{"name":"wp","href":"https:\/\/api.w.org\/{rel}","templated":true}]}}