{"id":337972,"date":"2026-08-31T13:08:16","date_gmt":"2026-08-31T13:08:16","guid":{"rendered":"https:\/\/www.europesays.com\/fi\/337972\/"},"modified":"2026-08-31T13:08:16","modified_gmt":"2026-08-31T13:08:16","slug":"ttk-juontaja-veronica-verho-lataa-suorat-sanat-arvostelijoilleen","status":"publish","type":"post","link":"https:\/\/www.europesays.com\/fi\/337972\/","title":{"rendered":"TTK-juontaja Veronica Verho lataa suorat sanat arvostelijoilleen"},"content":{"rendered":"<p>            Timo Korhonen\n        <\/p>\n<p class=\"subtitle \">Veronica Verho on TTK:n uusi juontaja. Pitk\u00e4st\u00e4 urasta huolimatta monien katse kiinnittyi juontajan ulkomuotoon.<\/p>\n<p class=\"article-content article-content-width !bg-background\">Sunnuntai-iltana 30. elokuutta koitti kauan odotettu hetki, kun Tanssii t\u00e4htien kanssa -ohjelman uusi juontaja paljastettiin kuukausien salailun ja spekulaation j\u00e4lkeen. Kuten moni arvasikin,  piikkikorkoihin astuu , 30.\u00a0<\/p>\n<p class=\"font-weight-bold m-font-weight-bold article-content article-content-width !bg-background\">Arkistovideolla Veronica Verho kertoo peloistaan:<\/p>\n<p class=\"article-content article-content-width !bg-background\">Youtubesta t\u00e4htitaivaalle aikoinaan ponnistanut Veronica on tiennyt pestist\u00e4\u00e4n kev\u00e4\u00e4st\u00e4 asti. Koekuvauksissa h\u00e4n k\u00e4vi jo viime syksyn\u00e4. Ennen sunnuntaita h\u00e4n sai hiiskua asiasta ainoastaan l\u00e4himmilleen.<\/p>\n<p class=\"article-content article-content-width !bg-background\">\u2013 Kerroin parhaille yst\u00e4villeni, puolisolleni sek\u00e4 muutamalle perheenj\u00e4senelle, Veronica paljastaa Katsolle.\u00a0<\/p>\n<p>        <a itemprop=\"url\" href=\"https:\/\/www.seiska.fi\/katso\/katsojilta-suorat-sanat-uudesta-ttk-juontajasta\/2248312\" rel=\"nofollow noopener\" target=\"_blank\"><\/p>\n<p>\nUusi TTK-juontaja:\n<\/p>\n<p class=\"section-date\">\n        <strong class=\"article-section\" data-section=\"katso\"><br \/>\n            katso<br \/>\n        <\/strong><br \/>\n        09:15\n    <\/p>\n<p>Katsojilta suorat sanat uudesta TTK-juontajasta\n    <\/p>\n<p itemprop=\"description\" class=\"subtitle \">\n    Uuden juontajan julkistus ker\u00e4si paljon pohdintaa.\n<\/p>\n<p>        <\/a><\/p>\n<p>                <img decoding=\"async\" src=\"https:\/\/www.europesays.com\/fi\/wp-content\/uploads\/2026\/08\/2248732.webp\" width=\"576\" height=\"720\" alt=\"Veronica oli ovela: h\u00e4n kutsui yst\u00e4v\u00e4ns\u00e4 sunnuntai-iltana tupareihin, mutta juhlien aikana televisiosta paljastuikin, ett\u00e4 Veronica on uusi TTK-juontaja.\" loading=\"lazy\" \/>            <\/p>\n<p>\n            Veronica oli ovela: h\u00e4n kutsui yst\u00e4v\u00e4ns\u00e4 sunnuntai-iltana tupareihin, mutta juhlien aikana televisiosta paljastuikin, ett\u00e4 Veronica on uusi TTK-juontaja.<br \/>\n            Timo Korhonen\n        <\/p>\n<p>Ei j\u00e4t\u00e4 radiota<\/p>\n<p class=\"article-content article-content-width !bg-background\">TTK on syksyn odotetuimpia viihdepl\u00e4j\u00e4yksi\u00e4. Veronicaa livel\u00e4hteykset kuitenkin ty\u00f6llist\u00e4v\u00e4t vain sen verran, ett\u00e4 h\u00e4n pystyy jatkamaan ty\u00f6skentely\u00e4 my\u00f6s radiossa. H\u00e4n on juontanut Radio Novan iltap\u00e4ivi\u00e4 yhdess\u00e4  kanssa alkuvuodesta saakka.\u00a0<\/p>\n<p class=\"article-content article-content-width !bg-background\">\u2013 Balanssi on tosi hyv\u00e4, koska viikon viimeinen radiol\u00e4hetys on aina torstaisin ja\u00a0TTK:n k\u00e4sispalaveri on perjantaina. Sunnuntaina sitten p\u00e4\u00e4p\u00e4iv\u00e4, Veronica kertoo jatkaen per\u00e4\u00e4n:<\/p>\n<p class=\"article-content article-content-width !bg-background\">\u2013 En tied\u00e4, kuka t\u00e4m\u00e4n aikataulun oli t\u00e4htiin kirjoittanut, mutta kiitos h\u00e4nelle!<\/p>\n<p>        <a itemprop=\"url\" href=\"https:\/\/www.seiska.fi\/katso\/tunnistaisitko-talta-veronica-verho-naytti-uransa-alussa\/2071636\" rel=\"nofollow noopener\" target=\"_blank\"><\/p>\n<p>\nVanha video julki:\n<\/p>\n<p class=\"section-date\">\n        <strong class=\"article-section\" data-section=\"katso\"><br \/>\n            katso<br \/>\n        <\/strong><br \/>\n        12.2. 13:15\n    <\/p>\n<p>Tunnistaisitko? T\u00e4lt\u00e4 Veronica Verho n\u00e4ytti uransa alussa\n    <\/p>\n<p itemprop=\"description\" class=\"subtitle \">\n    Yle uteli Veronicalta vuonna 2016, mit\u00e4 tubettaminen oikein tarkoittaa.\n<\/p>\n<p>        <\/a><\/p>\n<p>                <img decoding=\"async\" src=\"https:\/\/www.europesays.com\/fi\/wp-content\/uploads\/2026\/08\/2248749.webp\" width=\"576\" height=\"322\" alt=\"Veronicalla on monta rautaa tulessa: TTK:n ohella h\u00e4n jatkaa normaaleiden radiot\u00f6idens\u00e4 parissa.\" loading=\"lazy\" \/>            <\/p>\n<p>\n            Veronicalla on monta rautaa tulessa: TTK:n ohella h\u00e4n jatkaa normaaleiden radiot\u00f6idens\u00e4 parissa.<br \/>\n            Timo Korhonen\n        <\/p>\n<p>Kritiikki\u00e4 tatuoinneista<\/p>\n<p class=\"article-content article-content-width !bg-background\">Vappu aloitti TTK-juontajana vuonna 2009. Monien katsojien silmiss\u00e4 h\u00e4n olikin olennainen osa ohjelman lumoa.\u00a0<\/p>\n<p class=\"article-content article-content-width !bg-background\">Tieto Veronican juontopestist\u00e4 on otettu p\u00e4\u00e4asiassa hyvin vastaan, mutta eri\u00e4vi\u00e4kin mielipiteit\u00e4 on. Muun muassa Veronican lukuisat tatuoinnit sek\u00e4 venytetyt korvanlehdet tuntuvat hiert\u00e4v\u00e4n osaa katsojista.\u00a0<\/p>\n<p class=\"article-content article-content-width !bg-background\">\u2013 Olen ollut allalla sen verran pitk\u00e4\u00e4n, ett\u00e4 olen tottunut siihen. Kaikkia ei vaan voi miellytt\u00e4\u00e4, Veronica toteaa hymyillen.\u00a0<\/p>\n<p class=\"article-content article-content-width !bg-background\">\u2013 Ajattelen, ett\u00e4 siihen on syy, miksi minut on t\u00e4h\u00e4n palkattu. En peitellyt tatuointejani koekuvauksissa, eik\u00e4 sit\u00e4 ole tuotannon taholta pyydettyk\u00e4\u00e4n.\u00a0<\/p>\n<p>        <a itemprop=\"url\" href=\"https:\/\/www.seiska.fi\/katso\/ernest-lawson-paljastus-ttk-juontoparista\/2228956\" rel=\"nofollow noopener\" target=\"_blank\"><\/p>\n<p>\nErnest Lawson\n<\/p>\n<p class=\"section-date\">\n        <strong class=\"article-section\" data-section=\"katso\"><br \/>\n            katso<br \/>\n        <\/strong><br \/>\n        7.8. 11:15\n    <\/p>\n<p>Ernest Lawson: Paljastus TTK-juontoparista!\n    <\/p>\n<p itemprop=\"description\" class=\"subtitle \">\n    Ernest palaa ohjelmaan t\u00e4ll\u00e4 kertaa t\u00e4ysin uuden juontajaparin kanssa.\n<\/p>\n<p>        <\/a><\/p>\n<p>                <img decoding=\"async\" src=\"https:\/\/www.europesays.com\/fi\/wp-content\/uploads\/2026\/08\/2248743.webp\" width=\"576\" height=\"720\" alt=\"Veronicalla on lukuisia tatuointeja ymp\u00e4ri kehoaan. H\u00e4n huomauttaa, ett\u00e4 ne ovat kuitenkin paikoissa, joissa ne pysyv\u00e4t usein piilossa vaatteiden alla. Arkistokuva 2023.\" loading=\"lazy\" \/>            <\/p>\n<p>\n            Veronicalla on lukuisia tatuointeja ymp\u00e4ri kehoaan. H\u00e4n huomauttaa, ett\u00e4 ne ovat kuitenkin paikoissa, joissa ne pysyv\u00e4t usein piilossa vaatteiden alla. Arkistokuva 2023.<br \/>\n            ATTE KAJOVA\n        <\/p>\n<p>Paita on ihan vaan paita<\/p>\n<p class=\"article-content article-content-width !bg-background\">Veronican tatuointeja ei siis olla livel\u00e4hteyksi\u00e4 varten peitt\u00e4m\u00e4ss\u00e4 esimerkiksi meikill\u00e4. Voi kuitenkin olla, etteiv\u00e4t katsojat p\u00e4\u00e4se niit\u00e4 kovin tarkasti tiirailemaankaan.\u00a0<\/p>\n<p class=\"article-content article-content-width !bg-background\">\u2013 Olemme kuitenkin Suomessa, jossa ollaan 80 prosenttia ajasta pitk\u00e4hihaiset p\u00e4\u00e4ll\u00e4, Veronica huomauttaa.\u00a0\u00a0<\/p>\n<p class=\"article-content article-content-width !bg-background\">\u2013 Eli sit\u00e4 on ainakin turha spekuloida, ett\u00e4 piilottelenko hihoilla tatuointeja. En piilottele, h\u00e4n naurahtaa.<\/p>\n<p>        <a itemprop=\"url\" href=\"https:\/\/www.seiska.fi\/katso\/podcast-juhani-koskinen-avautuu-tinder-kokemuksistaan\/1941903\" rel=\"nofollow noopener\" target=\"_blank\"><\/p>\n<p>\nJuhani Koskinen podcastissa:\n<\/p>\n<p class=\"section-date\">\n        <strong class=\"article-section\" data-section=\"katso\"><br \/>\n            katso<br \/>\n        <\/strong><br \/>\n        26.9.2025 09:15\n    <\/p>\n<p>Podcast: Juhani Koskinen avautuu Tinder-kokemuksistaan\n    <\/p>\n<p itemprop=\"description\" class=\"subtitle \">\n    Juhani Koskinen kertoo Gogin kantabaarissa parisuhdehaaveistaan ja erostaan Veronica Verhon kanssa.\n<\/p>\n<p>        <\/a><\/p>\n","protected":false},"excerpt":{"rendered":"Timo Korhonen Veronica Verho on TTK:n uusi juontaja. Pitk\u00e4st\u00e4 urasta huolimatta monien katse kiinnittyi juontajan ulkomuotoon. Sunnuntai-iltana 30.&hellip;\n","protected":false},"author":2,"featured_media":337973,"comment_status":"","ping_status":"","sticky":false,"template":"","format":"standard","meta":{"footnotes":"","_share_on_mastodon":"0"},"categories":[136],"tags":[407,137,33,31,30,408,6048,32,903,9548,3099,1896,2843,109],"class_list":["post-337972","post","type-post","status-publish","format-standard","has-post-thumbnail","category-julkkikset","tag-celebrities","tag-entertainment","tag-fi","tag-finland","tag-finnish","tag-julkkikset","tag-juontaja","tag-suomi","tag-tanssii-tahtien-kanssa","tag-tatuoinnit","tag-ttk","tag-vappu-pimia","tag-veronica-verho","tag-viihde"],"share_on_mastodon":{"url":"https:\/\/pubeurope.com\/@fi\/117190283495107885","error":""},"_links":{"self":[{"href":"https:\/\/www.europesays.com\/fi\/wp-json\/wp\/v2\/posts\/337972","targetHints":{"allow":["GET"]}}],"collection":[{"href":"https:\/\/www.europesays.com\/fi\/wp-json\/wp\/v2\/posts"}],"about":[{"href":"https:\/\/www.europesays.com\/fi\/wp-json\/wp\/v2\/types\/post"}],"author":[{"embeddable":true,"href":"https:\/\/www.europesays.com\/fi\/wp-json\/wp\/v2\/users\/2"}],"replies":[{"embeddable":true,"href":"https:\/\/www.europesays.com\/fi\/wp-json\/wp\/v2\/comments?post=337972"}],"version-history":[{"count":0,"href":"https:\/\/www.europesays.com\/fi\/wp-json\/wp\/v2\/posts\/337972\/revisions"}],"wp:featuredmedia":[{"embeddable":true,"href":"https:\/\/www.europesays.com\/fi\/wp-json\/wp\/v2\/media\/337973"}],"wp:attachment":[{"href":"https:\/\/www.europesays.com\/fi\/wp-json\/wp\/v2\/media?parent=337972"}],"wp:term":[{"taxonomy":"category","embeddable":true,"href":"https:\/\/www.europesays.com\/fi\/wp-json\/wp\/v2\/categories?post=337972"},{"taxonomy":"post_tag","embeddable":true,"href":"https:\/\/www.europesays.com\/fi\/wp-json\/wp\/v2\/tags?post=337972"}],"curies":[{"name":"wp","href":"https:\/\/api.w.org\/{rel}","templated":true}]}}