{"id":337974,"date":"2026-08-31T13:15:13","date_gmt":"2026-08-31T13:15:13","guid":{"rendered":"https:\/\/www.europesays.com\/fi\/337974\/"},"modified":"2026-08-31T13:15:13","modified_gmt":"2026-08-31T13:15:13","slug":"f1-huippupaikat-menivat-yhtakkia-lukkoon-nelja-nimea-voi-kaynnistaa-seuraavan-jattikarusellin","status":"publish","type":"post","link":"https:\/\/www.europesays.com\/fi\/337974\/","title":{"rendered":"F1-huippupaikat meniv\u00e4t yht\u00e4kki\u00e4 lukkoon \u2013 nelj\u00e4 nime\u00e4 voi k\u00e4ynnist\u00e4\u00e4 seuraavan j\u00e4ttikarusellin"},"content":{"rendered":"<p class=\"wp-block-paragraph\">Red Bullin <strong>Max Verstappenin<\/strong> ja McLarenin <strong>Lando Norrisin<\/strong> jatkosopimukset sulkivat kaksi halutuinta ovea \u2013 ainakin toistaiseksi.<\/p>\n<p class=\"wp-block-paragraph\">Nelinkertainen maailmanmestari Verstappen yhdistettiin sek\u00e4 Mercedekseen ett\u00e4 McLareniin, mutta hollantilainen p\u00e4\u00e4tyi jatkamaan Red Bullilla vuoteen 2030 saakka.<\/p>\n<p class=\"wp-block-paragraph\">Hallitsevan maailmanmestarin Norrisin tulevaisuudesta oli v\u00e4hemm\u00e4n ep\u00e4selvyytt\u00e4. McLaren vahvisti lauantaina brittikuljettajan monivuotisen jatkosopimuksen.<\/p>\n<p class=\"wp-block-paragraph\">Mercedes puolestaan n\u00e4ytt\u00e4\u00e4 rakentavan tulevaisuuttaan <strong>Kimi Antonellin<\/strong> ymp\u00e4rille. MM-sarjaa johtavan italialaisen loistava vire on saattanut osaltaan v\u00e4hent\u00e4\u00e4 <strong>Toto Wolffin<\/strong> tarvetta tavoitella Verstappenia.<\/p>\n<p class=\"wp-block-paragraph\">Ferrari teki kes\u00e4kuussa jatkosopimuksen <strong>Charles Leclercin<\/strong> kanssa, ja <strong>Lewis Hamilton<\/strong> on vakuuttanut, ettei uran lopettaminen ole viel\u00e4 h\u00e4nen suunnitelmissaan.<\/p>\n<p class=\"wp-block-paragraph\">F1-sarjan\u00a0nelj\u00e4n suuren \u2013 Mercedeksen, McLarenin, Ferrarin ja Red Bullin \u2013 huippupaikat n\u00e4ytt\u00e4v\u00e4t siis lyhyell\u00e4 aikav\u00e4lill\u00e4 t\u00e4ytetyilt\u00e4.<\/p>\n<p><img fetchpriority=\"high\" decoding=\"async\" width=\"1200\" height=\"642\" src=\"https:\/\/www.europesays.com\/fi\/wp-content\/uploads\/2026\/08\/1920_oscarpiastri-mclarenmcl40.jpg\" alt=\"Oscar Piastri\" class=\"wp-image-107781\"  \/>Oscar Piastri saattaa haluta pois tallikaverinsa varjosta. Kuva: Pirelli F1Russell ja Piastri vaikean kysymyksen edess\u00e4<\/p>\n<p class=\"wp-block-paragraph\">Sky Sports F1\u00a0nostaa kuitenkin esiin kaksi kuljettajaa, joiden tilanteet voivat k\u00e4ynnist\u00e4\u00e4 seuraavan suuren liikkeen kuljettajamarkkinoilla.<\/p>\n<p class=\"wp-block-paragraph\">Mercedeksen <strong>George Russell <\/strong>ja McLarenin <strong>Oscar Piastri <\/strong>ovat vaarassa j\u00e4\u00e4d\u00e4 omissa talleissaan tiimikavereidensa varjoon.<\/p>\n<p class=\"wp-block-paragraph\">Norris voitti Piastrin viime kauden maailmanmestaruustaistelussa ja on sopeutunut australialaista nopeammin vuoden 2026 uusiin F1-autoihin.<\/p>\n<p class=\"wp-block-paragraph\">Russell puolestaan l\u00e4hti kauteen mestarisuosikkina, mutta Antonelli on onnistunut ajamaan h\u00e4nt\u00e4 paremmin. Vasta 20-vuotiaan italialaisen kohdalla huomionarvoista on my\u00f6s se, kuinka paljon kehitysvaraa h\u00e4nell\u00e4 edelleen oletetaan olevan.<\/p>\n<p class=\"wp-block-paragraph\">Jos Piastri tai Russell j\u00e4\u00e4v\u00e4t seuraavan puolentoista vuoden aikana jatkuvasti tallikaverinsa varjoon, ajatus tallinvaihdosta voi alkaa houkutella ensimm\u00e4isen maailmanmestaruuden tavoittelussa.<\/p>\n<p>Hamiltonin p\u00e4\u00e4t\u00f6s voi avata halutuimman oven<\/p>\n<p class=\"wp-block-paragraph\">Toinen merkitt\u00e4v\u00e4 kysymys koskee Hamiltonia.<\/p>\n<p class=\"wp-block-paragraph\">41-vuotias brittilegenda on sanonut haluavansa jatkaa uraansa, ja h\u00e4nen nykyisess\u00e4 sopimuksessaan kerrotaan olevan mahdollisuus ajaa Ferrarilla vuoden 2028 loppuun asti.<\/p>\n<p class=\"wp-block-paragraph\">Silloin h\u00e4n olisi jo l\u00e4hemm\u00e4s 44-vuotias.<\/p>\n<p class=\"wp-block-paragraph\"><strong>Fernando Alonso<\/strong> osoittaa 45-vuotiaana, ettei pitk\u00e4 F1-ura ole mahdoton, mutta Hamiltonin jatkaminen vuoden 2028 j\u00e4lkeen olisi silti poikkeuksellista.<\/p>\n<p class=\"wp-block-paragraph\">Siksi Ferrari voi joutua etsim\u00e4\u00e4n uutta kuljettajaa kaudelle 2029 \u2013 mahdollisesti jo aikaisemmin.<\/p>\n<p class=\"wp-block-paragraph\">Yksi sis\u00e4inen vaihtoehto olisi Ferrarin junioriohjelmaan kuuluva <strong>Oliver Bearman<\/strong>. Ferrarin paikka olisi kuitenkin avautuessaan niin houkutteleva, ett\u00e4 kiinnostusta l\u00f6ytyisi k\u00e4yt\u00e4nn\u00f6ss\u00e4 koko l\u00e4ht\u00f6ruudukosta.<\/p>\n<p>Verstappenin ymp\u00e4rill\u00e4 voi alkaa uusi kierros<\/p>\n<p class=\"wp-block-paragraph\">Verstappenin sopimus vuoteen 2030 n\u00e4ytt\u00e4\u00e4 paperilla vahvalta, mutta yksi merkitt\u00e4v\u00e4 kysymys on edelleen avoinna.<\/p>\n<p class=\"wp-block-paragraph\">Red Bull ja Verstappen eiv\u00e4t ole vahvistaneet, sis\u00e4lt\u00e4\u00e4k\u00f6 uusi sopimus suorituskykyyn liittyvi\u00e4 irtautumismahdollisuuksia.<\/p>\n<p class=\"wp-block-paragraph\">Asialla voi olla merkityst\u00e4, sill\u00e4 Red Bull on t\u00e4ll\u00e4 hetkell\u00e4 j\u00e4\u00e4nyt Mercedeksen, Ferrarin ja McLarenin vauhdista.<\/p>\n<p class=\"wp-block-paragraph\">Verstappen antaa tallille mahdollisuuden kuroa eroa umpeen ensi kaudella. Jos Red Bull ei onnistu siin\u00e4, spekulaatiot hollantilaisen vaihtoehdoista voivat k\u00e4ynnisty\u00e4 uudelleen ennen kautta 2028.<\/p>\n<p class=\"wp-block-paragraph\">Mercedes ja McLaren ovat jo aiemmin keskustelleet Verstappenin mahdollisesta hankkimisesta. Jos Hamilton p\u00e4\u00e4tt\u00e4isi lopettaa uransa, my\u00f6s Ferrari voisi nousta mukaan kilpailuun.<\/p>\n<p>Aston Martin ei ole viel\u00e4 rikkonut nelj\u00e4n suuren rintamaa<\/p>\n<p class=\"wp-block-paragraph\">Kuljettajamarkkinat voisivat muuttua my\u00f6s kokonaan uuden voimatekij\u00e4n noustessa k\u00e4rkeen.<\/p>\n<p class=\"wp-block-paragraph\">Vuoden 2026 s\u00e4\u00e4nt\u00f6uudistusta pidettiin mahdollisuutena haastaa vakiintunut k\u00e4rkiryhm\u00e4, mutta toistaiseksi Mercedes, McLaren, Ferrari ja Red Bull ovat s\u00e4ilytt\u00e4neet asemansa.<\/p>\n<p class=\"wp-block-paragraph\">Erityisesti Aston Martin l\u00e4hti uusiin s\u00e4\u00e4nt\u00f6ihin suurin odotuksin, mutta tulokset ovat j\u00e4\u00e4neet selv\u00e4sti tavoitteista. My\u00f6s Hondan voimanl\u00e4hteen ongelmat ovat hidastaneet kehityst\u00e4.<\/p>\n","protected":false},"excerpt":{"rendered":"Red Bullin Max Verstappenin ja McLarenin Lando Norrisin jatkosopimukset sulkivat kaksi halutuinta ovea \u2013 ainakin toistaiseksi. Nelinkertainen maailmanmestari&hellip;\n","protected":false},"author":2,"featured_media":337975,"comment_status":"","ping_status":"","sticky":false,"template":"","format":"standard","meta":{"footnotes":"","_share_on_mastodon":"0"},"categories":[158],"tags":[5717,34329,30366,33,31,30,7317,18874,7571,7318,6530,20389,159,32,160],"class_list":["post-337974","post","type-post","status-publish","format-standard","has-post-thumbnail","category-urheilu","tag-f1","tag-f1-kausi-2027","tag-fernando-alonso","tag-fi","tag-finland","tag-finnish","tag-lando-norris","tag-lewis-hamilton","tag-max-verstappen","tag-mclaren","tag-red-bull","tag-scuderia-ferrari","tag-sports","tag-suomi","tag-urheilu"],"share_on_mastodon":{"url":"https:\/\/pubeurope.com\/@fi\/117190310791103808","error":""},"_links":{"self":[{"href":"https:\/\/www.europesays.com\/fi\/wp-json\/wp\/v2\/posts\/337974","targetHints":{"allow":["GET"]}}],"collection":[{"href":"https:\/\/www.europesays.com\/fi\/wp-json\/wp\/v2\/posts"}],"about":[{"href":"https:\/\/www.europesays.com\/fi\/wp-json\/wp\/v2\/types\/post"}],"author":[{"embeddable":true,"href":"https:\/\/www.europesays.com\/fi\/wp-json\/wp\/v2\/users\/2"}],"replies":[{"embeddable":true,"href":"https:\/\/www.europesays.com\/fi\/wp-json\/wp\/v2\/comments?post=337974"}],"version-history":[{"count":0,"href":"https:\/\/www.europesays.com\/fi\/wp-json\/wp\/v2\/posts\/337974\/revisions"}],"wp:featuredmedia":[{"embeddable":true,"href":"https:\/\/www.europesays.com\/fi\/wp-json\/wp\/v2\/media\/337975"}],"wp:attachment":[{"href":"https:\/\/www.europesays.com\/fi\/wp-json\/wp\/v2\/media?parent=337974"}],"wp:term":[{"taxonomy":"category","embeddable":true,"href":"https:\/\/www.europesays.com\/fi\/wp-json\/wp\/v2\/categories?post=337974"},{"taxonomy":"post_tag","embeddable":true,"href":"https:\/\/www.europesays.com\/fi\/wp-json\/wp\/v2\/tags?post=337974"}],"curies":[{"name":"wp","href":"https:\/\/api.w.org\/{rel}","templated":true}]}}