{"id":337978,"date":"2026-08-31T13:19:12","date_gmt":"2026-08-31T13:19:12","guid":{"rendered":"https:\/\/www.europesays.com\/fi\/337978\/"},"modified":"2026-08-31T13:19:12","modified_gmt":"2026-08-31T13:19:12","slug":"inderesin-rautanen-pohjoismaiden-jattiporssi-ratkaisisi-monta-ongelmaa","status":"publish","type":"post","link":"https:\/\/www.europesays.com\/fi\/337978\/","title":{"rendered":"Inderesin Rautanen: Pohjoismaiden j\u00e4ttip\u00f6rssi ratkaisisi monta ongelmaa"},"content":{"rendered":"<p class=\"article-body mb-(--paragraph-margin-b) px-nof-16\">Analyysiyhti\u00f6 Inderesin toimitusjohtaja <a class=\"font-bold underline-offset-[0.12em] [text-decoration:var(--person-link-text-decoration)] [text-decoration-color:var(--person-link-text-decoration-color)]!\" href=\"https:\/\/www.hs.fi\/haku\/?query=Mikael%20Rautanen\" rel=\"nofollow noopener\" target=\"_blank\">Mikael Rautanen<\/a> sanoo, ett\u00e4 Pohjoismaiden yhteinen j\u00e4ttip\u00f6rssi est\u00e4isi kasvuyritysten karkaamisen esimerkiksi Yhdysvaltoihin.<\/p>\n<p class=\"article-body mb-(--paragraph-margin-b) px-nof-16\">\u201dP\u00f6rssin funktio on rahoittaa kasvuyrityksi\u00e4. Rahoituksen saatavuusongelma helpottuisi, kun markkina olisi isompi\u201d, Rautanen sanoo<\/p>\n<p class=\"article-body mb-(--paragraph-margin-b) px-nof-16\">Uutistoimisto Bloomberg <a class=\"underline underline-offset-[0.12em] [text-decoration-thickness:var(--generic-link-underline-thickness)] [text-decoration-color:var(--generic-link-underline-color)] [text-decoration-skip-ink:var(--generic-link-underline-skip-ink)] break-words\" href=\"https:\/\/www.bloomberg.com\/news\/articles\/2026-08-26\/nordic-alliance-said-to-explore-region-wide-stock-exchange\" rel=\"nofollow noopener\" target=\"_blank\">uutisoi<\/a> viime viikolla, ett\u00e4 Nordic Compass -niminen ryhm\u00e4 on suunnittelemassa uutta yhteispohjoismaista j\u00e4ttip\u00f6rssi\u00e4. Tarkoituksena on, ett\u00e4 Ruotsin, Norjan, Tanskan ja Suomen p\u00f6rssit yhdistyv\u00e4t yhdeksi markkinaksi.<\/p>\n<p class=\"article-body mb-(--paragraph-margin-b) px-nof-16\">Ryhmittym\u00e4\u00e4n kuuluvat muun muassa Wallenberg Investments, EQT, Nordea, Kone, Nasdaq, Novo Nordisk -s\u00e4\u00e4ti\u00f6, Nokia, Sitra ja Patria.<\/p>\n<p class=\"article-body mb-(--paragraph-margin-b) px-nof-16\">Nordic Compassin ajatuksena on, ett\u00e4 Pohjoismaat pystyv\u00e4t yhteisell\u00e4 p\u00f6rssill\u00e4 kilpailemaan paremmin muun muassa Yhdysvaltain p\u00e4\u00e4omamarkkinoiden kanssa. Ajatus noudattelee Euroopan komission puheenvuoroja, joiden mukaan Euroopan pit\u00e4isi yhdist\u00e4\u00e4 p\u00e4\u00e4omamarkkinoitaan.<\/p>\n<p class=\"article-body mb-(--paragraph-margin-b) px-nof-16\">Kaikissa Pohjoismaissa operoivan analyysiyhti\u00f6 Inderesin Rautasen mielest\u00e4 pohjoismaisessa j\u00e4ttip\u00f6rssiss\u00e4 on potentiaalia, mutta siin\u00e4 helppo n\u00e4hd\u00e4 my\u00f6s haasteita.<\/p>\n<p class=\"article-body mb-(--paragraph-margin-b) px-nof-16\">Ensimm\u00e4inen haaste on selv\u00e4: Suomi, Ruotsi, Norja ja Tanska ovat kaikki nelj\u00e4 eri valtioita, joissa on omat tapansa tehd\u00e4 asioita. Miten n\u00e4m\u00e4 tavat saataisiin yhten\u00e4isiksi?<\/p>\n<p class=\"article-body mb-(--paragraph-margin-b) px-nof-16\">\u201dMeid\u00e4nkin sijoittajaviestinn\u00e4n tuotteissa t\u00e4ytyy olla paljon paikallisia r\u00e4\u00e4t\u00e4l\u00f6intej\u00e4. On paljon erilaisia k\u00e4yt\u00e4nt\u00f6j\u00e4 ja kulttuureja.\u201d<\/p>\n<p class=\"article-body mb-(--paragraph-margin-b) px-nof-16\">Sitten on ihan tekniset haasteet, kun Suomessa, Ruotsissa ja Tanskassa on p\u00f6rssioperaattorina Nasdaq ja Norjassa puolestaan Euronext.<\/p>\n<p class=\"article-body mb-(--paragraph-margin-b) px-nof-16\">\u201dT\u00e4m\u00e4 on teknisesti eritt\u00e4in kunnianhimoinen projekti. On erilaisia paikallisia arvo-osuusj\u00e4rjestelmi\u00e4 ja eri operaattoreita.\u201d<\/p>\n<p class=\"article-body mb-(--paragraph-margin-b) px-nof-16\">Rautanen sanoo, ett\u00e4 on kuitenkin selv\u00e4\u00e4, miksi n\u00e4m\u00e4 haasteet halutaan taklata ja projektia edist\u00e4\u00e4. Olisi nimitt\u00e4in monille yhti\u00f6ille, omistajille ja kansalaisille hyv\u00e4ksi, jos Pohjoismaissa olisi yhten\u00e4isempi p\u00e4\u00e4omamarkkina.<\/p>\n<p class=\"article-body mb-(--paragraph-margin-b) px-nof-16\">Tullaan ihan p\u00f6rssilogiikan ytimeen.<\/p>\n<p class=\"article-body mb-(--paragraph-margin-b) px-nof-16\">Pienemmill\u00e4 suomalaisilla yhti\u00f6ill\u00e4 on viheli\u00e4inen ongelma: t\u00e4\u00e4ll\u00e4 ei ole hirve\u00e4sti rahoittajia, jos p\u00f6rssiin listaudutaan. T\u00e4m\u00e4n my\u00f6s Rautanen tiet\u00e4\u00e4, kun oli viem\u00e4ss\u00e4 Inderesi\u00e4 p\u00f6rssiin viisi vuotta sitten.<\/p>\n<p class=\"article-body mb-(--paragraph-margin-b) px-nof-16\">Kun pienempi yhti\u00f6 listautuu Helsingin p\u00f6rssiin, niin potentiaalisia rahoittajia ovat paikalliset yksityissijoittajat, pienempiin yhti\u00f6ihin sijoittavat rahastot sek\u00e4 el\u00e4keyhti\u00f6t. N\u00e4it\u00e4 kaikkia on Suomessa hyvin v\u00e4h\u00e4n.<\/p>\n<p class=\"article-body mb-(--paragraph-margin-b) px-nof-16\">\u201dOn hyvin pieni m\u00e4\u00e4r\u00e4 institutionaalisia sijoittajia, joita potentiaalinen listautuja pystyy Suomessa tavoittelemaan.\u201d<\/p>\n<p class=\"article-body mb-(--paragraph-margin-b) px-nof-16\">Mutta ratkeaisiko pienempien suomalaisyhti\u00f6iden ongelma sill\u00e4, ett\u00e4 Pohjoismaissa olisi yksi j\u00e4ttip\u00f6rssi? Rautanen sanoo, ett\u00e4 ei ole varma.<\/p>\n<p class=\"article-body mb-(--paragraph-margin-b) px-nof-16\">\u201dMeill\u00e4 on n\u00e4hty rinnakkaislistautumisia, miss\u00e4 on menty Helsinkiin ja Tukholmaan, mutta peruutettu Tukholma, koska ei osake ole p\u00e4rj\u00e4nnyt kilpailussa huomiosta tuhannen paikallisen yhti\u00f6n kanssa.\u201d<\/p>\n<p class=\"article-body mb-(--paragraph-margin-b) px-nof-16\">Ruotsi on Pohjoismaiden p\u00f6rssien kirkas valtias. Ruotsissa on pitk\u00e4 kansankapitalismi-kulttuuri, paljon listautujia ja paljon hienoja tarinoita. Suomi ja Norja ovat Rautasen mukaan \u201dihan jees\u201d, mutta Tanskan p\u00f6rssi \u201don kuihtuva\u201d.<\/p>\n<p class=\"article-body mb-(--paragraph-margin-b) px-nof-16\">Tanskassa esimerkiksi oli monta vuotta taukoa, kun listautumisia ei n\u00e4hty yht\u00e4\u00e4n.<\/p>\n<p class=\"article-body mb-(--paragraph-margin-b) px-nof-16\">Rautanen korostaa markkinoiden erilaisuutta. Se lis\u00e4\u00e4 yhdistymisen haastetta. Mutta ei j\u00e4ttip\u00f6rssi mahdotonta kuulemma ole. Se vaatii poliittista tahtotilaa.<\/p>\n<p class=\"article-body mb-(--paragraph-margin-b) px-nof-16\">\u201dMielest\u00e4ni t\u00e4m\u00e4 visio kytkeytyy selke\u00e4sti my\u00f6s Euroopan komission p\u00e4\u00e4omamarkkinaunionin visioon.\u201d<\/p>\n<p class=\"article-body mb-(--paragraph-margin-b) px-nof-16\">Nordic Compass on luvannut esitell\u00e4 visiotaan marraskuussa G\u00f6teborgissa j\u00e4rjestett\u00e4v\u00e4ss\u00e4 huippukokouksessa.<\/p>\n<p class=\"article-body mb-(--paragraph-margin-b) px-nof-16\">Oikaisu 31.8. kello 15.52: Pohjoismaista yhteisp\u00f6rssi\u00e4 visioiva ryhmittym\u00e4 on Nordic Compass, ei Nordic Group.<\/p>\n","protected":false},"excerpt":{"rendered":"Analyysiyhti\u00f6 Inderesin toimitusjohtaja Mikael Rautanen sanoo, ett\u00e4 Pohjoismaiden yhteinen j\u00e4ttip\u00f6rssi est\u00e4isi kasvuyritysten karkaamisen esimerkiksi Yhdysvaltoihin. \u201dP\u00f6rssin funktio on&hellip;\n","protected":false},"author":2,"featured_media":337979,"comment_status":"","ping_status":"","sticky":false,"template":"","format":"standard","meta":{"footnotes":"","_share_on_mastodon":"0"},"categories":[76],"tags":[79,77,33,31,30,46,32,78],"class_list":["post-337978","post","type-post","status-publish","format-standard","has-post-thumbnail","category-talous","tag-business","tag-economy","tag-fi","tag-finland","tag-finnish","tag-helsingin-sanomat","tag-suomi","tag-talous"],"share_on_mastodon":{"url":"https:\/\/pubeurope.com\/@fi\/117190326038123098","error":""},"_links":{"self":[{"href":"https:\/\/www.europesays.com\/fi\/wp-json\/wp\/v2\/posts\/337978","targetHints":{"allow":["GET"]}}],"collection":[{"href":"https:\/\/www.europesays.com\/fi\/wp-json\/wp\/v2\/posts"}],"about":[{"href":"https:\/\/www.europesays.com\/fi\/wp-json\/wp\/v2\/types\/post"}],"author":[{"embeddable":true,"href":"https:\/\/www.europesays.com\/fi\/wp-json\/wp\/v2\/users\/2"}],"replies":[{"embeddable":true,"href":"https:\/\/www.europesays.com\/fi\/wp-json\/wp\/v2\/comments?post=337978"}],"version-history":[{"count":0,"href":"https:\/\/www.europesays.com\/fi\/wp-json\/wp\/v2\/posts\/337978\/revisions"}],"wp:featuredmedia":[{"embeddable":true,"href":"https:\/\/www.europesays.com\/fi\/wp-json\/wp\/v2\/media\/337979"}],"wp:attachment":[{"href":"https:\/\/www.europesays.com\/fi\/wp-json\/wp\/v2\/media?parent=337978"}],"wp:term":[{"taxonomy":"category","embeddable":true,"href":"https:\/\/www.europesays.com\/fi\/wp-json\/wp\/v2\/categories?post=337978"},{"taxonomy":"post_tag","embeddable":true,"href":"https:\/\/www.europesays.com\/fi\/wp-json\/wp\/v2\/tags?post=337978"}],"curies":[{"name":"wp","href":"https:\/\/api.w.org\/{rel}","templated":true}]}}