{"id":337980,"date":"2026-08-31T13:20:11","date_gmt":"2026-08-31T13:20:11","guid":{"rendered":"https:\/\/www.europesays.com\/fi\/337980\/"},"modified":"2026-08-31T13:20:11","modified_gmt":"2026-08-31T13:20:11","slug":"nyt-tuli-poliisin-vastaus-nain-kay-mariuksen-osallistumiselle-kuningas-haraldin-hautajaisiin","status":"publish","type":"post","link":"https:\/\/www.europesays.com\/fi\/337980\/","title":{"rendered":"Nyt tuli poliisin vastaus: N\u00e4in k\u00e4y Mariuksen osallistumiselle kuningas Haraldin hautajaisiin"},"content":{"rendered":"<p>Marius on saanut luvan poliisilta osallistua edesmenneen kuninkaan arkun siirt\u00e4miseen ja hautajaisiin.<\/p>\n<p><img decoding=\"async\" class=\"image image-show image-preview\" src=\"https:\/\/www.europesays.com\/fi\/wp-content\/uploads\/2026\/08\/6e1c328afa5c8b12e4232503a760d8b932059bab2f50d642c2cc92c10b0572a8.jpg\" alt=\"\"\/><img decoding=\"async\" class=\"image image-show\" src=\"https:\/\/www.europesays.com\/fi\/wp-content\/uploads\/2026\/08\/1788182411_266_6e1c328afa5c8b12e4232503a760d8b932059bab2f50d642c2cc92c10b0572a8.jpg\" alt=\"\"\/><\/p>\n<p>Marius joutuu k\u00e4ytt\u00e4m\u00e4\u00e4n t\u00e4ll\u00e4 hetkell\u00e4 s\u00e4hk\u00f6ist\u00e4 jalkapantaa. AOP<\/p>\n<p class=\"paragraph\">Poliisi on antanut <strong>Marius Borg H\u00f8ibylle<\/strong> luvan osallistua Norjan edesmenneen kuningas <a href=\"https:\/\/www.iltalehti.fi\/henkilot\/Harald V\" class=\"article-link-person-page\" rel=\"nofollow noopener\" target=\"_blank\">Haraldin<\/a> arkun siirt\u00e4miseen ja hautajaisiin. Asiasta uutisoi <a href=\"http:\/\/aftenposten.no\/norge\/i\/wAwywd\/siste-nytt-om-kong-harald-vs-bortgang?pinnedEntry=124382\" target=\"_blank\" rel=\"noopener nofollow\">Aftenposten<\/a>.<\/p>\n<p class=\"paragraph\">H\u00e4n osallistuu maanantaina 31. elokuuta yhdess\u00e4 muiden kuningas Haraldin l\u00e4heisten kanssa arkun siirt\u00e4miseen palatsin punaisesta salista kohti palatsin kappelia. My\u00f6s H\u00f8ibyn \u00e4iti, kuningatar <a href=\"https:\/\/www.iltalehti.fi\/henkilot\/Mette-Marit\" class=\"article-link-person-page\" rel=\"nofollow noopener\" target=\"_blank\">Mette-Marit<\/a>, osallistuu tilaisuuteen.<\/p>\n<p class=\"paragraph\">Kuningas Haraldin perheelle, hoville ja adjutanttihenkil\u00f6kunnalle pidet\u00e4\u00e4n my\u00f6s yksityinen muistotilaisuus palatsin kappelissa.<\/p>\n<p class=\"paragraph\">H\u00f8iby <a href=\"https:\/\/www.iltalehti.fi\/kuninkaalliset\/a10b4778-8198-473b-9ae2-3d7db99bbf53\" rel=\"nofollow noopener\" target=\"_blank\">joutuu k\u00e4ytt\u00e4m\u00e4\u00e4n t\u00e4ll\u00e4 hetkell\u00e4 s\u00e4hk\u00f6ist\u00e4 jalkapantaa<\/a> ja pysym\u00e4\u00e4n kotona Skaugumissa. H\u00e4nell\u00e4 ei ole lupaa poistua kotoa ilman viranomaisen lupaa.<\/p>\n<p class=\"paragraph\">H\u00e4n sai vierailla kuningas Haraldin luona, kun t\u00e4m\u00e4 oli hoidettavana sairaalassa.<\/p>\n<p class=\"paragraph\"><strong>H\u00f8iby<\/strong> tulee osallistumaan my\u00f6s kuningas Haraldin hautajaisiin keskiviikkona 9. syyskuuta.<\/p>\n<p class=\"paragraph\"><a href=\"https:\/\/www.vg.no\/nyheter\/i\/gkB5b1\/kongen-paa-plass-paa-slottet\" target=\"_blank\" rel=\"noopener nofollow\">VG<\/a>:n julkaisemien kuvien mukaan H\u00f8iby ja prinssi <a href=\"https:\/\/www.iltalehti.fi\/henkilot\/Sverre Magnus\" class=\"article-link-person-page\" rel=\"nofollow noopener\" target=\"_blank\">Sverre Magnus<\/a> saapuivat molemmat palatsiin aiemmin maanantaina.<\/p>\n<p class=\"paragraph\">Norjan kruununprinsessa <strong>Mette-Maritin<\/strong> poika <strong>Marius Borg H\u00f8iby<\/strong>, 29, tuomittiin kes\u00e4ll\u00e4 2026 nelj\u00e4ksi vuodeksi vankeuteen. H\u00e4net tuomittiin Oslon k\u00e4r\u00e4j\u00e4oikeudessa muun muassa kahdesta raiskauksesta ilman yhdynt\u00e4\u00e4. H\u00e4n sai tuomion my\u00f6s ex-kumppani <strong>Nora Hauklandin<\/strong> kaltoinkohtelusta ja l\u00e4hisuhdev\u00e4kivallasta.<\/p>\n<p class=\"paragraph\">H\u00e4nelle m\u00e4\u00e4r\u00e4ttiin my\u00f6s l\u00e4hestymiskielto yhdelle uhreista kahden vuoden ajaksi. Marius joutui maksamaan satojen tuhansien kruunujen arvosta korvauksia nelj\u00e4lle uhrilleen. Korvausten yhteenlaskettu m\u00e4\u00e4r\u00e4 on euroissa noin 58\u202f000 euroa.<\/p>\n<p class=\"paragraph\">Marius tuomittiin my\u00f6s t\u00f6rke\u00e4st\u00e4 huumausainerikoksesta ja t\u00f6rke\u00e4st\u00e4 pahoinpitelyst\u00e4. Lis\u00e4ksi Marius tuomittiin useista liikennerikkomuksista. H\u00e4n menetti ajokorttinsa yli vuodeksi ja joutuu suorittamaan uuden ajokokeen.<\/p>\n","protected":false},"excerpt":{"rendered":"Marius on saanut luvan poliisilta osallistua edesmenneen kuninkaan arkun siirt\u00e4miseen ja hautajaisiin. Marius joutuu k\u00e4ytt\u00e4m\u00e4\u00e4n t\u00e4ll\u00e4 hetkell\u00e4 s\u00e4hk\u00f6ist\u00e4&hellip;\n","protected":false},"author":2,"featured_media":337981,"comment_status":"","ping_status":"","sticky":false,"template":"","format":"standard","meta":{"footnotes":"","_share_on_mastodon":"0"},"categories":[14],"tags":[35,1075,1074,22,23,26,27,33,31,30,17,101,24,25,28,29,15,18,21,98,38,32,19,20,56,16,59,60,61],"class_list":["post-337980","post","type-post","status-publish","format-standard","has-post-thumbnail","category-ulkomaat","tag-24h","tag-avioliitto","tag-avioliitto-ja-parisuhde","tag-breaking-news","tag-breakingnews","tag-featured-news","tag-featurednews","tag-fi","tag-finland","tag-finnish","tag-headlines","tag-ihmissuhteet","tag-latest-news","tag-latestnews","tag-main-news","tag-mainnews","tag-news","tag-otsikot","tag-paauutiset","tag-perhe","tag-rikos","tag-suomi","tag-top-stories","tag-topstories","tag-ulkomaat","tag-uutiset","tag-world","tag-world-news","tag-worldnews"],"share_on_mastodon":{"url":"https:\/\/pubeurope.com\/@fi\/117190330857805525","error":""},"_links":{"self":[{"href":"https:\/\/www.europesays.com\/fi\/wp-json\/wp\/v2\/posts\/337980","targetHints":{"allow":["GET"]}}],"collection":[{"href":"https:\/\/www.europesays.com\/fi\/wp-json\/wp\/v2\/posts"}],"about":[{"href":"https:\/\/www.europesays.com\/fi\/wp-json\/wp\/v2\/types\/post"}],"author":[{"embeddable":true,"href":"https:\/\/www.europesays.com\/fi\/wp-json\/wp\/v2\/users\/2"}],"replies":[{"embeddable":true,"href":"https:\/\/www.europesays.com\/fi\/wp-json\/wp\/v2\/comments?post=337980"}],"version-history":[{"count":0,"href":"https:\/\/www.europesays.com\/fi\/wp-json\/wp\/v2\/posts\/337980\/revisions"}],"wp:featuredmedia":[{"embeddable":true,"href":"https:\/\/www.europesays.com\/fi\/wp-json\/wp\/v2\/media\/337981"}],"wp:attachment":[{"href":"https:\/\/www.europesays.com\/fi\/wp-json\/wp\/v2\/media?parent=337980"}],"wp:term":[{"taxonomy":"category","embeddable":true,"href":"https:\/\/www.europesays.com\/fi\/wp-json\/wp\/v2\/categories?post=337980"},{"taxonomy":"post_tag","embeddable":true,"href":"https:\/\/www.europesays.com\/fi\/wp-json\/wp\/v2\/tags?post=337980"}],"curies":[{"name":"wp","href":"https:\/\/api.w.org\/{rel}","templated":true}]}}