{"id":337986,"date":"2026-08-31T13:34:10","date_gmt":"2026-08-31T13:34:10","guid":{"rendered":"https:\/\/www.europesays.com\/fi\/337986\/"},"modified":"2026-08-31T13:34:10","modified_gmt":"2026-08-31T13:34:10","slug":"uutisankkuri-milla-madetoja-ilouutinen-seiska","status":"publish","type":"post","link":"https:\/\/www.europesays.com\/fi\/337986\/","title":{"rendered":"Uutisankkuri Milla Madetoja: Ilouutinen! | Seiska"},"content":{"rendered":"<p>\n            (240604) &#8212; Helsinki, June 4, 2024 \u2013 Milla Madetoja poses for the camera during Yle news and sports press conference  in Helsinki, Finland, 4. June 2024. (Matti Matikainen\/Aller Media)<br \/>\n            Matti Matikainen\n        <\/p>\n<p class=\"subtitle \">Suosikkiuutisankkuri paljasti todellisen ilouutisen: syksy tuo mukanaan uusia tuulia.<\/p>\n<p class=\"article-content article-content-width !bg-background\">Ylen uutisankkurina tunnettu  on kertonut viimeisen vuoden ajan avoimesti el\u00e4m\u00e4st\u00e4\u00e4n sy\u00f6p\u00e4hoitojen keskell\u00e4: h\u00e4n paljasti viime vuoden hein\u00e4kuussa sairastuneensa akuuttiin leukemiaan.<\/p>\n<p class=\"article-content article-content-width !bg-background\">Suosikkiuutisankkurin vointi on kuitenkin ollut jo pidemp\u00e4\u00e4n paranemaan p\u00e4in. Kes\u00e4ll\u00e4 h\u00e4n esimerkiksi yll\u00e4tti ryhtym\u00e4ll\u00e4 paraurheilijaksi.<\/p>\n<p class=\"article-content article-content-width !bg-background\">Maanantaina (31.8.) h\u00e4n paljasti <a href=\"https:\/\/www.instagram.com\/millamadetoja\/\" aria-label=\"Milla Madetojan Instagram\" target=\"_blank\" rel=\"nofollow noopener\">Instagram-tilill\u00e4\u00e4n<\/a> j\u00e4lleen todellisen ilouutisen: syyskuussa koittaa paluu t\u00f6ihin.<\/p>\n<p>        <a itemprop=\"url\" href=\"https:\/\/www.seiska.fi\/kotimaa\/milla-madetoja-jattiyllatys\/2223956\" rel=\"nofollow noopener\" target=\"_blank\"><\/p>\n<p>\nMilla Madetoja:\n<\/p>\n<p class=\"section-date\">\n        <strong class=\"article-section\" data-section=\"kotimaa\"><br \/>\n            kotimaa<br \/>\n        <\/strong><br \/>\n        31.7. 16:33\n    <\/p>\n<p>Milla Madetoja: J\u00e4ttiyll\u00e4tys!\n    <\/p>\n<p itemprop=\"description\" class=\"subtitle \">\n    Uutisankkuri Milla Madetoja paljasti perjantaina ison yll\u00e4tyksen.\n<\/p>\n<p>        <\/a><\/p>\n<p class=\"article-content article-content-width !bg-background\">Milla paljasti uutisen omakuvallaan kuvitetun p\u00e4ivityksen kuvatekstiss\u00e4.<\/p>\n<p>Hitaasti, mutta varmasti<\/p>\n<p class=\"article-content article-content-width !bg-background\">\u2013 Olisi v\u00e4h\u00e4n uutisia. P\u00e4\u00e4sen palaamaan syyskuussa t\u00f6ihin! <\/p>\n<p class=\"article-content article-content-width !bg-background\">\u2013 J\u00e4in sairauslomalle helmikuussa -25 akuutin leukemian vuoksi. Sy\u00f6p\u00e4hoitojen lis\u00e4ksi minulle tehtiin viel\u00e4 kantasolusiirto. Polku on ollut vaikea, pime\u00e4 ja pitk\u00e4, mutta nyt kaikki on niin hyvin, ett\u00e4 t\u00f6ihinpaluu on mahdollinen, Milla kertoo.<\/p>\n<p class=\"article-content article-content-width !bg-background\">Nyt puolentoista vuoden mittainen sairasloma on tulossa p\u00e4\u00e4t\u00f6kseens\u00e4.<\/p>\n<p>        <a itemprop=\"url\" href=\"https:\/\/www.seiska.fi\/kotimaa\/uutisankkuri-milla-madetoja-uutta-tietoa-syovasta\/2147321\" rel=\"nofollow noopener\" target=\"_blank\"><\/p>\n<p>\nMilla Madetoja\n<\/p>\n<p class=\"section-date\">\n        <strong class=\"article-section\" data-section=\"kotimaa\"><br \/>\n            kotimaa<br \/>\n        <\/strong><br \/>\n        8.5. 15:00\n    <\/p>\n<p>Uutisankkuri Milla Madetoja: Uutta tietoa sy\u00f6v\u00e4st\u00e4\n    <\/p>\n<p itemprop=\"description\" class=\"subtitle \">\n    Milla p\u00e4\u00e4si palaamaan mieluisan puuhan pariin.\n<\/p>\n<p>        <\/a><\/p>\n<p class=\"article-content article-content-width !bg-background\">Ty\u00f6t alkavat rauhalliseen tahtiin h\u00e4nen vointinsa huomioiden. My\u00f6s toimenkuva muuttuu \u2013 ainakin aluksi \u2013 sill\u00e4 Milla ei palaa viel\u00e4 uutisiin, vaan uutistoimitukseen.<\/p>\n<p>Etuoikeus<\/p>\n<p class=\"article-content article-content-width !bg-background\">Milla kertoo p\u00e4ivityksess\u00e4\u00e4n ajatuksiaan pian koittavasta t\u00f6ihinpaluusta.<\/p>\n<p>                <img decoding=\"async\" src=\"https:\/\/www.europesays.com\/fi\/wp-content\/uploads\/2026\/08\/1993955.webp\" width=\"576\" height=\"720\" title=\"Milla Madetoja palaa sorvin \u00e4\u00e4reen pitk\u00e4n sairasloman j\u00e4lkeen. Kuva kes\u00e4kuulta 2024.\" alt=\"Milla Madetoja\" loading=\"lazy\" \/>            <\/p>\n<p>\n            Milla Madetoja palaa sorvin \u00e4\u00e4reen pitk\u00e4n sairasloman j\u00e4lkeen. Kuva kes\u00e4kuulta 2024.<br \/>\n            Matti Matikainen\n        <\/p>\n<p class=\"article-content article-content-width !bg-background\">\u2013 Olen valtavan kiitollinen, ett\u00e4 t\u00e4llainenkin p\u00e4iv\u00e4 koittaa. T\u00f6ihinpaluu on etuoikeus, yksi asioista joista monesti haaveilin, h\u00e4n kirjoittaa.<\/p>\n<p>        <a itemprop=\"url\" href=\"https:\/\/www.seiska.fi\/kotimaa\/leukemiaan-sairastuneen-milla-madetojan-uusi-tyyli-paljastui\/1993950\" rel=\"nofollow noopener\" target=\"_blank\"><\/p>\n<p>\nLeukemiaan sairastunut Milla Madetoja\n<\/p>\n<p class=\"section-date\">\n        <strong class=\"article-section\" data-section=\"kotimaa\"><br \/>\n            kotimaa<br \/>\n        <\/strong><br \/>\n        14.11.2025 20:52\n    <\/p>\n<p>Leukemiaan sairastuneen Milla Madetojan uusi tyyli paljastui\n    <\/p>\n<p itemprop=\"description\" class=\"subtitle \">\n    Milla on ottanut ilon irti pienist\u00e4, mutta merkityksellisist\u00e4 edistysaskeleista.\n<\/p>\n<p>        <\/a><\/p>\n<p class=\"article-content article-content-width !bg-background\">Milla kiitt\u00e4\u00e4 julkaisussaan muun muassa suomalaista erikoissairaanhoitoa.<\/p>\n<p><script async src=\"\/\/www.instagram.com\/embed.js\"><\/script><\/p>\n","protected":false},"excerpt":{"rendered":"(240604) &#8212; Helsinki, June 4, 2024 \u2013 Milla Madetoja poses for the camera during Yle news and sports&hellip;\n","protected":false},"author":2,"featured_media":337987,"comment_status":"","ping_status":"","sticky":false,"template":"","format":"standard","meta":{"footnotes":"","_share_on_mastodon":"0"},"categories":[136],"tags":[26336,407,137,13678,33,31,30,408,9401,32,9945,167,41801,109],"class_list":["post-337986","post","type-post","status-publish","format-standard","has-post-thumbnail","category-julkkikset","tag-akuutti-leukemia","tag-celebrities","tag-entertainment","tag-erikoissairaanhoito","tag-fi","tag-finland","tag-finnish","tag-julkkikset","tag-milla-madetoja","tag-suomi","tag-syopahoidot","tag-terveys","tag-toihinpaluu","tag-viihde"],"share_on_mastodon":{"url":"https:\/\/pubeurope.com\/@fi\/117190385792332815","error":""},"_links":{"self":[{"href":"https:\/\/www.europesays.com\/fi\/wp-json\/wp\/v2\/posts\/337986","targetHints":{"allow":["GET"]}}],"collection":[{"href":"https:\/\/www.europesays.com\/fi\/wp-json\/wp\/v2\/posts"}],"about":[{"href":"https:\/\/www.europesays.com\/fi\/wp-json\/wp\/v2\/types\/post"}],"author":[{"embeddable":true,"href":"https:\/\/www.europesays.com\/fi\/wp-json\/wp\/v2\/users\/2"}],"replies":[{"embeddable":true,"href":"https:\/\/www.europesays.com\/fi\/wp-json\/wp\/v2\/comments?post=337986"}],"version-history":[{"count":0,"href":"https:\/\/www.europesays.com\/fi\/wp-json\/wp\/v2\/posts\/337986\/revisions"}],"wp:featuredmedia":[{"embeddable":true,"href":"https:\/\/www.europesays.com\/fi\/wp-json\/wp\/v2\/media\/337987"}],"wp:attachment":[{"href":"https:\/\/www.europesays.com\/fi\/wp-json\/wp\/v2\/media?parent=337986"}],"wp:term":[{"taxonomy":"category","embeddable":true,"href":"https:\/\/www.europesays.com\/fi\/wp-json\/wp\/v2\/categories?post=337986"},{"taxonomy":"post_tag","embeddable":true,"href":"https:\/\/www.europesays.com\/fi\/wp-json\/wp\/v2\/tags?post=337986"}],"curies":[{"name":"wp","href":"https:\/\/api.w.org\/{rel}","templated":true}]}}