{"id":338002,"date":"2026-08-31T14:00:21","date_gmt":"2026-08-31T14:00:21","guid":{"rendered":"https:\/\/www.europesays.com\/fi\/338002\/"},"modified":"2026-08-31T14:00:21","modified_gmt":"2026-08-31T14:00:21","slug":"amanda-harkimo-ulosotto-karhuaa-roy-isan-hautajaiskuluja","status":"publish","type":"post","link":"https:\/\/www.europesays.com\/fi\/338002\/","title":{"rendered":"Amanda Harkimo: ulosotto karhuaa Roy-is\u00e4n hautajaiskuluja"},"content":{"rendered":"<p>            Seiskan arkisto\n        <\/p>\n<p class=\"subtitle \">Julkkis-DJ:n\u00e4 tutuksi tulleella Amanda Harkimolla on raha-asiat kuralla.<\/p>\n<p class=\"article-content article-content-width !bg-background\"> on ollut viime aikoina huolta ja murhetta,<br \/>\nsill\u00e4 viime vuonna h\u00e4n joutui hautaamaan ensin is\u00e4ns\u00e4, sitten<br \/>\nveljens\u00e4.<\/p>\n<p class=\"article-content article-content-width !bg-background\">\u00a0<\/p>\n<p class=\"article-content article-content-width !bg-background\">Lis\u00e4\u00e4 murheita Amandalle tuovat retuper\u00e4ll\u00e4\u00e4n olevat<br \/>\nraha-asiat. Vaikka Amanda kuuluu \u00e4veri\u00e4\u00e4n\u00e4 pidettyyn Harkimon sukuun, h\u00e4nell\u00e4<br \/>\non silti lipsanut laskuja ulosottoon.\u00a0<\/p>\n<p class=\"article-content article-content-width !bg-background\">Ulosotto karhuaa h\u00e4nelt\u00e4 yhteens\u00e4 5\u00a0295 euron<br \/>\nsuuruista summaa.<\/p>\n<p>Huumek\u00e4ry maksamatta<\/p>\n<p class=\"article-content article-content-width !bg-background\">Amandan kuusisivuisesta ulosottorekisterist\u00e4 selvi\u00e4\u00e4, ett\u00e4<br \/>\nmarraskuuisesta kokaiinik\u00e4ryst\u00e4 saatua sakkorangaistusta h\u00e4n ei ole<br \/>\nmaksanut kuin 108 euron verran. <\/p>\n<p class=\"article-content article-content-width !bg-background\">H\u00e4n on j\u00e4tt\u00e4nyt kokonaan maksamatta muun muassa 183 euron<br \/>\nsuuruisen p\u00e4ihdetutkimuksen, joka h\u00e4nelle tehtiin rattik\u00e4ryn yhteydess\u00e4. <\/p>\n<p>        <a itemprop=\"url\" href=\"https:\/\/www.seiska.fi\/katso\/amanda-harkimo-katuu-tekoaan\/2124424\" rel=\"nofollow noopener\" target=\"_blank\"><\/p>\n<p>\nAmanda Harkimo\n<\/p>\n<p class=\"section-date\">\n        <strong class=\"article-section\" data-section=\"katso\"><br \/>\n            katso<br \/>\n        <\/strong><br \/>\n        11.4. 22:35\n    <\/p>\n<p>Amanda Harkimo katuu tekoaan\n    <\/p>\n<p itemprop=\"description\" class=\"subtitle \">\n    Amanda Harkimo on mukana Petolliset-ohjelmassa.\n<\/p>\n<p>        <\/a><\/p>\n<p>                <img decoding=\"async\" src=\"https:\/\/www.europesays.com\/fi\/wp-content\/uploads\/2026\/08\/2247505.webp\" width=\"576\" height=\"101\" alt=\"Amanda tuomittiin kokaiinik\u00e4ryn j\u00e4lkeen maksamaan 183 euroa p\u00e4ihdetutkimuksesta. Lasku on j\u00e4\u00e4nyt maksamatta, ja nyt valtio yritt\u00e4\u00e4 saada omiaan takaisin ulosoton avulla.\" loading=\"lazy\" \/>            <\/p>\n<p>\n            Amanda tuomittiin kokaiinik\u00e4ryn j\u00e4lkeen maksamaan 183 euroa p\u00e4ihdetutkimuksesta. Lasku on j\u00e4\u00e4nyt maksamatta, ja nyt valtio yritt\u00e4\u00e4 saada omiaan takaisin ulosoton avulla.<br \/>\n            Ulosottolaitos\/kuvakaappaus\n        <\/p>\n<p class=\"article-content article-content-width !bg-background\">My\u00f6s 40 euron rikosuhrimaksu on j\u00e4\u00e4nyt maksamatta. N\u00e4m\u00e4 ovat<br \/>\ntulleet t\u00e4m\u00e4n vuoden huhtikuussa ulosoton karhuttavaksi.<\/p>\n<p class=\"article-content article-content-width !bg-background\">Lis\u00e4ksi h\u00e4nelt\u00e4 karhutaan 406 euron sairaalamaksua. <\/p>\n<p class=\"article-content article-content-width !bg-background\">Osan ulosottomaksuista Amanda on maksanut kokonaan.<\/p>\n<p>        <a itemprop=\"url\" href=\"https:\/\/www.seiska.fi\/kotimaa\/amanda-harkimo-paljastus-suhdetilanteesta\/2091372\" rel=\"nofollow noopener\" target=\"_blank\"><\/p>\n<p>\nAmanda Harkimo\n<\/p>\n<p class=\"section-date\">\n        <strong class=\"article-section\" data-section=\"kotimaa\"><br \/>\n            kotimaa<br \/>\n        <\/strong><br \/>\n        7.3. 09:00\n    <\/p>\n<p>Amanda Harkimo: Paljastus suhdetilanteesta\n    <\/p>\n<p itemprop=\"description\" class=\"subtitle \">\n    Amandaa ei en\u00e4\u00e4 deittiohjelmissa n\u00e4hd\u00e4.\n<\/p>\n<p>        <\/a><\/p>\n<p>Seurakunta odottaa yh\u00e4 rahojaan<\/p>\n<p class=\"article-content article-content-width !bg-background\">Seiska uutisoi viime vuoden syyskuussa, kuinka<br \/>\nhautauskuluista oli j\u00e4tetty velkomuskanne It\u00e4-Uudenmaan k\u00e4r\u00e4j\u00e4oikeuteen. <\/p>\n<p class=\"article-content article-content-width !bg-background\">Velkomuskanteen vastaajana oli Amanda Harkimo. Roy on h\u00e4nen edesmennyt is\u00e4ns\u00e4, jonka hautajaisista on nyt puolitoista vuotta.<\/p>\n<p class=\"article-content article-content-width !bg-background\">Korkojen ja oikeuskulusummien my\u00f6t\u00e4 hautauslasku on kasvanut jo 816 euroon. <\/p>\n<p>                <img decoding=\"async\" src=\"https:\/\/www.europesays.com\/fi\/wp-content\/uploads\/2026\/08\/2247511.webp\" width=\"576\" height=\"111\" alt=\"Roy-is\u00e4n hautajaismaksu on siirtynyt ulosottoon. Amanda on maksanut 188 euroa, mutta seurakunta odottaa viel\u00e4 loppuja saataviaan.\" loading=\"lazy\" \/>            <\/p>\n<p>\n            Roy-is\u00e4n hautajaismaksu on siirtynyt ulosottoon. Amanda on maksanut 188 euroa, mutta seurakunta odottaa viel\u00e4 loppuja saataviaan.<br \/>\n            Ulosottolaitos\/kuvakaappaus\n        <\/p>\n<p class=\"article-content article-content-width !bg-background\">Nyt Helsingin seurakuntayhtym\u00e4 yritt\u00e4\u00e4 saada velkojaan<br \/>\ntakaisin ulosottoviranomaisen avulla. <\/p>\n<p class=\"article-content article-content-width !bg-background\">Hautajaiskulut ovat menneet ulosottoon huhtikuun 23.<br \/>\np\u00e4iv\u00e4n\u00e4. Amanda on pulittanut seurakunnalle 188 euroa, mutta seurakunta odottaa<br \/>\nviel\u00e4 loppusummaa eli 406 euroa tilitett\u00e4v\u00e4ksi. <\/p>\n<p class=\"article-content article-content-width !bg-background\">Seiska yritti tavoitella Amandaa, mutta h\u00e4n ei reagoinut soittopyynt\u00f6\u00f6n<br \/>\nmill\u00e4\u00e4n tavalla.<\/p>\n<p>        <a itemprop=\"url\" href=\"https:\/\/www.seiska.fi\/vain-seiskassa\/amanda-harkimo-avoimena-huumetuomiostaan-otin-opiksi-virheistani\/2091395\" rel=\"nofollow noopener\" target=\"_blank\"><\/p>\n<p>\nAmanda Harkimo\n<\/p>\n<p class=\"section-date\">\n        <strong class=\"article-section\" data-section=\"vain seiskassa\"><br \/>\n            vain seiskassa<br \/>\n        <\/strong><br \/>\n        4.3. 06:30\n    <\/p>\n<p>Amanda Harkimo avoimena huumetuomiostaan: &#8221;Otin opiksi virheist\u00e4ni&#8221;\n    <\/p>\n<p itemprop=\"description\" class=\"subtitle \">\n    Amanda l\u00e4hti realityohjelman kuvauksiin kesken suruty\u00f6n.\n<\/p>\n<p>        <\/a><\/p>\n","protected":false},"excerpt":{"rendered":"Seiskan arkisto Julkkis-DJ:n\u00e4 tutuksi tulleella Amanda Harkimolla on raha-asiat kuralla. on ollut viime aikoina huolta ja murhetta, sill\u00e4&hellip;\n","protected":false},"author":2,"featured_media":338003,"comment_status":"","ping_status":"","sticky":false,"template":"","format":"standard","meta":{"footnotes":"","_share_on_mastodon":"0"},"categories":[136],"tags":[2174,407,137,33,31,30,41806,3958,34590,408,98,8213,32,9823,109],"class_list":["post-338002","post","type-post","status-publish","format-standard","has-post-thumbnail","category-julkkikset","tag-amanda-harkimo","tag-celebrities","tag-entertainment","tag-fi","tag-finland","tag-finnish","tag-harkimon-suku","tag-hautajaiset","tag-helsingin-seurakuntayhtyma","tag-julkkikset","tag-perhe","tag-raha-asiat","tag-suomi","tag-ulosotto","tag-viihde"],"share_on_mastodon":{"url":"https:\/\/pubeurope.com\/@fi\/117190487986237957","error":""},"_links":{"self":[{"href":"https:\/\/www.europesays.com\/fi\/wp-json\/wp\/v2\/posts\/338002","targetHints":{"allow":["GET"]}}],"collection":[{"href":"https:\/\/www.europesays.com\/fi\/wp-json\/wp\/v2\/posts"}],"about":[{"href":"https:\/\/www.europesays.com\/fi\/wp-json\/wp\/v2\/types\/post"}],"author":[{"embeddable":true,"href":"https:\/\/www.europesays.com\/fi\/wp-json\/wp\/v2\/users\/2"}],"replies":[{"embeddable":true,"href":"https:\/\/www.europesays.com\/fi\/wp-json\/wp\/v2\/comments?post=338002"}],"version-history":[{"count":0,"href":"https:\/\/www.europesays.com\/fi\/wp-json\/wp\/v2\/posts\/338002\/revisions"}],"wp:featuredmedia":[{"embeddable":true,"href":"https:\/\/www.europesays.com\/fi\/wp-json\/wp\/v2\/media\/338003"}],"wp:attachment":[{"href":"https:\/\/www.europesays.com\/fi\/wp-json\/wp\/v2\/media?parent=338002"}],"wp:term":[{"taxonomy":"category","embeddable":true,"href":"https:\/\/www.europesays.com\/fi\/wp-json\/wp\/v2\/categories?post=338002"},{"taxonomy":"post_tag","embeddable":true,"href":"https:\/\/www.europesays.com\/fi\/wp-json\/wp\/v2\/tags?post=338002"}],"curies":[{"name":"wp","href":"https:\/\/api.w.org\/{rel}","templated":true}]}}