{"id":338022,"date":"2026-08-31T14:27:25","date_gmt":"2026-08-31T14:27:25","guid":{"rendered":"https:\/\/www.europesays.com\/fi\/338022\/"},"modified":"2026-08-31T14:27:25","modified_gmt":"2026-08-31T14:27:25","slug":"kuopion-keskustaa-vartioinut-172-senttinen-pronssinen-poika-paasi-taas-omiensa-joukkoon-savo","status":"publish","type":"post","link":"https:\/\/www.europesays.com\/fi\/338022\/","title":{"rendered":"Kuopion keskustaa vartioinut 172-senttinen pronssinen poika p\u00e4\u00e4si taas omiensa joukkoon | Savo"},"content":{"rendered":"<p>Kuvanveist\u00e4j\u00e4 Raimo Utriaisen tekem\u00e4 Lehtipoika-patsas tervehtii joka aamu t\u00f6ihin tulevia toimittajia.<\/p>\n<p>L\u00e4hes 30 vuotta Kuopion Vuorikadulla sijainnut Lehtipoika-patsas saapui Viestikadulle Savon Sanomien toimitukseen. Savon Sanomien toimitus ja Keskisuomalainen-konsernin Kuopion toiminnot muuttivat viime vuoden joulukuussa Vuorikatu 21:n kiinteist\u00f6st\u00e4 Savilahteen osoitteeseen Viestikatu 7, KPY Novapolikselta vuokrattuihin tiloihin. Nyt elokuussa Lehtipoika-patsas on p\u00e4\u00e4ssyt viimein takaisin omiensa luokse.<\/p>\n","protected":false},"excerpt":{"rendered":"Kuvanveist\u00e4j\u00e4 Raimo Utriaisen tekem\u00e4 Lehtipoika-patsas tervehtii joka aamu t\u00f6ihin tulevia toimittajia. L\u00e4hes 30 vuotta Kuopion Vuorikadulla sijainnut Lehtipoika-patsas&hellip;\n","protected":false},"author":2,"featured_media":338023,"comment_status":"","ping_status":"","sticky":false,"template":"","format":"standard","meta":{"footnotes":"","_share_on_mastodon":"0"},"categories":[135],"tags":[389,387,388,390,137,33,31,30,1132,4162,1616,402,32,394,393,391,392,679,109],"class_list":["post-338022","post","type-post","status-publish","format-standard","has-post-thumbnail","category-taiteet-ja-suunnittelu","tag-arts","tag-arts-and-design","tag-artsanddesign","tag-design","tag-entertainment","tag-fi","tag-finland","tag-finnish","tag-kuopio","tag-kuopion-kaupunki","tag-media-viestinta","tag-rakentaminen-kiinteistot","tag-suomi","tag-suunnittelu","tag-taiteet","tag-taiteet-ja-suunnittelu","tag-taiteetsuunnittelu","tag-terveydenhuollon-toimintalaitokset","tag-viihde"],"share_on_mastodon":{"url":"https:\/\/pubeurope.com\/@fi\/117190593208987291","error":""},"_links":{"self":[{"href":"https:\/\/www.europesays.com\/fi\/wp-json\/wp\/v2\/posts\/338022","targetHints":{"allow":["GET"]}}],"collection":[{"href":"https:\/\/www.europesays.com\/fi\/wp-json\/wp\/v2\/posts"}],"about":[{"href":"https:\/\/www.europesays.com\/fi\/wp-json\/wp\/v2\/types\/post"}],"author":[{"embeddable":true,"href":"https:\/\/www.europesays.com\/fi\/wp-json\/wp\/v2\/users\/2"}],"replies":[{"embeddable":true,"href":"https:\/\/www.europesays.com\/fi\/wp-json\/wp\/v2\/comments?post=338022"}],"version-history":[{"count":0,"href":"https:\/\/www.europesays.com\/fi\/wp-json\/wp\/v2\/posts\/338022\/revisions"}],"wp:featuredmedia":[{"embeddable":true,"href":"https:\/\/www.europesays.com\/fi\/wp-json\/wp\/v2\/media\/338023"}],"wp:attachment":[{"href":"https:\/\/www.europesays.com\/fi\/wp-json\/wp\/v2\/media?parent=338022"}],"wp:term":[{"taxonomy":"category","embeddable":true,"href":"https:\/\/www.europesays.com\/fi\/wp-json\/wp\/v2\/categories?post=338022"},{"taxonomy":"post_tag","embeddable":true,"href":"https:\/\/www.europesays.com\/fi\/wp-json\/wp\/v2\/tags?post=338022"}],"curies":[{"name":"wp","href":"https:\/\/api.w.org\/{rel}","templated":true}]}}