{"id":338046,"date":"2026-08-31T15:03:18","date_gmt":"2026-08-31T15:03:18","guid":{"rendered":"https:\/\/www.europesays.com\/fi\/338046\/"},"modified":"2026-08-31T15:03:18","modified_gmt":"2026-08-31T15:03:18","slug":"keskisuomalainen-vahvistaa-valtakunnallista-urheilumediaansa-uudeksi-nimeksi-meksi-urheilumedia-urheilu","status":"publish","type":"post","link":"https:\/\/www.europesays.com\/fi\/338046\/","title":{"rendered":"Keskisuomalainen vahvistaa valtakunnallista urheilumediaansa \u2013 Uudeksi nimeksi Meksi Urheilumedia | Urheilu"},"content":{"rendered":"<p>Kev\u00e4\u00e4ll\u00e4 Vuohi-nimell\u00e4 lanseerattu urheilumedia tuodaan pysyv\u00e4ksi osaksi Mediakonserni Keskisuomalaisen mediatarjontaa. Urheilumedia jatkaa uudella Meksi Urheilumedia -nimell\u00e4.<\/p>\n<p>Samalla urheilumedian verkkopalvelu ja sosiaalisen median kanavat on p\u00e4ivitetty uuden nimen mukaisiksi.<\/p>\n<p>\u2013\u2009Valtakunnalliselle, erottuvalle urheilumedialle on selv\u00e4sti kysynt\u00e4\u00e4. Oman, tunnistettavan br\u00e4ndin ja tavaramerkin alle voimme rakentaa pitk\u00e4j\u00e4nteisesti kasvavaa urheilumedialiiketoimintaa sek\u00e4 kehitt\u00e4\u00e4 uusia sis\u00e4lt\u00f6j\u00e4 ja kaupallisia ratkaisuja. Tulemme tekem\u00e4\u00e4n Suomen meksikk\u00e4int\u00e4 urheilujournalismia, sanoo Mediakonserni Keskisuomalaisen konsernijohtaja <strong>Vesa-Pekka Kangaskorpi<\/strong>.<\/p>\n<p>\u2013\u2009Yleiskuva siit\u00e4, mit\u00e4 sportissa tapahtuu. Aineksia ajatteluun ja urheilun ymm\u00e4rt\u00e4miseen. Ja tunne kisamatkasta, joka ei p\u00e4\u00e4ty koskaan. Siin\u00e4 kolme urheilunyst\u00e4v\u00e4n perustarvetta, joita meid\u00e4n mediamme keskittyy ruokkimaan, kertoo Meksi Urheilumedian vastaava tuottaja <strong>Markku Korhonen<\/strong>.<\/p>\n<p><strong class=\"diks-storyline__impact\">Syksyn aikana<\/strong> Meksi Urheilumedian sis\u00e4lt\u00f6tarjontaa kehitet\u00e4\u00e4n edelleen. Ajankohtaisen urheilu-uutisoinnin ja tulospalvelun rinnalla Meksi Urheilumedia tarjoaa my\u00f6s syvent\u00e4v\u00e4\u00e4, aikakausmaista urheilujournalismia. Syksyn aikana tarjontaa laajennetaan lis\u00e4ksi uusiin sis\u00e4lt\u00f6muotoihin, kuten podcasteihin ja lyhytvideoihin.<\/p>\n<p>Meksi Urheilumedian ydintiimiin kuuluu seitsem\u00e4n henkil\u00f6\u00e4 ja oma urheilun uutisdeski. Sen tukena on mittava avustajaverkosto sek\u00e4 Mediakonserni Keskisuomalaisen laaja urheilutoimitusten verkosto.\u202f<\/p>\n<p>Urheilumedian kehitt\u00e4minen vahvistaa my\u00f6s Mediakonserni Keskisuomalaisen kaupallista tarjontaa. T\u00e4n\u00e4\u00e4n julkaistussa tiedotteessa korostetaan, ett\u00e4 Meksi Urheilumedia tarjoaa mainostajille valtakunnallisen ymp\u00e4rist\u00f6n urheilusta kiinnostuneiden yleis\u00f6jen tavoittamiseen. Meksi Urheilumedia vahvistaa konsernin valmiuksia vastata my\u00f6s Suomen uudistuvan rahapelimarkkinan tuomiin kaupallisiin mahdollisuuksiin.<\/p>\n","protected":false},"excerpt":{"rendered":"Kev\u00e4\u00e4ll\u00e4 Vuohi-nimell\u00e4 lanseerattu urheilumedia tuodaan pysyv\u00e4ksi osaksi Mediakonserni Keskisuomalaisen mediatarjontaa. Urheilumedia jatkaa uudella Meksi Urheilumedia -nimell\u00e4. Samalla urheilumedian&hellip;\n","protected":false},"author":2,"featured_media":338047,"comment_status":"","ping_status":"","sticky":false,"template":"","format":"standard","meta":{"footnotes":"","_share_on_mastodon":"0"},"categories":[76],"tags":[79,77,33,31,30,2864,3187,41,1616,11364,2923,2294,32,78,2865],"class_list":["post-338046","post","type-post","status-publish","format-standard","has-post-thumbnail","category-talous","tag-business","tag-economy","tag-fi","tag-finland","tag-finnish","tag-kasinot","tag-kulutustavarat-ja-palvelut-sektori","tag-liikunta-ja-urheilu","tag-media-viestinta","tag-mediayhtiot-ja-media-ala","tag-podcast","tag-sanomalehdet","tag-suomi","tag-talous","tag-uhkapelit-ja-rahapeli-ja-vedonlyontipalvelut"],"share_on_mastodon":{"url":"https:\/\/pubeurope.com\/@fi\/117190735068450053","error":""},"_links":{"self":[{"href":"https:\/\/www.europesays.com\/fi\/wp-json\/wp\/v2\/posts\/338046","targetHints":{"allow":["GET"]}}],"collection":[{"href":"https:\/\/www.europesays.com\/fi\/wp-json\/wp\/v2\/posts"}],"about":[{"href":"https:\/\/www.europesays.com\/fi\/wp-json\/wp\/v2\/types\/post"}],"author":[{"embeddable":true,"href":"https:\/\/www.europesays.com\/fi\/wp-json\/wp\/v2\/users\/2"}],"replies":[{"embeddable":true,"href":"https:\/\/www.europesays.com\/fi\/wp-json\/wp\/v2\/comments?post=338046"}],"version-history":[{"count":0,"href":"https:\/\/www.europesays.com\/fi\/wp-json\/wp\/v2\/posts\/338046\/revisions"}],"wp:featuredmedia":[{"embeddable":true,"href":"https:\/\/www.europesays.com\/fi\/wp-json\/wp\/v2\/media\/338047"}],"wp:attachment":[{"href":"https:\/\/www.europesays.com\/fi\/wp-json\/wp\/v2\/media?parent=338046"}],"wp:term":[{"taxonomy":"category","embeddable":true,"href":"https:\/\/www.europesays.com\/fi\/wp-json\/wp\/v2\/categories?post=338046"},{"taxonomy":"post_tag","embeddable":true,"href":"https:\/\/www.europesays.com\/fi\/wp-json\/wp\/v2\/tags?post=338046"}],"curies":[{"name":"wp","href":"https:\/\/api.w.org\/{rel}","templated":true}]}}