{"id":338052,"date":"2026-08-31T15:06:09","date_gmt":"2026-08-31T15:06:09","guid":{"rendered":"https:\/\/www.europesays.com\/fi\/338052\/"},"modified":"2026-08-31T15:06:09","modified_gmt":"2026-08-31T15:06:09","slug":"upmn-yhtiokokous-paatti-jakautumisesta-uutisia-lyhyesti","status":"publish","type":"post","link":"https:\/\/www.europesays.com\/fi\/338052\/","title":{"rendered":"UPM:n yhti\u00f6kokous p\u00e4\u00e4tti jakautumisesta | Uutisia lyhyesti"},"content":{"rendered":"<p class=\"aw__sc-1qwuw0s-0 aw__sc-ngllmo-0 epAWpq fzYpjk yle__article__paragraph\">Mets\u00e4yhti\u00f6 UPM:n ylim\u00e4\u00e4r\u00e4inen yhti\u00f6kokous on p\u00e4\u00e4tt\u00e4nyt vaneriliiketoiminnan eriytt\u00e4misest\u00e4 uudeksi p\u00f6rssiyhti\u00f6ksi. Uuden itsen\u00e4isen yhti\u00f6n nimi on Wisa Group.<\/p>\n<p class=\"aw__sc-1qwuw0s-0 aw__sc-ngllmo-0 epAWpq fzYpjk yle__article__paragraph\">Wisa tarjoaa vaneri- ja viilutuotteita esimerkiksi rakentamiseen, ajoneuvojen lattioihin, LNG-laivanrakentamiseen ja parketin valmistukseen.<\/p>\n<p class=\"aw__sc-1qwuw0s-0 aw__sc-ngllmo-0 epAWpq fzYpjk yle__article__paragraph\">Uuden yhti\u00f6n perustaminen on ehdollinen jakautumisen t\u00e4yt\u00e4nt\u00f6\u00f6npanolle, jonka on suunniteltu tapahtuvan lokakuun lopussa. Kaupank\u00e4ynnin Wisan osakkeilla odotetaan alkavan Helsingin p\u00f6rssiss\u00e4 2. marraskuuta tai mahdollisimman pian sen j\u00e4lkeen.<\/p>\n","protected":false},"excerpt":{"rendered":"Mets\u00e4yhti\u00f6 UPM:n ylim\u00e4\u00e4r\u00e4inen yhti\u00f6kokous on p\u00e4\u00e4tt\u00e4nyt vaneriliiketoiminnan eriytt\u00e4misest\u00e4 uudeksi p\u00f6rssiyhti\u00f6ksi. Uuden itsen\u00e4isen yhti\u00f6n nimi on Wisa Group. Wisa&hellip;\n","protected":false},"author":2,"featured_media":338053,"comment_status":"","ping_status":"","sticky":false,"template":"","format":"standard","meta":{"footnotes":"","_share_on_mastodon":"0"},"categories":[5],"tags":[22,23,26,27,33,31,30,17,24,25,28,29,15,18,21,32,78,19,20,5360,16],"class_list":["post-338052","post","type-post","status-publish","format-standard","has-post-thumbnail","category-otsikot","tag-breaking-news","tag-breakingnews","tag-featured-news","tag-featurednews","tag-fi","tag-finland","tag-finnish","tag-headlines","tag-latest-news","tag-latestnews","tag-main-news","tag-mainnews","tag-news","tag-otsikot","tag-paauutiset","tag-suomi","tag-talous","tag-top-stories","tag-topstories","tag-upm","tag-uutiset"],"share_on_mastodon":{"url":"https:\/\/pubeurope.com\/@fi\/117190746830076556","error":""},"_links":{"self":[{"href":"https:\/\/www.europesays.com\/fi\/wp-json\/wp\/v2\/posts\/338052","targetHints":{"allow":["GET"]}}],"collection":[{"href":"https:\/\/www.europesays.com\/fi\/wp-json\/wp\/v2\/posts"}],"about":[{"href":"https:\/\/www.europesays.com\/fi\/wp-json\/wp\/v2\/types\/post"}],"author":[{"embeddable":true,"href":"https:\/\/www.europesays.com\/fi\/wp-json\/wp\/v2\/users\/2"}],"replies":[{"embeddable":true,"href":"https:\/\/www.europesays.com\/fi\/wp-json\/wp\/v2\/comments?post=338052"}],"version-history":[{"count":0,"href":"https:\/\/www.europesays.com\/fi\/wp-json\/wp\/v2\/posts\/338052\/revisions"}],"wp:featuredmedia":[{"embeddable":true,"href":"https:\/\/www.europesays.com\/fi\/wp-json\/wp\/v2\/media\/338053"}],"wp:attachment":[{"href":"https:\/\/www.europesays.com\/fi\/wp-json\/wp\/v2\/media?parent=338052"}],"wp:term":[{"taxonomy":"category","embeddable":true,"href":"https:\/\/www.europesays.com\/fi\/wp-json\/wp\/v2\/categories?post=338052"},{"taxonomy":"post_tag","embeddable":true,"href":"https:\/\/www.europesays.com\/fi\/wp-json\/wp\/v2\/tags?post=338052"}],"curies":[{"name":"wp","href":"https:\/\/api.w.org\/{rel}","templated":true}]}}