{"id":338056,"date":"2026-08-31T15:26:11","date_gmt":"2026-08-31T15:26:11","guid":{"rendered":"https:\/\/www.europesays.com\/fi\/338056\/"},"modified":"2026-08-31T15:26:11","modified_gmt":"2026-08-31T15:26:11","slug":"katriina-rinteen-kuolinilmoitus-hsssa","status":"publish","type":"post","link":"https:\/\/www.europesays.com\/fi\/338056\/","title":{"rendered":"Katriina Rinteen kuolinilmoitus HS:ss\u00e4"},"content":{"rendered":"<p>N\u00e4yttelij\u00e4 Katriina Rinne oli kuollessaan 86-vuotias. <\/p>\n<p><img decoding=\"async\" class=\"image image-show image-preview\" src=\"https:\/\/www.europesays.com\/fi\/wp-content\/uploads\/2026\/08\/78a484064d1bfea297bba565817c8d2ef2f4da0a1738c75244860c676924f3e2.jpg\" alt=\"\"\/><img decoding=\"async\" class=\"image image-show\" src=\"https:\/\/www.europesays.com\/fi\/wp-content\/uploads\/2026\/08\/1788189971_989_78a484064d1bfea297bba565817c8d2ef2f4da0a1738c75244860c676924f3e2.jpg\" alt=\"\"\/><\/p>\n<p>Katriina Rinne kuoli 13. elokuuta. Jari Tertti<\/p>\n<p class=\"paragraph\">N\u00e4yttelij\u00e4 <a href=\"https:\/\/www.iltalehti.fi\/henkilot\/Katriina Rinne\" class=\"article-link-person-page\" rel=\"nofollow noopener\" target=\"_blank\">Katriina Rinteen<\/a> kuolinilmoitus julkaistiin sunnuntaina 30. elokuuta Helsingin Sanomissa.<\/p>\n<p class=\"paragraph\">Rinne kuoli 13. elokuuta Helsingiss\u00e4. H\u00e4n oli kuollessaan 86-vuotias.<\/p>\n<p class=\"paragraph\">Rinteen koko nimi oli <a href=\"https:\/\/www.iltalehti.fi\/henkilot\/Katriina Rinne\" class=\"article-link-person-page\" rel=\"nofollow noopener\" target=\"_blank\">Ansa-Marja Katriina Rinne<\/a>.<\/p>\n<p class=\"paragraph\">Kuolinilmoituksessa Rinnett\u00e4 j\u00e4\u00e4v\u00e4t kaipaamaan h\u00e4nen <strong>Marjatta<\/strong>-siskonsa sek\u00e4 lukuisat muut l\u00e4heiset, sukulaiset ja yst\u00e4v\u00e4t.<\/p>\n<p class=\"paragraph\">Kuolinilmoituksessa kerrotaan, ett\u00e4 siunaustilaisuus j\u00e4rjestet\u00e4\u00e4n syyskuussa Helsingiss\u00e4.<\/p>\n<p>Kuvakaappaus Rinteen kuolinilmoituksesta HS:n digilehdest\u00e4. Kuvakaappaus \/ Helsingin Sanomat<\/p>\n<p class=\"paragraph\">Rinteen Marjatta-sisko muisteli Katriina Rinnett\u00e4 Iltalehdelle 15. elokuuta.<\/p>\n<p class=\"paragraph\">\u2013 H\u00e4n oli kev\u00e4\u00e4st\u00e4 l\u00e4htien aika sairas ja h\u00e4nh\u00e4n oli i\u00e4k\u00e4s, minua viisi vuotta vanhempi, Marjatta sanoi.<\/p>\n<p class=\"paragraph\">Marjatta Rinne muisteli Katriina-siskoaan huumorintajuisena ja iloisena ihmisen\u00e4. Pitk\u00e4n el\u00e4m\u00e4n el\u00e4nyt sisko j\u00e4tti j\u00e4lkeens\u00e4 lukuisia hyvi\u00e4 muistoja.<\/p>\n<p class=\"paragraph\">Rinne kuului tunnettuun Rinteen n\u00e4yttelij\u00e4sukuun. H\u00e4nen \u00e4itins\u00e4 oli n\u00e4yttelij\u00e4 <a href=\"https:\/\/www.iltalehti.fi\/henkilot\/Ansa Ikonen\" class=\"article-link-person-page\" rel=\"nofollow noopener\" target=\"_blank\">Ansa Ikonen<\/a> ja is\u00e4 n\u00e4yttelij\u00e4 <strong>Jalmari Rinne<\/strong>. My\u00f6s Rinteen sisarukset <a href=\"https:\/\/www.iltalehti.fi\/henkilot\/Tommi Rinne\" class=\"article-link-person-page\" rel=\"nofollow noopener\" target=\"_blank\">Tommi<\/a>, <a href=\"https:\/\/www.iltalehti.fi\/henkilot\/Tiina Rinne\" class=\"article-link-person-page\" rel=\"nofollow noopener\" target=\"_blank\">Tiina<\/a>, <a href=\"https:\/\/www.iltalehti.fi\/henkilot\/Taneli Rinne\" class=\"article-link-person-page\" rel=\"nofollow noopener\" target=\"_blank\">Taneli<\/a> ja <a href=\"https:\/\/www.iltalehti.fi\/henkilot\/Marjatta Rinne\" class=\"article-link-person-page\" rel=\"nofollow noopener\" target=\"_blank\">Marjatta<\/a> ovat n\u00e4yttelij\u00f6it\u00e4.<\/p>\n","protected":false},"excerpt":{"rendered":"N\u00e4yttelij\u00e4 Katriina Rinne oli kuollessaan 86-vuotias. Katriina Rinne kuoli 13. elokuuta. Jari Tertti N\u00e4yttelij\u00e4 Katriina Rinteen kuolinilmoitus julkaistiin&hellip;\n","protected":false},"author":2,"featured_media":338057,"comment_status":"","ping_status":"","sticky":false,"template":"","format":"standard","meta":{"footnotes":"","_share_on_mastodon":"0"},"categories":[130],"tags":[35,137,33,31,30,101,99,100,98,32,140,109],"class_list":["post-338056","post","type-post","status-publish","format-standard","has-post-thumbnail","category-viihde","tag-24h","tag-entertainment","tag-fi","tag-finland","tag-finnish","tag-ihmissuhteet","tag-lapset","tag-lapset-ja-nuoret","tag-perhe","tag-suomi","tag-tv-ja-elokuvat","tag-viihde"],"share_on_mastodon":{"url":"https:\/\/pubeurope.com\/@fi\/117190826030418868","error":""},"_links":{"self":[{"href":"https:\/\/www.europesays.com\/fi\/wp-json\/wp\/v2\/posts\/338056","targetHints":{"allow":["GET"]}}],"collection":[{"href":"https:\/\/www.europesays.com\/fi\/wp-json\/wp\/v2\/posts"}],"about":[{"href":"https:\/\/www.europesays.com\/fi\/wp-json\/wp\/v2\/types\/post"}],"author":[{"embeddable":true,"href":"https:\/\/www.europesays.com\/fi\/wp-json\/wp\/v2\/users\/2"}],"replies":[{"embeddable":true,"href":"https:\/\/www.europesays.com\/fi\/wp-json\/wp\/v2\/comments?post=338056"}],"version-history":[{"count":0,"href":"https:\/\/www.europesays.com\/fi\/wp-json\/wp\/v2\/posts\/338056\/revisions"}],"wp:featuredmedia":[{"embeddable":true,"href":"https:\/\/www.europesays.com\/fi\/wp-json\/wp\/v2\/media\/338057"}],"wp:attachment":[{"href":"https:\/\/www.europesays.com\/fi\/wp-json\/wp\/v2\/media?parent=338056"}],"wp:term":[{"taxonomy":"category","embeddable":true,"href":"https:\/\/www.europesays.com\/fi\/wp-json\/wp\/v2\/categories?post=338056"},{"taxonomy":"post_tag","embeddable":true,"href":"https:\/\/www.europesays.com\/fi\/wp-json\/wp\/v2\/tags?post=338056"}],"curies":[{"name":"wp","href":"https:\/\/api.w.org\/{rel}","templated":true}]}}