{"id":338058,"date":"2026-08-31T15:27:12","date_gmt":"2026-08-31T15:27:12","guid":{"rendered":"https:\/\/www.europesays.com\/fi\/338058\/"},"modified":"2026-08-31T15:27:12","modified_gmt":"2026-08-31T15:27:12","slug":"biojatetta-paatyy-usein-roskapussiin-turun-seudulla-kompostointi-jaa-tekematta-monessa-taajamatalon-pihassa-varsinais-suomi","status":"publish","type":"post","link":"https:\/\/www.europesays.com\/fi\/338058\/","title":{"rendered":"Bioj\u00e4tett\u00e4 p\u00e4\u00e4tyy usein roskapussiin Turun seudulla \u2013 kompostointi j\u00e4\u00e4 tekem\u00e4tt\u00e4 monessa taajamatalon pihassa | Varsinais-Suomi"},"content":{"rendered":"<p class=\"aw__sc-1qwuw0s-0 aw__sc-1vg2sqm-0 epAWpq ecELkD yle__article__paragraph\">Joissakin tapauksissa kompostori on hankittu m\u00e4\u00e4r\u00e4ysten t\u00e4ytt\u00e4miseksi, mutta sit\u00e4 ei k\u00e4ytet\u00e4.<\/p>\n<p><img decoding=\"async\" alt=\"Kotitalousj\u00e4tteit\u00e4 j\u00e4tes\u00e4ili\u00f6ss\u00e4.\" src=\"https:\/\/www.europesays.com\/fi\/wp-content\/uploads\/2026\/08\/1688045168.jpeg\" class=\"aw__sc-dklauk-0 LPzKX\"\/><\/p>\n<p>Avaa kuvien katselu<\/p>\n<p>Kaikkiaan tutkimuksessa tarkasteltiin noin 4 800 kotitalouden sekaj\u00e4tteit\u00e4. Kuvituskuva. Kuva: Kari Saastamoinen \/ Yle<\/p>\n<p class=\"aw__sc-1qwuw0s-0 aw__sc-ngllmo-0 epAWpq fzYpjk yle__article__paragraph\">Bioj\u00e4te muodostaa edelleen yli kolmanneksen kotitalouksien sekaj\u00e4tteest\u00e4. Tulos selvi\u00e4\u00e4 Lounais-Suomen J\u00e4tehuollon sekaj\u00e4tteen koostumustutkimuksesta.<\/p>\n<p class=\"aw__sc-1qwuw0s-0 aw__sc-ngllmo-0 epAWpq fzYpjk yle__article__paragraph\">LSJH kertoo tiedotteessaan, ett\u00e4 etenkin kompostoinnista ilmoittaneiden taajama-alueen pientalojen roskapussissa bioj\u00e4tett\u00e4 on l\u00e4hes yht\u00e4 suuri osuus kuin niiss\u00e4 haja-asutusalueen pientaloissa, joissa bioj\u00e4tett\u00e4 ei ker\u00e4t\u00e4 erikseen.<\/p>\n<p class=\"aw__sc-1qwuw0s-0 aw__sc-ngllmo-0 epAWpq fzYpjk yle__article__paragraph\">J\u00e4tehuoltoviranomaisten tarkastuksissa on havaittu, ett\u00e4 kompostoria ei aina l\u00f6ydy kiinteist\u00f6lt\u00e4 kompostointi-ilmoituksesta huolimatta. Joissakin tapauksissa kompostori on hankittu m\u00e4\u00e4r\u00e4ysten t\u00e4ytt\u00e4miseksi, mutta sit\u00e4 ei k\u00e4ytet\u00e4.<\/p>\n<p class=\"aw__sc-1qwuw0s-0 aw__sc-ngllmo-0 epAWpq fzYpjk yle__article__paragraph\">\u2013 Tutkimus ei tarjoa vastausta siihen, miksi kompostointi ei n\u00e4y tuloksissa pienemp\u00e4n\u00e4 bioj\u00e4tteen osuutena. Ehk\u00e4 osa uusista kompostoijista viel\u00e4 harjoittelee kompostorin k\u00e4ytt\u00f6\u00e4. Sattumallakin voi olla osuutta, kun tutkitut n\u00e4ytem\u00e4\u00e4r\u00e4t ovat rajallisia, arvioi LSJH:n tutkimus- ja kehitysp\u00e4\u00e4llikk\u00f6 <strong class=\"aw__sc-ngllmo-2 gdRrun yle__article__strong\">Miia Jylh\u00e4<\/strong> tiedotteessa.<\/p>\n<p class=\"aw__sc-1qwuw0s-0 aw__sc-ngllmo-0 epAWpq fzYpjk yle__article__paragraph\">Kaikkiaan tutkimuksessa tarkasteltiin noin 4\u00a0800 kotitalouden sekaj\u00e4tteit\u00e4. Sekaj\u00e4tteen suurimmat jakeet olivat bioj\u00e4te (34,6 %), muovit (16,7 %) sek\u00e4 sekalaiset j\u00e4tteet (15,2 %).<\/p>\n<p class=\"aw__sc-1qwuw0s-0 aw__sc-ngllmo-0 epAWpq fzYpjk yle__article__paragraph\">Bioj\u00e4tteen osuus kasvoi hieman vuoden 2024 tutkimuksesta, muovien osuus pysyi l\u00e4hes ennallaan.<\/p>\n<p class=\"aw__sc-1qwuw0s-0 aw__sc-ngllmo-0 epAWpq fzYpjk yle__article__paragraph\">Parhaiten lajittelu onnistuu taajama-alueen taloyhti\u00f6iss\u00e4 sek\u00e4 pientaloissa, joissa bioj\u00e4te ker\u00e4t\u00e4\u00e4n erikseen pihalla olevaan bioj\u00e4tteen j\u00e4teastiaan.<\/p>\n","protected":false},"excerpt":{"rendered":"Joissakin tapauksissa kompostori on hankittu m\u00e4\u00e4r\u00e4ysten t\u00e4ytt\u00e4miseksi, mutta sit\u00e4 ei k\u00e4ytet\u00e4. Avaa kuvien katselu Kaikkiaan tutkimuksessa tarkasteltiin noin&hellip;\n","protected":false},"author":2,"featured_media":338059,"comment_status":"","ping_status":"","sticky":false,"template":"","format":"standard","meta":{"footnotes":"","_share_on_mastodon":"0"},"categories":[112],"tags":[9643,33,31,30,1477,1476,11609,13393,41808,4689,118,32,119,662,663],"class_list":["post-338058","post","type-post","status-publish","format-standard","has-post-thumbnail","category-tiede","tag-biojatteet","tag-fi","tag-finland","tag-finnish","tag-jatehuolto","tag-jatteet","tag-jatteiden-lajittelu","tag-kompostointi","tag-kompostorit","tag-kotitaloudet","tag-science","tag-suomi","tag-tiede","tag-turku","tag-varsinais-suomi"],"share_on_mastodon":{"url":"https:\/\/pubeurope.com\/@fi\/117190829877342419","error":""},"_links":{"self":[{"href":"https:\/\/www.europesays.com\/fi\/wp-json\/wp\/v2\/posts\/338058","targetHints":{"allow":["GET"]}}],"collection":[{"href":"https:\/\/www.europesays.com\/fi\/wp-json\/wp\/v2\/posts"}],"about":[{"href":"https:\/\/www.europesays.com\/fi\/wp-json\/wp\/v2\/types\/post"}],"author":[{"embeddable":true,"href":"https:\/\/www.europesays.com\/fi\/wp-json\/wp\/v2\/users\/2"}],"replies":[{"embeddable":true,"href":"https:\/\/www.europesays.com\/fi\/wp-json\/wp\/v2\/comments?post=338058"}],"version-history":[{"count":0,"href":"https:\/\/www.europesays.com\/fi\/wp-json\/wp\/v2\/posts\/338058\/revisions"}],"wp:featuredmedia":[{"embeddable":true,"href":"https:\/\/www.europesays.com\/fi\/wp-json\/wp\/v2\/media\/338059"}],"wp:attachment":[{"href":"https:\/\/www.europesays.com\/fi\/wp-json\/wp\/v2\/media?parent=338058"}],"wp:term":[{"taxonomy":"category","embeddable":true,"href":"https:\/\/www.europesays.com\/fi\/wp-json\/wp\/v2\/categories?post=338058"},{"taxonomy":"post_tag","embeddable":true,"href":"https:\/\/www.europesays.com\/fi\/wp-json\/wp\/v2\/tags?post=338058"}],"curies":[{"name":"wp","href":"https:\/\/api.w.org\/{rel}","templated":true}]}}