{"id":338066,"date":"2026-08-31T15:32:14","date_gmt":"2026-08-31T15:32:14","guid":{"rendered":"https:\/\/www.europesays.com\/fi\/338066\/"},"modified":"2026-08-31T15:32:14","modified_gmt":"2026-08-31T15:32:14","slug":"tukesilta-uutta-tietoa-vantaan-turmaparvekkeista-lasilevyt-vaadittua-heikompia-uusimaa","status":"publish","type":"post","link":"https:\/\/www.europesays.com\/fi\/338066\/","title":{"rendered":"Tukesilta uutta tietoa Vantaan turma\u00adparvekkeista: lasilevyt vaadittua heikompia | Uusimaa"},"content":{"rendered":"<p class=\"aw__sc-1qwuw0s-0 aw__sc-1vg2sqm-0 epAWpq ecELkD yle__article__paragraph\">Tukesin alustavien tulosten mukaan Vantaan turma\u00adparvekkeissa k\u00e4ytetyt lasilevyt eiv\u00e4t t\u00e4yt\u00e4 laskennallista pistekuorma\u00advaatimusta.<\/p>\n<p><img decoding=\"async\" alt=\"Kerrostalon parvekkeelta puuttuu yksi parvekelasi.\" src=\"https:\/\/www.europesays.com\/fi\/wp-content\/uploads\/2026\/08\/1782031926.jpeg\" class=\"aw__sc-dklauk-0 LPzKX\"\/><\/p>\n<p>Avaa kuvien katselu<\/p>\n<p>Mies kuoli juhannusaattona pudottuaan parvekkeen lasikaiteen l\u00e4pi Vantaan Tikkurilassa. Kuva: Mikko Ahmaj\u00e4rvi \/ Yle<\/p>\n<ul class=\"aw__sc-1yb43iq-0 gFXHv yle__article__list yle__article__list--ul\">\n<li class=\"aw__sc-1yb43iq-1 gVAzbt\">Tukesin alustavien tulosten mukaan Vantaan Tikkurilan parveketurmatalon lasit olivat liian heikkoja.<\/li>\n<li class=\"aw__sc-1yb43iq-1 gVAzbt\">Ylitarkastaja Petri Kulmalan mukaan lasi ei t\u00e4yt\u00e4 laskennallista pistekuormavaatimusta.<\/li>\n<li class=\"aw__sc-1yb43iq-1 gVAzbt\">Tukes selvitt\u00e4\u00e4 my\u00f6s, onko Tikkurilan turmatalon parvekkeiden muovisissa lasikiiloissa ollut vikaa.<\/li>\n<\/ul>\n<p class=\"aw__sc-1qwuw0s-0 aw__sc-ngllmo-0 epAWpq fzYpjk yle__article__paragraph\">Turvallisuus- ja kemikaaliviraston Tukesin alustavien tulosten mukaan Vantaan Tikkurilan turmaparvekkeen lasit eiv\u00e4t olleet nykyvaatimusten mukaisia.<\/p>\n<p class=\"aw__sc-1qwuw0s-0 aw__sc-ngllmo-0 epAWpq fzYpjk yle__article__paragraph\">Tukesin ylitarkastaja <strong class=\"aw__sc-ngllmo-2 gdRrun yle__article__strong\">Petri Kulmalan<\/strong> mukaan kyseisess\u00e4 kaidej\u00e4rjestelm\u00e4ss\u00e4 k\u00e4ytetty lasi ei t\u00e4yt\u00e4 laskennallista pistekuormavaatimusta.<\/p>\n<p class=\"aw__sc-1qwuw0s-0 aw__sc-ngllmo-0 epAWpq fzYpjk yle__article__paragraph\">\u2013 K\u00e4yt\u00e4nn\u00f6ss\u00e4 se tarkoittaa, ett\u00e4 se on liian heikko siihen k\u00e4ytt\u00f6tarkoitukseen, Kulmala sanoo.<\/p>\n<p class=\"aw__sc-1qwuw0s-0 aw__sc-ngllmo-0 epAWpq fzYpjk yle__article__paragraph\">Tikkurilantien kerrostalossa k\u00e4ytettiin 4+4-millist\u00e4 laminoitua lasia, jossa on kaksi nelj\u00e4n millimetrin paksuista lasilevy\u00e4 ja niiden v\u00e4liss\u00e4 laminointikalvo.<\/p>\n<p class=\"aw__sc-1qwuw0s-0 aw__sc-ngllmo-0 epAWpq fzYpjk yle__article__paragraph\"><a class=\"aw__sc-ngllmo-1 bTDnwX yle__article__link\" href=\"https:\/\/yle.fi\/a\/74-20232518\" role=\"link\" rel=\"nofollow noopener\" target=\"_blank\">Noin 30-vuotias mies kuoli<\/a>, kun h\u00e4n putosi parvekkeelta juhannusaattona Vantaan Tikkurilassa. Markkinavalvontaviranomaisena Tukes<a class=\"aw__sc-ngllmo-1 bTDnwX yle__article__link\" href=\"https:\/\/yle.fi\/a\/74-20232899\" role=\"link\" rel=\"nofollow noopener\" target=\"_blank\"> aloitti turman j\u00e4lkeen selvityksen<\/a> parvekekaiteesta ja sen suunnitelmista.<\/p>\n<p class=\"aw__sc-1qwuw0s-0 aw__sc-ngllmo-0 epAWpq fzYpjk yle__article__paragraph\">Kiinteist\u00f6n omistava L\u00e4hi-Tapiola ja lasituksen tehnyt Alutec eiv\u00e4t halunneet kommentoida asiaa n\u00e4kem\u00e4tt\u00e4 Tukesin tuloksia.<\/p>\n<p>Pistekuormaa tarkasteltu laskennallisesti<\/p>\n<p class=\"aw__sc-1qwuw0s-0 aw__sc-ngllmo-0 epAWpq fzYpjk yle__article__paragraph\">Parvekekaiteen eri osille on erilaisia standardeja, joiden avulla rakenne suunnitellaan kest\u00e4m\u00e4\u00e4n tietty m\u00e4\u00e4r\u00e4 tuuli-, viiva- ja pistekuormaa.<\/p>\n<p class=\"aw__sc-1qwuw0s-0 aw__sc-ngllmo-0 epAWpq fzYpjk yle__article__paragraph\">Pistekuormaa voidaan tarkastella sek\u00e4 kokeellisesti ett\u00e4 laskennallisesti. Tukes on tarkastellut, t\u00e4ytt\u00e4\u00e4k\u00f6 Tikkurilan turmatalon parvekelasi laskennallisen pistekuormavaatimuksen.<\/p>\n<p class=\"aw__sc-1qwuw0s-0 aw__sc-ngllmo-0 epAWpq fzYpjk yle__article__paragraph\">Kaidej\u00e4rjestelm\u00e4n suojaavan lasiosan pistekuormavaatimus on 0,3 kilonewtonia 50&#215;50 mm:n kokoisella vaikutusalueella. Vaatimukset perustuvat kansallisiin asetuksiin ja eurokoodeihin, jotka ovat eurooppalaisia laskentastandardeja rakenteiden lujuuden mitoittamiseen.<\/p>\n<p class=\"aw__sc-1qwuw0s-0 aw__sc-ngllmo-0 epAWpq fzYpjk yle__article__paragraph\">\u2013 Kuormitusvaatimuksella varmistetaan, ett\u00e4 kaidelasi kest\u00e4\u00e4 tavanomaiset kuormitustilanteet, kuten lasiin nojailun tai t\u00f6rm\u00e4\u00e4misen, Kulmala kertoo.<\/p>\n<p class=\"aw__sc-1qwuw0s-0 aw__sc-ngllmo-0 epAWpq fzYpjk yle__article__paragraph\">Kulmalan mukaan pistekuormaa on tarkasteltu laskennallisesti, koska kokeellisesti ei pystyt\u00e4 tarkastelemaan kest\u00e4vyytt\u00e4 luotettavasti.<\/p>\n<p class=\"aw__sc-1qwuw0s-0 aw__sc-ngllmo-0 epAWpq fzYpjk yle__article__paragraph\">\u2013 Kokeellisessa testauksessa ei pystyt\u00e4 ottamaan luotettavasti kaikkia olosuhteita huomioon, kuten kaidelasin todellisen k\u00e4ytt\u00f6ymp\u00e4rist\u00f6n l\u00e4mp\u00f6tiloja, lasin murtolujuuden tilastollista hajontaa tai lamijoidun lasin j\u00e4\u00e4nn\u00f6skest\u00e4vyytt\u00e4.<\/p>\n<p class=\"aw__sc-1qwuw0s-0 aw__sc-ngllmo-0 epAWpq fzYpjk yle__article__paragraph\">Laskennallisen pistekuorman lis\u00e4ksi Tukes selvitt\u00e4\u00e4, onko Tikkurilan turmatalon parvekkeiden muovisissa lasikiiloissa ollut vikaa.<\/p>\n<p class=\"aw__sc-1qwuw0s-0 aw__sc-ngllmo-0 epAWpq fzYpjk yle__article__paragraph\">Kulmalan mukaan selvitykset ovat viel\u00e4 kesken ja lopullinen raportti Tikkurilantien parvekkeista valmistuu arviolta loppuvuodesta.<\/p>\n<p>Tukes selvitt\u00e4\u00e4 parvekkeiden turvallisuutta<\/p>\n<p class=\"aw__sc-1qwuw0s-0 aw__sc-ngllmo-0 epAWpq fzYpjk yle__article__paragraph\">Vantaan Tikkurilassa tapahtui my\u00f6s vuonna 2023 kuolemaan johtanut <a class=\"aw__sc-ngllmo-1 bTDnwX yle__article__link\" href=\"https:\/\/yle.fi\/a\/74-20024527\" role=\"link\" rel=\"nofollow noopener\" target=\"_blank\">parveketurma<\/a>, kun nainen kaatui lasia p\u00e4in ja putosi seitsem\u00e4nnest\u00e4 kerroksesta.<\/p>\n<p class=\"aw__sc-1qwuw0s-0 aw__sc-ngllmo-0 epAWpq fzYpjk yle__article__paragraph\">Tukes selvitti my\u00f6s tuolloin parvekkeen vaatimustenmukaisuutta. Selvityksen mukaan lasi ei t\u00e4ytt\u00e4nyt laskennallista pistekuormavaatimusta.<\/p>\n<p class=\"aw__sc-1qwuw0s-0 aw__sc-ngllmo-0 epAWpq fzYpjk yle__article__paragraph\">Tukesin ylitarkastaja Petri Kulmalan mukaan Tikkurilan parveketurmissa on paljon yhtenev\u00e4isyyksi\u00e4.<\/p>\n<p class=\"aw__sc-1qwuw0s-0 aw__sc-ngllmo-0 epAWpq fzYpjk yle__article__paragraph\">\u2013 Vaikka kyseess\u00e4 on ollut eri valmistajien kaiteet, niin rakenneratkaisu on ollut samanlainen, eli alumiinirunkoinen kaide, jossa on suojaavana osana laminoitua lasia.<\/p>\n<p class=\"aw__sc-1qwuw0s-0 aw__sc-ngllmo-0 epAWpq fzYpjk yle__article__paragraph\">Vuoden 2023 parveketurma toimi her\u00e4tyksen\u00e4 alan toimijoille. Tukes aloitti kaikkia valmistajia koskevan <a class=\"aw__sc-ngllmo-1 bTDnwX yle__article__link\" href=\"https:\/\/tukes.fi\/-\/tukes-on-aloittanut-laajan-selvityksen-parvekekaidejarjestelmien-turvallisuudesta-syyna-tikkurilan-parvekeonnettomuus\" role=\"link\" rel=\"nofollow noopener\" target=\"_blank\">markkinavalvontahankkeen<\/a>, ja Suomen tasolasiyhdistys julkaisi <a class=\"aw__sc-ngllmo-1 bTDnwX yle__article__link\" href=\"https:\/\/yle.fi\/a\/74-20074845\" role=\"link\" rel=\"nofollow noopener\" target=\"_blank\">ohjeen<\/a> kaidelasien laskennallisen mitoituksen periaatteista.<\/p>\n<p class=\"aw__sc-1qwuw0s-0 aw__sc-ngllmo-0 epAWpq fzYpjk yle__article__paragraph\">Pistekuormavaatimus ei Kulmalan mukaan kuitenkaan ole uusi asia, vaan se l\u00f6ytyy jo ensimm\u00e4isest\u00e4 <a class=\"aw__sc-ngllmo-1 bTDnwX yle__article__link\" href=\"https:\/\/ym.fi\/documents\/1410903\/155128351\/B1_1978_K.pdf\/1949b381-3607-5ada-38e9-eade9a7d78b2?t=1680075282389\" role=\"link\" rel=\"nofollow noopener\" target=\"_blank\">rakennusm\u00e4\u00e4r\u00e4yskokoelmasta<\/a> vuodelta 1978.<\/p>\n<p class=\"aw__sc-1qwuw0s-0 aw__sc-ngllmo-0 epAWpq fzYpjk yle__article__paragraph\">Tikkurilan turmatalot ovat valmistuneet vuosina 2020 ja 2017.<\/p>\n<p class=\"aw__sc-1qwuw0s-0 aw__sc-ngllmo-0 epAWpq fzYpjk yle__article__paragraph\">\u2013 Meid\u00e4n tekem\u00e4n selvityksen mukaan lains\u00e4\u00e4d\u00e4nn\u00f6n vaatimukset kaiderakenteisiin liittyen eiv\u00e4t ole muuttuneet hyvin pitk\u00e4\u00e4n aikaan, ja ne ovat pysyneet likimain samana koko 2000-luvun.<\/p>\n","protected":false},"excerpt":{"rendered":"Tukesin alustavien tulosten mukaan Vantaan turma\u00adparvekkeissa k\u00e4ytetyt lasilevyt eiv\u00e4t t\u00e4yt\u00e4 laskennallista pistekuorma\u00advaatimusta. Avaa kuvien katselu Mies kuoli juhannusaattona&hellip;\n","protected":false},"author":2,"featured_media":338067,"comment_status":"","ping_status":"","sticky":false,"template":"","format":"standard","meta":{"footnotes":"","_share_on_mastodon":"0"},"categories":[5],"tags":[22,23,26,27,33,31,30,17,71,24,25,28,29,15,837,18,21,25337,32,16299,19,20,4727,546,1168,16,2359],"class_list":["post-338066","post","type-post","status-publish","format-standard","has-post-thumbnail","category-otsikot","tag-breaking-news","tag-breakingnews","tag-featured-news","tag-featurednews","tag-fi","tag-finland","tag-finnish","tag-headlines","tag-kotimaa","tag-latest-news","tag-latestnews","tag-main-news","tag-mainnews","tag-news","tag-onnettomuudet","tag-otsikot","tag-paauutiset","tag-parvekerakenteet","tag-suomi","tag-tikkurila","tag-top-stories","tag-topstories","tag-tukes","tag-turvallisuus","tag-uusimaa","tag-uutiset","tag-vantaa"],"share_on_mastodon":{"url":"https:\/\/pubeurope.com\/@fi\/117190849522313349","error":""},"_links":{"self":[{"href":"https:\/\/www.europesays.com\/fi\/wp-json\/wp\/v2\/posts\/338066","targetHints":{"allow":["GET"]}}],"collection":[{"href":"https:\/\/www.europesays.com\/fi\/wp-json\/wp\/v2\/posts"}],"about":[{"href":"https:\/\/www.europesays.com\/fi\/wp-json\/wp\/v2\/types\/post"}],"author":[{"embeddable":true,"href":"https:\/\/www.europesays.com\/fi\/wp-json\/wp\/v2\/users\/2"}],"replies":[{"embeddable":true,"href":"https:\/\/www.europesays.com\/fi\/wp-json\/wp\/v2\/comments?post=338066"}],"version-history":[{"count":0,"href":"https:\/\/www.europesays.com\/fi\/wp-json\/wp\/v2\/posts\/338066\/revisions"}],"wp:featuredmedia":[{"embeddable":true,"href":"https:\/\/www.europesays.com\/fi\/wp-json\/wp\/v2\/media\/338067"}],"wp:attachment":[{"href":"https:\/\/www.europesays.com\/fi\/wp-json\/wp\/v2\/media?parent=338066"}],"wp:term":[{"taxonomy":"category","embeddable":true,"href":"https:\/\/www.europesays.com\/fi\/wp-json\/wp\/v2\/categories?post=338066"},{"taxonomy":"post_tag","embeddable":true,"href":"https:\/\/www.europesays.com\/fi\/wp-json\/wp\/v2\/tags?post=338066"}],"curies":[{"name":"wp","href":"https:\/\/api.w.org\/{rel}","templated":true}]}}