{"id":338072,"date":"2026-08-31T15:55:17","date_gmt":"2026-08-31T15:55:17","guid":{"rendered":"https:\/\/www.europesays.com\/fi\/338072\/"},"modified":"2026-08-31T15:55:17","modified_gmt":"2026-08-31T15:55:17","slug":"maajussi-antti-avautuu-nuorena-sairastetusta-syovasta","status":"publish","type":"post","link":"https:\/\/www.europesays.com\/fi\/338072\/","title":{"rendered":"Maajussi-Antti avautuu nuorena sairastetusta sy\u00f6v\u00e4st\u00e4"},"content":{"rendered":"<p><strong class=\"typography-bold\">Maajussi-Antti kertoo ohjelman toisessa jaksossa nuorena sairastamastaan sy\u00f6v\u00e4st\u00e4 ja siit\u00e4, mit\u00e4 se opetti h\u00e4nelle.\u00a0<\/strong><\/p>\n<p><a class=\"cursor-pointer underline\" data-testid=\"internal-link\" role=\"link\" href=\"https:\/\/www.mtvuutiset.fi\/aihe\/maajussille-morsian\/2889974\" rel=\"nofollow noopener\" target=\"_blank\">Maajussille morsian<\/a> -ohjelman 19. kauden toisessa jaksossa n\u00e4hd\u00e4\u00e4n, kun <a class=\"cursor-pointer underline\" data-testid=\"internal-link\" role=\"link\" href=\"https:\/\/www.mtvuutiset.fi\/aihe\/vappu-pimia\/2874696\" rel=\"nofollow noopener\" target=\"_blank\"><strong class=\"typography-bold\">Vappu Pimi\u00e4<\/strong><\/a> toimittaa kirjeet maajusseille heid\u00e4n kotitiloilleen.\u00a0<\/p>\n<p>Maajussi-<strong class=\"typography-bold\">Antti<\/strong> saa ison kirjenivaskan. Yksi kirje kiinnitt\u00e4\u00e4 erityisesti h\u00e4nen huomionsa.\u00a0<\/p>\n<p>Siin\u00e4 28-vuotias <strong class=\"typography-bold\">Tiina<\/strong> kertoo kirjeess\u00e4\u00e4n, ett\u00e4 menetti 18-vuotiaana \u00e4itins\u00e4 sy\u00f6v\u00e4lle. Menetys niin nuorella i\u00e4ll\u00e4 opetti h\u00e4nelle, ett\u00e4 el\u00e4m\u00e4 on nyt t\u00e4ss\u00e4. Maajussi-Antti kertoo pystyv\u00e4ns\u00e4 samaistumaan ajatukseen.<\/p>\n<p>\u2013 Olen nuorempana sairastanut itsekin sy\u00f6v\u00e4n, ja se opetti minulle sen el\u00e4m\u00e4n rajallisuuden ja sen, ett\u00e4 jos jotakin meinaa, niin se kannattaa tehd\u00e4 nyt. Jos olisin j\u00e4\u00e4nyt nytkin viikkokausiksi pohtimaan, niin tuskin istuisin t\u00e4ss\u00e4, Antti sanoo.\u00a0<\/p>\n<p><strong class=\"typography-bold\">Lue lis\u00e4\u00e4: <\/strong><a class=\"cursor-pointer underline\" data-testid=\"internal-link\" role=\"link\" href=\"https:\/\/www.mtvuutiset.fi\/artikkeli\/maajussi-antti-26-haaveilee-omasta-perheesta-tallaista-puolisoa-han-etsii-rinnalleen\/9301836\" rel=\"nofollow noopener\" target=\"_blank\"><strong class=\"typography-bold\">Maajussi-Antti, 26, haaveilee omasta perheest\u00e4 \u2013 t\u00e4llaista puolisoa h\u00e4n etsii rinnalleen<\/strong><\/a><\/p>\n<p>26-vuotias Antti on Maaningalta kotoisin oleva yritt\u00e4j\u00e4 ja nelj\u00e4nnen sukupolven maanviljelij\u00e4, joka py\u00f6ritt\u00e4\u00e4 noin 80 hehtaarin maatilaa sek\u00e4 koneurakointi- ja kuljetusalan yrityst\u00e4.\u00a0<\/p>\n","protected":false},"excerpt":{"rendered":"Maajussi-Antti kertoo ohjelman toisessa jaksossa nuorena sairastamastaan sy\u00f6v\u00e4st\u00e4 ja siit\u00e4, mit\u00e4 se opetti h\u00e4nelle.\u00a0 Maajussille morsian -ohjelman 19.&hellip;\n","protected":false},"author":2,"featured_media":338073,"comment_status":"","ping_status":"","sticky":false,"template":"","format":"standard","meta":{"footnotes":"","_share_on_mastodon":"0"},"categories":[76],"tags":[79,77,33,31,30,32,78],"class_list":["post-338072","post","type-post","status-publish","format-standard","has-post-thumbnail","category-talous","tag-business","tag-economy","tag-fi","tag-finland","tag-finnish","tag-suomi","tag-talous"],"share_on_mastodon":{"url":"https:\/\/pubeurope.com\/@fi\/117190939365606552","error":""},"_links":{"self":[{"href":"https:\/\/www.europesays.com\/fi\/wp-json\/wp\/v2\/posts\/338072","targetHints":{"allow":["GET"]}}],"collection":[{"href":"https:\/\/www.europesays.com\/fi\/wp-json\/wp\/v2\/posts"}],"about":[{"href":"https:\/\/www.europesays.com\/fi\/wp-json\/wp\/v2\/types\/post"}],"author":[{"embeddable":true,"href":"https:\/\/www.europesays.com\/fi\/wp-json\/wp\/v2\/users\/2"}],"replies":[{"embeddable":true,"href":"https:\/\/www.europesays.com\/fi\/wp-json\/wp\/v2\/comments?post=338072"}],"version-history":[{"count":0,"href":"https:\/\/www.europesays.com\/fi\/wp-json\/wp\/v2\/posts\/338072\/revisions"}],"wp:featuredmedia":[{"embeddable":true,"href":"https:\/\/www.europesays.com\/fi\/wp-json\/wp\/v2\/media\/338073"}],"wp:attachment":[{"href":"https:\/\/www.europesays.com\/fi\/wp-json\/wp\/v2\/media?parent=338072"}],"wp:term":[{"taxonomy":"category","embeddable":true,"href":"https:\/\/www.europesays.com\/fi\/wp-json\/wp\/v2\/categories?post=338072"},{"taxonomy":"post_tag","embeddable":true,"href":"https:\/\/www.europesays.com\/fi\/wp-json\/wp\/v2\/tags?post=338072"}],"curies":[{"name":"wp","href":"https:\/\/api.w.org\/{rel}","templated":true}]}}