{"id":338086,"date":"2026-08-31T16:21:15","date_gmt":"2026-08-31T16:21:15","guid":{"rendered":"https:\/\/www.europesays.com\/fi\/338086\/"},"modified":"2026-08-31T16:21:15","modified_gmt":"2026-08-31T16:21:15","slug":"atnorthin-datakeskuksen-kouvolan-ummeljoella-tekee-loppuun-rakennusjatti-yit-kymenlaakso","status":"publish","type":"post","link":"https:\/\/www.europesays.com\/fi\/338086\/","title":{"rendered":"Atnorthin datakeskuksen Kouvolan Ummeljoella tekee loppuun rakennusj\u00e4tti YIT | Kymenlaakso"},"content":{"rendered":"<p class=\"aw__sc-1qwuw0s-0 aw__sc-1vg2sqm-0 epAWpq ecELkD yle__article__paragraph\">Tilaaja Atnorthin ja aikaisemman p\u00e4\u00e4urakoitsija CTS Nordicsin yhteisty\u00f6 kohteessa on p\u00e4\u00e4ttynyt.<\/p>\n<p><img decoding=\"async\" alt=\"Atnorthin datakeskuksen ty\u00f6maa-alue Kouvolan Ummeljoella.\" src=\"https:\/\/www.europesays.com\/fi\/wp-content\/uploads\/2026\/08\/1787318477.jpeg\" class=\"aw__sc-dklauk-0 LPzKX\"\/><\/p>\n<p>Avaa kuvien katselu<\/p>\n<p>Datakeskuksen tilaaja Atnorth vahvistaa, ett\u00e4 ty\u00f6maan p\u00e4\u00e4urakoitsija CTS Nordics ei jatka keskener\u00e4ist\u00e4 hanketta loppuun Kouvolan Ummeljoella. Kuva: Antro Valo \/ Yle<\/p>\n<ul class=\"aw__sc-1yb43iq-0 gFXHv yle__article__list yle__article__list--ul\">\n<li class=\"aw__sc-1yb43iq-1 gVAzbt\">YIT jatkaa keskener\u00e4isen datakeskusty\u00f6maan rakentamista Kouvolan Ummeljoella uutena p\u00e4\u00e4urakoitsijana.<\/li>\n<li class=\"aw__sc-1yb43iq-1 gVAzbt\">Aikaisemman p\u00e4\u00e4urakoitsijan CTS Nordicsin ja tilaaja Atnorthin v\u00e4linen sopimus purettiin.<\/li>\n<li class=\"aw__sc-1yb43iq-1 gVAzbt\">YIT:ll\u00e4 on jo toinen datakeskussopimus Atnorthin kanssa samalle alueelle. Sen arvo on noin 300 miljoonaa euroa.<\/li>\n<\/ul>\n<p class=\"aw__sc-1qwuw0s-0 aw__sc-ngllmo-0 epAWpq fzYpjk yle__article__paragraph\">Rakennusyhti\u00f6 YIT on tehnyt sopimuksen keskener\u00e4isen datakeskusty\u00f6maan rakentamisesta loppuun Kouvolan Ummeljoella.<\/p>\n<p class=\"aw__sc-1qwuw0s-0 aw__sc-ngllmo-0 epAWpq fzYpjk yle__article__paragraph\">Kerroimme lauantaina, ett\u00e4<a class=\"aw__sc-ngllmo-1 bTDnwX yle__article__link\" href=\"https:\/\/yle.fi\/a\/74-20242526\" role=\"link\" rel=\"nofollow noopener\" target=\"_blank\"> datakeskuksen tilaaja Atnorth ja kohteen p\u00e4\u00e4urakoitsija CTS Nordics ovat purkaneet yhteisty\u00f6sopimuksensa<\/a>. Osapuolet eiv\u00e4t kertoneet syyt\u00e4 sopimuksen purkautumiseen.<\/p>\n<p class=\"aw__sc-1qwuw0s-0 aw__sc-ngllmo-0 epAWpq fzYpjk yle__article__paragraph\">YIT ilmoittaa tiedotteessaan jatkavansa kohteen uutena p\u00e4\u00e4urakoitsijana. Yhti\u00f6 kertoo vastaavansa datakeskuksen l\u00e4mp\u00f6-, vesi- ja ilmastointit\u00f6ist\u00e4 sek\u00e4 s\u00e4hk\u00f6- ja automaatiotekniikasta.<\/p>\n<p class=\"aw__sc-1qwuw0s-0 aw__sc-ngllmo-0 epAWpq fzYpjk yle__article__paragraph\">YIT:n sopimuksesta kohteen uutena p\u00e4\u00e4urakoitsijana kertoi ensimm\u00e4isen\u00e4 <a class=\"aw__sc-ngllmo-1 bTDnwX yle__article__link\" href=\"https:\/\/www.kouvolansanomat.fi\/paikalliset\/9752276\" role=\"link\" rel=\"nofollow noopener\" target=\"_blank\">Kouvolan Sanomat<\/a>.<\/p>\n<p class=\"aw__sc-1qwuw0s-0 aw__sc-ngllmo-0 epAWpq fzYpjk yle__article__paragraph\">Athorth suunnittelee Kouvolaan useasta hallista rakentuvaa datakeskusten kokonaisuutta. YIT:n haltuunsa ottama ty\u00f6maa on ehtinyt hankkeista pisimm\u00e4lle.<\/p>\n<p><img decoding=\"async\" alt=\"Atnorthin datakeskusty\u00f6maa Kouvolan Ummeljoella.\" src=\"https:\/\/www.europesays.com\/fi\/wp-content\/uploads\/2026\/08\/1788193275_627_1787909016.jpeg\" loading=\"lazy\" class=\"aw__sc-dklauk-0 LPzKX\"\/><\/p>\n<p>Avaa kuvien katselu<\/p>\n<p>Islantilaisyhti\u00f6 Atnorthin datakeskuskampusta rakennetaan sek\u00e4 Ummeljoen ett\u00e4 Myllykosken alueille Kouvolassa. Pisimm\u00e4lle edennyt datakeskus sijaitsee Ummeljoen puolella. Kuva: Antro Valo \/ Yle, Map creator, OpenStreetMapUudella p\u00e4\u00e4urakoitsijalla on alueelle toinenkin sopimus<\/p>\n<p class=\"aw__sc-1qwuw0s-0 aw__sc-ngllmo-0 epAWpq fzYpjk yle__article__paragraph\">Atnorth ja YIT<a class=\"aw__sc-ngllmo-1 bTDnwX yle__article__link\" href=\"https:\/\/yle.fi\/a\/74-20237349\" role=\"link\" rel=\"nofollow noopener\" target=\"_blank\"> tiedottivat hein\u00e4kuussa sopimuksestaan, jonka kohteena on noin 300 miljoonan euron arvoisen uuden datakeskusrakennuksen<\/a> suunnittelu ja rakentaminen. Kohde sijaitsee l\u00e4hell\u00e4 Ummeljoen ty\u00f6maata Myllykosken vanhan paperitehtaan alueella.<\/p>\n<p class=\"aw__sc-1qwuw0s-0 aw__sc-ngllmo-0 epAWpq fzYpjk yle__article__paragraph\">Muiden Atnorthin hallien tavoin sekin on suunniteltu rakennettavaksi aivan Kymijoen rantaan. YIT:n mukaan hankkeen arvioidaan valmistuvan ensi vuoden loppuun menness\u00e4.<\/p>\n","protected":false},"excerpt":{"rendered":"Tilaaja Atnorthin ja aikaisemman p\u00e4\u00e4urakoitsija CTS Nordicsin yhteisty\u00f6 kohteessa on p\u00e4\u00e4ttynyt. Avaa kuvien katselu Datakeskuksen tilaaja Atnorth vahvistaa,&hellip;\n","protected":false},"author":2,"featured_media":338087,"comment_status":"","ping_status":"","sticky":false,"template":"","format":"standard","meta":{"footnotes":"","_share_on_mastodon":"0"},"categories":[76],"tags":[41666,79,3465,77,33,31,30,71,737,464,1431,32,78,1053,1072,16284],"class_list":["post-338086","post","type-post","status-publish","format-standard","has-post-thumbnail","category-talous","tag-atnorth","tag-business","tag-datakeskus","tag-economy","tag-fi","tag-finland","tag-finnish","tag-kotimaa","tag-kouvola","tag-kymenlaakso","tag-palvelinkeskukset","tag-suomi","tag-talous","tag-teollisuus","tag-tietotekniikka","tag-yit-oyj"],"share_on_mastodon":{"url":"https:\/\/pubeurope.com\/@fi\/117191042159511623","error":""},"_links":{"self":[{"href":"https:\/\/www.europesays.com\/fi\/wp-json\/wp\/v2\/posts\/338086","targetHints":{"allow":["GET"]}}],"collection":[{"href":"https:\/\/www.europesays.com\/fi\/wp-json\/wp\/v2\/posts"}],"about":[{"href":"https:\/\/www.europesays.com\/fi\/wp-json\/wp\/v2\/types\/post"}],"author":[{"embeddable":true,"href":"https:\/\/www.europesays.com\/fi\/wp-json\/wp\/v2\/users\/2"}],"replies":[{"embeddable":true,"href":"https:\/\/www.europesays.com\/fi\/wp-json\/wp\/v2\/comments?post=338086"}],"version-history":[{"count":0,"href":"https:\/\/www.europesays.com\/fi\/wp-json\/wp\/v2\/posts\/338086\/revisions"}],"wp:featuredmedia":[{"embeddable":true,"href":"https:\/\/www.europesays.com\/fi\/wp-json\/wp\/v2\/media\/338087"}],"wp:attachment":[{"href":"https:\/\/www.europesays.com\/fi\/wp-json\/wp\/v2\/media?parent=338086"}],"wp:term":[{"taxonomy":"category","embeddable":true,"href":"https:\/\/www.europesays.com\/fi\/wp-json\/wp\/v2\/categories?post=338086"},{"taxonomy":"post_tag","embeddable":true,"href":"https:\/\/www.europesays.com\/fi\/wp-json\/wp\/v2\/tags?post=338086"}],"curies":[{"name":"wp","href":"https:\/\/api.w.org\/{rel}","templated":true}]}}