{"id":338092,"date":"2026-08-31T16:24:10","date_gmt":"2026-08-31T16:24:10","guid":{"rendered":"https:\/\/www.europesays.com\/fi\/338092\/"},"modified":"2026-08-31T16:24:10","modified_gmt":"2026-08-31T16:24:10","slug":"wp-koko-yhdysvaltain-asevoimien-johto-varoittaa-hegsethia-laajentamasta-iranin-sotaa-uutisia-lyhyesti","status":"publish","type":"post","link":"https:\/\/www.europesays.com\/fi\/338092\/","title":{"rendered":"WP: Koko Yhdysvaltain asevoimien johto varoittaa Hegsethi\u00e4 laajentamasta Iranin sotaa | Uutisia lyhyesti"},"content":{"rendered":"<p class=\"aw__sc-1qwuw0s-0 aw__sc-1vg2sqm-0 epAWpq ecELkD yle__article__paragraph\">Lehden tietojen mukaan Yhdysvallat varautuu pit\u00e4m\u00e4\u00e4n suurta asevoimaa Iranin alueella viel\u00e4 ensi vuonnakin.<\/p>\n<p><img decoding=\"async\" alt=\"Useita henkil\u00f6it\u00e4 seisoo huoneessa pukuihin ja univormuihin pukeutuneina, taustalla n\u00e4kyy muotokuvia sein\u00e4ll\u00e4.\" src=\"https:\/\/www.europesays.com\/fi\/wp-content\/uploads\/2026\/08\/1788193450_105_1781357515.jpeg\" class=\"aw__sc-dklauk-0 LPzKX\"\/><\/p>\n<p>Avaa kuvien katselu<\/p>\n<p>Yhdysvaltain puolustusministeri Pete Hegseth kutsuu itse\u00e4\u00e4n sotaministeriksi. Kuva: Jim Lo Scalzo \/ EPA<\/p>\n<p class=\"aw__sc-1qwuw0s-0 aw__sc-ngllmo-0 epAWpq fzYpjk yle__article__paragraph\">Yhdysvaltain asevoimien johto varoittaa puolustusministeri <strong class=\"aw__sc-ngllmo-2 gdRrun yle__article__strong\">Pete Hegsethi\u00e4<\/strong> laajentamasta sotaa Iranissa, kertoo <a class=\"aw__sc-ngllmo-1 bTDnwX yle__article__link\" href=\"https:\/\/www.washingtonpost.com\/national-security\/2026\/08\/30\/military-leaders-warn-hegseth-against-extending-iran-war-operations\/\" role=\"link\" rel=\"nofollow noopener\" target=\"_blank\">The Washington Post -lehti<\/a>.<\/p>\n<p class=\"aw__sc-1qwuw0s-0 aw__sc-ngllmo-0 epAWpq fzYpjk yle__article__paragraph\">Jo nykyinenkin Irania vastaan suunnattujen sotilasoperaatioiden taso vie niin paljon voimia, ett\u00e4 Yhdysvaltain asevoimien kyky suojella kotimaata voi heikenty\u00e4, komentajat sanovat.<\/p>\n<p class=\"aw__sc-1qwuw0s-0 aw__sc-ngllmo-0 epAWpq fzYpjk yle__article__paragraph\">The Washington Post on saanut haltuunsa kaksi kertaa kuukaudessa laadittavan Puolustusministerin k\u00e4skykirjan (Secretary of Defense Orders Book). Se on katsaus maan asevoimien kaikkien osien toimintakykyyn ja valmiuteen.<\/p>\n<p class=\"aw__sc-1qwuw0s-0 aw__sc-ngllmo-0 epAWpq fzYpjk yle__article__paragraph\">Hegsethille suunnattujen varoitusten takana ovat Yhdysvaltain armeijan, laivaston ja ilmavoimien komentajat, samoin kuin ulkomailla toimivien yksik\u00f6iden komentajat.<\/p>\n<p class=\"aw__sc-1qwuw0s-0 aw__sc-ngllmo-0 epAWpq fzYpjk yle__article__paragraph\">Osa komentajista sanoo suoraan vastustavansa joukkojen sijoittamista L\u00e4hi-it\u00e4\u00e4n. He eiv\u00e4t kuitenkaan aio kielt\u00e4yty\u00e4 noudattamasta heille annettuja k\u00e4skyj\u00e4.<\/p>\n<p class=\"aw__sc-1qwuw0s-0 aw__sc-ngllmo-0 epAWpq fzYpjk yle__article__paragraph\">K\u00e4skykirjasta ilmenee my\u00f6s, ett\u00e4 osa L\u00e4hi-it\u00e4\u00e4n sijoitetuista joukoista aiotaan pit\u00e4\u00e4 alueella syyskuun loppuun, mutta osa pysyisi alueella viel\u00e4 ensi vuonnakin.<\/p>\n<p class=\"aw__sc-1qwuw0s-0 aw__sc-ngllmo-0 epAWpq fzYpjk yle__article__paragraph\">Puolustusministeri\u00f6 Pentagon on tuohtunut salaisen asiakirjan vuotamisesta julkisuuteen, kertoo <a class=\"aw__sc-ngllmo-1 bTDnwX yle__article__link\" href=\"https:\/\/newrepublic.com\/post\/214919\/pentagon-reaction-report-classified-warnings-iran-war\" role=\"link\" rel=\"nofollow noopener\" target=\"_blank\">New Republic -lehti<\/a>.<\/p>\n","protected":false},"excerpt":{"rendered":"Lehden tietojen mukaan Yhdysvallat varautuu pit\u00e4m\u00e4\u00e4n suurta asevoimaa Iranin alueella viel\u00e4 ensi vuonnakin. Avaa kuvien katselu Yhdysvaltain puolustusministeri&hellip;\n","protected":false},"author":2,"featured_media":338093,"comment_status":"","ping_status":"","sticky":false,"template":"","format":"standard","meta":{"footnotes":"","_share_on_mastodon":"0"},"categories":[5],"tags":[22,23,26,27,33,31,30,17,3648,992,24,25,28,29,15,18,21,5663,11591,32,10172,19,20,56,16,4595,29113],"class_list":["post-338092","post","type-post","status-publish","format-standard","has-post-thumbnail","category-otsikot","tag-breaking-news","tag-breakingnews","tag-featured-news","tag-featurednews","tag-fi","tag-finland","tag-finnish","tag-headlines","tag-iran","tag-lahi-ita","tag-latest-news","tag-latestnews","tag-main-news","tag-mainnews","tag-news","tag-otsikot","tag-paauutiset","tag-pentagon","tag-puolustusministerio","tag-suomi","tag-the-washington-post","tag-top-stories","tag-topstories","tag-ulkomaat","tag-uutiset","tag-yhdysvaltain-asevoimat","tag-yhdysvaltojen-ja-israelin-ilmaiskut-iraniin-2026"],"share_on_mastodon":{"url":"https:\/\/pubeurope.com\/@fi\/117191053709651715","error":""},"_links":{"self":[{"href":"https:\/\/www.europesays.com\/fi\/wp-json\/wp\/v2\/posts\/338092","targetHints":{"allow":["GET"]}}],"collection":[{"href":"https:\/\/www.europesays.com\/fi\/wp-json\/wp\/v2\/posts"}],"about":[{"href":"https:\/\/www.europesays.com\/fi\/wp-json\/wp\/v2\/types\/post"}],"author":[{"embeddable":true,"href":"https:\/\/www.europesays.com\/fi\/wp-json\/wp\/v2\/users\/2"}],"replies":[{"embeddable":true,"href":"https:\/\/www.europesays.com\/fi\/wp-json\/wp\/v2\/comments?post=338092"}],"version-history":[{"count":0,"href":"https:\/\/www.europesays.com\/fi\/wp-json\/wp\/v2\/posts\/338092\/revisions"}],"wp:featuredmedia":[{"embeddable":true,"href":"https:\/\/www.europesays.com\/fi\/wp-json\/wp\/v2\/media\/338093"}],"wp:attachment":[{"href":"https:\/\/www.europesays.com\/fi\/wp-json\/wp\/v2\/media?parent=338092"}],"wp:term":[{"taxonomy":"category","embeddable":true,"href":"https:\/\/www.europesays.com\/fi\/wp-json\/wp\/v2\/categories?post=338092"},{"taxonomy":"post_tag","embeddable":true,"href":"https:\/\/www.europesays.com\/fi\/wp-json\/wp\/v2\/tags?post=338092"}],"curies":[{"name":"wp","href":"https:\/\/api.w.org\/{rel}","templated":true}]}}