{"id":338100,"date":"2026-08-31T16:48:16","date_gmt":"2026-08-31T16:48:16","guid":{"rendered":"https:\/\/www.europesays.com\/fi\/338100\/"},"modified":"2026-08-31T16:48:16","modified_gmt":"2026-08-31T16:48:16","slug":"oikeus-intia-rikkoo-pakistanille-elintarkeaa-vesisopimusta-uutisia-lyhyesti","status":"publish","type":"post","link":"https:\/\/www.europesays.com\/fi\/338100\/","title":{"rendered":"Oikeus: Intia rikkoo Pakistanille elint\u00e4rke\u00e4\u00e4 vesisopimusta | Uutisia lyhyesti"},"content":{"rendered":"<p class=\"aw__sc-1qwuw0s-0 aw__sc-1vg2sqm-0 epAWpq ecELkD yle__article__paragraph\">Indus-joki tuo veden 80 prosentille Pakistanin maatiloista.<\/p>\n<p><img decoding=\"async\" alt=\"Useita puisia veneit\u00e4 on j\u00e4rjestetty joen rannalle; rannalla seisoo ryhm\u00e4 ihmisi\u00e4.\" src=\"https:\/\/www.europesays.com\/fi\/wp-content\/uploads\/2026\/08\/1788183369.jpeg\" class=\"aw__sc-dklauk-0 LPzKX\"\/><\/p>\n<p>Avaa kuvien katselu<\/p>\n<p>Oikeuden mukaan Intialla ei ole oikeutta lakata noudattamasta sopimusta. Kuva: Nadeem Khawar \/ EPA<\/p>\n<p class=\"aw__sc-1qwuw0s-0 aw__sc-ngllmo-0 epAWpq fzYpjk yle__article__paragraph\">Intia rikkoo Pakistanin kanssa solmimaansa vesisopimusta, katsoo Haagissa toimiva v\u00e4litystuomioistuin.<\/p>\n<p class=\"aw__sc-1qwuw0s-0 aw__sc-ngllmo-0 epAWpq fzYpjk yle__article__paragraph\">Maiden v\u00e4linen riita Indus-joen vedest\u00e4 k\u00e4rjistyi viime vuoden huhtikuussa, jolloin Kashmirin alueella toimivassa turistikeskuksessa tehtiin terrori-isku. Intian tutkimusten mukaan kolmesta hy\u00f6kk\u00e4\u00e4j\u00e4st\u00e4 kaksi oli pakistanilaisia.<\/p>\n<p class=\"aw__sc-1qwuw0s-0 aw__sc-ngllmo-0 epAWpq fzYpjk yle__article__paragraph\">Vastatoimena Intia lakkasi noudattamasta Induksen vesivaroista solmittua sopimusta, jota maat olivat 1960-luvulta saakka noudattaneet huolimatta siit\u00e4, ett\u00e4 olivat k\u00e4yneet t\u00e4n\u00e4 aikana kolme sotaa ja useita pienempi\u00e4 konflikteja.<\/p>\n<p class=\"aw__sc-1qwuw0s-0 aw__sc-ngllmo-0 epAWpq fzYpjk yle__article__paragraph\">Oikeuden mukaan Intialla ei ole oikeutta lakata noudattamasta sopimusta. Intia ei my\u00f6sk\u00e4\u00e4n saa korottaa Ratlen vesivoimalan padon reunaa. Intia on korottamassa sit\u00e4, jotta patoj\u00e4rveen mahtuisi enemm\u00e4n vett\u00e4.<\/p>\n<p class=\"aw__sc-1qwuw0s-0 aw__sc-ngllmo-0 epAWpq fzYpjk yle__article__paragraph\">Pakistan pelk\u00e4\u00e4, ett\u00e4 Intia omii itselleen suuremman osan Induksen vedest\u00e4. 80 prosenttia Pakistanin maatiloista k\u00e4ytt\u00e4\u00e4 Induksen vett\u00e4 kasteluun.<\/p>\n<p class=\"aw__sc-1qwuw0s-0 aw__sc-ngllmo-0 epAWpq fzYpjk yle__article__paragraph\">Intian mukaan Haagin tuomioistuimella ei ole toimivaltaa asiassa.<\/p>\n<p class=\"aw__sc-1qwuw0s-0 aw__sc-ngllmo-0 epAWpq fzYpjk yle__article__paragraph\">L\u00e4hde: Reuters<\/p>\n","protected":false},"excerpt":{"rendered":"Indus-joki tuo veden 80 prosentille Pakistanin maatiloista. Avaa kuvien katselu Oikeuden mukaan Intialla ei ole oikeutta lakata noudattamasta&hellip;\n","protected":false},"author":2,"featured_media":338101,"comment_status":"","ping_status":"","sticky":false,"template":"","format":"standard","meta":{"footnotes":"","_share_on_mastodon":"0"},"categories":[14],"tags":[22,23,26,27,33,31,30,17,2167,41809,24,25,28,29,15,1915,18,21,9569,32,19,20,6497,56,16,3590,59,60,61],"class_list":["post-338100","post","type-post","status-publish","format-standard","has-post-thumbnail","category-ulkomaat","tag-breaking-news","tag-breakingnews","tag-featured-news","tag-featurednews","tag-fi","tag-finland","tag-finnish","tag-headlines","tag-intia","tag-kashmir","tag-latest-news","tag-latestnews","tag-main-news","tag-mainnews","tag-news","tag-oikeus","tag-otsikot","tag-paauutiset","tag-pakistan","tag-suomi","tag-top-stories","tag-topstories","tag-tuomioistuimet","tag-ulkomaat","tag-uutiset","tag-vesivarat","tag-world","tag-world-news","tag-worldnews"],"share_on_mastodon":{"url":"https:\/\/pubeurope.com\/@fi\/117191148570106162","error":""},"_links":{"self":[{"href":"https:\/\/www.europesays.com\/fi\/wp-json\/wp\/v2\/posts\/338100","targetHints":{"allow":["GET"]}}],"collection":[{"href":"https:\/\/www.europesays.com\/fi\/wp-json\/wp\/v2\/posts"}],"about":[{"href":"https:\/\/www.europesays.com\/fi\/wp-json\/wp\/v2\/types\/post"}],"author":[{"embeddable":true,"href":"https:\/\/www.europesays.com\/fi\/wp-json\/wp\/v2\/users\/2"}],"replies":[{"embeddable":true,"href":"https:\/\/www.europesays.com\/fi\/wp-json\/wp\/v2\/comments?post=338100"}],"version-history":[{"count":0,"href":"https:\/\/www.europesays.com\/fi\/wp-json\/wp\/v2\/posts\/338100\/revisions"}],"wp:featuredmedia":[{"embeddable":true,"href":"https:\/\/www.europesays.com\/fi\/wp-json\/wp\/v2\/media\/338101"}],"wp:attachment":[{"href":"https:\/\/www.europesays.com\/fi\/wp-json\/wp\/v2\/media?parent=338100"}],"wp:term":[{"taxonomy":"category","embeddable":true,"href":"https:\/\/www.europesays.com\/fi\/wp-json\/wp\/v2\/categories?post=338100"},{"taxonomy":"post_tag","embeddable":true,"href":"https:\/\/www.europesays.com\/fi\/wp-json\/wp\/v2\/tags?post=338100"}],"curies":[{"name":"wp","href":"https:\/\/api.w.org\/{rel}","templated":true}]}}