{"id":338108,"date":"2026-08-31T17:10:12","date_gmt":"2026-08-31T17:10:12","guid":{"rendered":"https:\/\/www.europesays.com\/fi\/338108\/"},"modified":"2026-08-31T17:10:12","modified_gmt":"2026-08-31T17:10:12","slug":"paara-katkaisee-pitkan-julkaisutauon-tulevaa-levya-esitellaan-lahes-13-minuuttisella-singlella","status":"publish","type":"post","link":"https:\/\/www.europesays.com\/fi\/338108\/","title":{"rendered":"Paara katkaisee pitk\u00e4n julkaisutauon &#8211; tulevaa levy\u00e4 esitell\u00e4\u00e4n l\u00e4hes 13-minuuttisella singlell\u00e4"},"content":{"rendered":"<p class=\"wp-block-paragraph\">Kotimainen folkia ja black metalia yhdistelev\u00e4 <strong>Paara <\/strong>julkaisee syksyll\u00e4 seuraajan vuoden 2018 Riitti-pitk\u00e4soitolleen. Lokakuun 30. p\u00e4iv\u00e4 ilmestyv\u00e4lt\u00e4 Laulut tulen ja j\u00e4\u00e4n -albumilta on nyt julkaistu ensimm\u00e4isen\u00e4 singlen\u00e4 12 ja puoli minuuttia kellottava Pohjolan videoineen.<\/p>\n<p class=\"wp-block-paragraph\">\u201dMinulle ei ole koskaan ollut ep\u00e4ilyst\u00e4 siit\u00e4, palaako Paara takaisin. Kysymys oli vain ajasta. Lopulta aika teki teht\u00e4v\u00e4ns\u00e4, ja pitk\u00e4\u00e4n ty\u00f6p\u00f6yd\u00e4ll\u00e4 ollut levy sai lopullisen muotonsa yll\u00e4tt\u00e4v\u00e4n nopeasti \u2013 k\u00e4yt\u00e4nn\u00f6ss\u00e4 muutamissa viikoissa\u201d, kertoo kitaristi ja toinen perustajaj\u00e4sen <strong>Zvartus<\/strong> ja jatkaa:<\/p>\n<p class=\"wp-block-paragraph\">\u201dKolmas albumi esittelee kuulijalle yhtyeen, jossa on paljon tuttua mutta my\u00f6s runsaasti uutta. Kaihoisat melodiat, iskev\u00e4t riffit ja loppuun asti harkitut sovitukset kulkevat k\u00e4si k\u00e4dess\u00e4. Kaikki on isompaa ja kovempaa, mutta samalla my\u00f6s pienemp\u00e4\u00e4 ja hiljaisempaa. Musiikki ei hengit\u00e4 ilman dynamiikkaa, eik\u00e4 tarinaa kerrota ilman draaman kaaria.\u201d<\/p>\n<p class=\"wp-block-paragraph\">\u201dPohjolan on yksi hienoimpia Zvartuksen s\u00e4velt\u00e4mi\u00e4 kappaleita kaikessa monipuolisuudessaan. Pohjolan sai rinnalleen my\u00f6s yhtyeen uran ensimm\u00e4isen oikean musiikkivideon, joka on tuotettu t\u00e4ysin b\u00e4ndin omin voimin <strong>Helmouthin <\/strong>(Paaran solisti) vastatessa tarinasta sek\u00e4 leikkauksesta ja minun hoitaessa kuvaamisen, valaisun ja ohjaamisen\u201d, lis\u00e4\u00e4 rumpali <strong>Waara<\/strong>.<\/p>\n<p class=\"wp-block-paragraph\">Laulut tulen ja j\u00e4\u00e4n -albumin julkaisua juhlistetaan 6.-8.11. Hellsinki Metal Cruise -risteilyll\u00e4, varsinaisella levyjulkkarikeikalla 21.11. Helsingin On the Rocksissa sek\u00e4 28.11. Sein\u00e4joen Rytmikorjaamolla. Liput keikoille ovat nyt myynniss\u00e4 keikkapaikkojen lipunmyyntikanavissa.<\/p>\n<p><img loading=\"lazy\" decoding=\"async\" alt=\"Youtube video\" width=\"480\" height=\"360\" data-pin-nopin=\"true\" nopin=\"nopin\" class=\"perfmatters-lazy\" src=\"https:\/\/www.europesays.com\/fi\/wp-content\/uploads\/2026\/08\/1788196212_798_hqdefault.jpg\"\/><\/p>\n","protected":false},"excerpt":{"rendered":"Kotimainen folkia ja black metalia yhdistelev\u00e4 Paara julkaisee syksyll\u00e4 seuraajan vuoden 2018 Riitti-pitk\u00e4soitolleen. Lokakuun 30. p\u00e4iv\u00e4 ilmestyv\u00e4lt\u00e4 Laulut&hellip;\n","protected":false},"author":2,"featured_media":338109,"comment_status":"","ping_status":"","sticky":false,"template":"","format":"standard","meta":{"footnotes":"","_share_on_mastodon":"0"},"categories":[130],"tags":[137,33,31,30,1243,1244,32,1245,109],"class_list":["post-338108","post","type-post","status-publish","format-standard","has-post-thumbnail","category-viihde","tag-entertainment","tag-fi","tag-finland","tag-finnish","tag-musiikkivideo","tag-single","tag-suomi","tag-tuleva-levy","tag-viihde"],"share_on_mastodon":{"url":"https:\/\/pubeurope.com\/@fi\/117191234898636285","error":""},"_links":{"self":[{"href":"https:\/\/www.europesays.com\/fi\/wp-json\/wp\/v2\/posts\/338108","targetHints":{"allow":["GET"]}}],"collection":[{"href":"https:\/\/www.europesays.com\/fi\/wp-json\/wp\/v2\/posts"}],"about":[{"href":"https:\/\/www.europesays.com\/fi\/wp-json\/wp\/v2\/types\/post"}],"author":[{"embeddable":true,"href":"https:\/\/www.europesays.com\/fi\/wp-json\/wp\/v2\/users\/2"}],"replies":[{"embeddable":true,"href":"https:\/\/www.europesays.com\/fi\/wp-json\/wp\/v2\/comments?post=338108"}],"version-history":[{"count":0,"href":"https:\/\/www.europesays.com\/fi\/wp-json\/wp\/v2\/posts\/338108\/revisions"}],"wp:featuredmedia":[{"embeddable":true,"href":"https:\/\/www.europesays.com\/fi\/wp-json\/wp\/v2\/media\/338109"}],"wp:attachment":[{"href":"https:\/\/www.europesays.com\/fi\/wp-json\/wp\/v2\/media?parent=338108"}],"wp:term":[{"taxonomy":"category","embeddable":true,"href":"https:\/\/www.europesays.com\/fi\/wp-json\/wp\/v2\/categories?post=338108"},{"taxonomy":"post_tag","embeddable":true,"href":"https:\/\/www.europesays.com\/fi\/wp-json\/wp\/v2\/tags?post=338108"}],"curies":[{"name":"wp","href":"https:\/\/api.w.org\/{rel}","templated":true}]}}