{"id":338110,"date":"2026-08-31T17:13:44","date_gmt":"2026-08-31T17:13:44","guid":{"rendered":"https:\/\/www.europesays.com\/fi\/338110\/"},"modified":"2026-08-31T17:13:44","modified_gmt":"2026-08-31T17:13:44","slug":"mtv-7-vuotiaan-ukon-koulumatka-on-jarkyttava-aiti-huolissaan","status":"publish","type":"post","link":"https:\/\/www.europesays.com\/fi\/338110\/","title":{"rendered":"MTV: 7-vuotiaan Ukon koulumatka on j\u00e4rkytt\u00e4v\u00e4 \u2013 \u00c4iti huolissaan"},"content":{"rendered":"<p>Ekaluokkalaisen Ukon koulumatka piteni kyl\u00e4koulun lakkauttamisen takia. <\/p>\n<p><img decoding=\"async\" class=\"image image-show image-preview\" src=\"https:\/\/www.europesays.com\/fi\/wp-content\/uploads\/2026\/08\/67a82745ebacd0036fac52ad51ac7a367081eb05b689b80e8ec7930cf3616b28.jpg\" alt=\"\"\/><img decoding=\"async\" class=\"image image-show\" src=\"https:\/\/www.europesays.com\/fi\/wp-content\/uploads\/2026\/08\/1788196424_848_67a82745ebacd0036fac52ad51ac7a367081eb05b689b80e8ec7930cf3616b28.jpg\" alt=\"\"\/><\/p>\n<p>Kuopion kaupunki p\u00e4\u00e4tti lakkauttaa s\u00e4\u00e4st\u00f6syist\u00e4 Ukon l\u00e4himm\u00e4n koulun Pulkonkosken elokuun alusta, kertoo MTV Uutiset. Kuvituskuva.  Elle Laitila<\/p>\n<p class=\"paragraph\">Ekaluokkalaisen <strong>Ukko R\u00e4s\u00e4sen<\/strong>, 7, koulumatkat kest\u00e4v\u00e4t yli kaksi tuntia p\u00e4iv\u00e4ss\u00e4, kertoo <a href=\"https:\/\/www.mtvuutiset.fi\/artikkeli\/ekaluokkalaisen-ukon-7-koulumatkat-kestavat-yli-kaksi-tuntia-paivassa-ei-ole-kivaa\/9384316\" rel=\"noopener nofollow\" target=\"_blank\">MTV Uutiset<\/a>.<\/p>\n<p class=\"paragraph\">Kyl\u00e4koulun sulkeminen Kuopion Maaningalla tarkoittaa oppilaille aiempaa pidempi\u00e4 koulumatkoja. Ekaluokkalaisen R\u00e4s\u00e4sen koulumatka taittuu taksilla ja bussilla.<\/p>\n<p class=\"paragraph\">\u2013 Siell\u00e4 bussissa ei ole niin kivaa, kun siell\u00e4 pit\u00e4\u00e4 koko ajan istua, Ukko kommentoi MTV Uutisille.<\/p>\n<p class=\"paragraph\">Ukko joutuu vaihtamaan kulkuv\u00e4linett\u00e4 kesken matkan. T\u00e4m\u00e4 huolestuttaa h\u00e4nen \u00e4iti\u00e4\u00e4n <strong>Hanna Tolvasta<\/strong>.<\/p>\n<p class=\"paragraph\">Ukon koulumatkoihin menee nyt l\u00e4hes kaksi ja puoli tuntia p\u00e4iv\u00e4ss\u00e4. Se on l\u00e4hell\u00e4 lain sallimaa maksimiaikaa.<\/p>\n<p>Kuopion kaupunki vastaa<\/p>\n<p class=\"paragraph\">Kuopion kaupunki p\u00e4\u00e4tti lakkauttaa s\u00e4\u00e4st\u00f6syist\u00e4 Ukon l\u00e4himm\u00e4n koulun Pulkonkosken elokuun alusta.<\/p>\n<p class=\"paragraph\">Kaupungin opetusp\u00e4\u00e4llikk\u00f6 <strong>Mika Kuitunen<\/strong> painottaa MTV Uutisille, ettei koulun lakkauttaminen ole koskaan helppo p\u00e4\u00e4t\u00f6s.<\/p>\n<p class=\"paragraph\">Sulkemisen taustalla on s\u00e4\u00e4nt\u00f6, jonka mukaan maaseudun kouluissa t\u00e4ytyy olla v\u00e4hint\u00e4\u00e4n kolme opettajaa<\/p>\n<p class=\"paragraph\">\u2013 Oppilaan sivistykselliset oikeudet, oppimisen tuki ja opiskeluhuolto paranevat, mutta pitemm\u00e4t koulumatkat olivat se negatiivinen puoli asiassa, Kuitunen sanoo.<\/p>\n<p class=\"paragraph\">Kuopion kaupunki kertoo huomioivansa vanhempien huolet pitemmist\u00e4 koulumatkoista.<\/p>\n<p class=\"paragraph\">Osa alueen oppilaista siirtyisi von Wrightin kouluun. T\u00e4m\u00e4 on my\u00f6s Ukon \u00e4idin toive. Ukon pikkuveli on siell\u00e4 p\u00e4iv\u00e4kodissa. Pojilla on nyt p\u00e4iv\u00e4n aikana v\u00e4limatkaa 51 kilometri\u00e4.<\/p>\n","protected":false},"excerpt":{"rendered":"Ekaluokkalaisen Ukon koulumatka piteni kyl\u00e4koulun lakkauttamisen takia. Kuopion kaupunki p\u00e4\u00e4tti lakkauttaa s\u00e4\u00e4st\u00f6syist\u00e4 Ukon l\u00e4himm\u00e4n koulun Pulkonkosken elokuun alusta,&hellip;\n","protected":false},"author":2,"featured_media":338111,"comment_status":"","ping_status":"","sticky":false,"template":"","format":"standard","meta":{"footnotes":"","_share_on_mastodon":"0"},"categories":[76],"tags":[35,79,77,33,31,30,101,757,99,100,98,32,78],"class_list":["post-338110","post","type-post","status-publish","format-standard","has-post-thumbnail","category-talous","tag-24h","tag-business","tag-economy","tag-fi","tag-finland","tag-finnish","tag-ihmissuhteet","tag-koulutus-ja-kasvatus","tag-lapset","tag-lapset-ja-nuoret","tag-perhe","tag-suomi","tag-talous"],"share_on_mastodon":{"url":"https:\/\/pubeurope.com\/@fi\/117191246688532885","error":""},"_links":{"self":[{"href":"https:\/\/www.europesays.com\/fi\/wp-json\/wp\/v2\/posts\/338110","targetHints":{"allow":["GET"]}}],"collection":[{"href":"https:\/\/www.europesays.com\/fi\/wp-json\/wp\/v2\/posts"}],"about":[{"href":"https:\/\/www.europesays.com\/fi\/wp-json\/wp\/v2\/types\/post"}],"author":[{"embeddable":true,"href":"https:\/\/www.europesays.com\/fi\/wp-json\/wp\/v2\/users\/2"}],"replies":[{"embeddable":true,"href":"https:\/\/www.europesays.com\/fi\/wp-json\/wp\/v2\/comments?post=338110"}],"version-history":[{"count":0,"href":"https:\/\/www.europesays.com\/fi\/wp-json\/wp\/v2\/posts\/338110\/revisions"}],"wp:featuredmedia":[{"embeddable":true,"href":"https:\/\/www.europesays.com\/fi\/wp-json\/wp\/v2\/media\/338111"}],"wp:attachment":[{"href":"https:\/\/www.europesays.com\/fi\/wp-json\/wp\/v2\/media?parent=338110"}],"wp:term":[{"taxonomy":"category","embeddable":true,"href":"https:\/\/www.europesays.com\/fi\/wp-json\/wp\/v2\/categories?post=338110"},{"taxonomy":"post_tag","embeddable":true,"href":"https:\/\/www.europesays.com\/fi\/wp-json\/wp\/v2\/tags?post=338110"}],"curies":[{"name":"wp","href":"https:\/\/api.w.org\/{rel}","templated":true}]}}