{"id":338112,"date":"2026-08-31T17:14:14","date_gmt":"2026-08-31T17:14:14","guid":{"rendered":"https:\/\/www.europesays.com\/fi\/338112\/"},"modified":"2026-08-31T17:14:14","modified_gmt":"2026-08-31T17:14:14","slug":"islannin-eu-jasenyys-voi-nousta-taas-tapetille-jonkin-tulevan-kriisin-yhteydessa-sanoo-suomen-suurlahettilas-ulkomaat","status":"publish","type":"post","link":"https:\/\/www.europesays.com\/fi\/338112\/","title":{"rendered":"Islannin EU-j\u00e4senyys voi nousta taas tapetille jonkin tulevan kriisin yhteydess\u00e4, sanoo Suomen suurl\u00e4hettil\u00e4s | Ulkomaat"},"content":{"rendered":"<p class=\"aw__sc-1qwuw0s-0 aw__sc-1vg2sqm-0 epAWpq ecELkD yle__article__paragraph\">Islanti hylk\u00e4si EU-j\u00e4senyysneuvottelut, mutta Suomen suurl\u00e4hettil\u00e4s Ville Cantell ei usko pysyviin jakolinjoihin.<\/p>\n<p><img decoding=\"async\" alt=\"Ihmisi\u00e4 kokoontuneena ulkona, Islannin lippuja ja kyltti, jossa lukee &quot;ESB Nei takk&quot;.\" src=\"https:\/\/www.europesays.com\/fi\/wp-content\/uploads\/2026\/08\/1788196452_704_1787995211.jpeg\" class=\"aw__sc-dklauk-0 LPzKX\"\/><\/p>\n<p>Avaa kuvien katselu<\/p>\n<p>Islantilaisten enemmist\u00f6, 52,8 prosenttia \u00e4\u00e4nesti EU-j\u00e4senyysneuvottelujen jatkamista vastaan ja 47,2 prosenttia sen puolesta. Kuva: Jonathan Nackstrand \/ AFP<\/p>\n<ul class=\"aw__sc-1yb43iq-0 gFXHv yle__article__list yle__article__list--ul\">\n<li class=\"aw__sc-1yb43iq-1 gVAzbt\">Islanti torjui viikonlopun kansan\u00e4\u00e4nestyksess\u00e4 EU-j\u00e4senyysneuvottelujen jatkamisen.<\/li>\n<li class=\"aw__sc-1yb43iq-1 gVAzbt\">Ei-puolella levisi salaliittoteorioita siit\u00e4, ett\u00e4 EU-j\u00e4senyys olisi ollut jo p\u00e4\u00e4tetty asia, sanoo Suomen Islannin-suurl\u00e4hettil\u00e4s Ville Cantell.<\/li>\n<li class=\"aw__sc-1yb43iq-1 gVAzbt\">Mahdolliset tulevaisuuden kriisit voivat Cantellin mukaan tehd\u00e4 Islannin EU-j\u00e4senyyden j\u00e4lleen ajankohtaiseksi.<\/li>\n<li class=\"aw__sc-1yb43iq-1 gVAzbt\">Akatemiatutkija Timo Miettinen sanoo, ett\u00e4 Islannin \u00e4\u00e4nestystulos on pieni kolaus EU:lle, joka ymm\u00e4rt\u00e4\u00e4 itsens\u00e4 vakauden ja turvallisuuden tuottajana.<\/li>\n<\/ul>\n<p class=\"aw__sc-1qwuw0s-0 aw__sc-ngllmo-0 epAWpq fzYpjk yle__article__paragraph\">EU ei tenhonnut islantilaisia, sill\u00e4 viikonlopun kansan\u00e4\u00e4nestyksess\u00e4 enemmist\u00f6 torjui j\u00e4senyysneuvottelujen jatkamisen unionin kanssa.<\/p>\n<p class=\"aw__sc-1qwuw0s-0 aw__sc-ngllmo-0 epAWpq fzYpjk yle__article__paragraph\">Suomen Islannin-suurl\u00e4hettil\u00e4s <strong class=\"aw__sc-ngllmo-2 gdRrun yle__article__strong\">Ville Cantell<\/strong> ei usko, ett\u00e4 \u00e4\u00e4nestys j\u00e4tt\u00e4\u00e4 Islantiin pysyvi\u00e4 jakolinjoja. Sen sijaan j\u00e4lkipyykki\u00e4 voi olla luvassa.<\/p>\n<p class=\"aw__sc-1qwuw0s-0 aw__sc-ngllmo-0 epAWpq fzYpjk yle__article__paragraph\">\u2013 Kyll\u00e4-puolella koettiin, ett\u00e4 ei-puolella levitettiin my\u00f6s v\u00e4\u00e4ri\u00e4 v\u00e4itt\u00e4mi\u00e4. Saattaa my\u00f6s olla, ett\u00e4 Islannin media selvitt\u00e4\u00e4, millaisia yhteyksi\u00e4 ei-puolella oli muun muassa [<strong class=\"aw__sc-ngllmo-2 gdRrun yle__article__strong\">Donald Trumpia<\/strong> tukevaan] Maga-liikkeeseen ja brexitin takana olleisiin liikkeisiin, Cantell pohtii.<\/p>\n<p class=\"aw__sc-1qwuw0s-0 aw__sc-ngllmo-0 epAWpq fzYpjk yle__article__paragraph\">Britannian EU-eroon eli Brexitiin johtaneen vuoden 2016 kansan\u00e4\u00e4nestyksen alla levisi osin virheellisi\u00e4 tai harhaan johtavia v\u00e4itteit\u00e4 EU:sta.<\/p>\n<p><img decoding=\"async\" alt=\"Suomen Islannin-suurl\u00e4hettil\u00e4s Ville Cantell ja Islannin p\u00e4\u00e4ministeri Kristr\u00fan Frostad\u00f3ttir toukokuussa 2026 Suomen suurl\u00e4hetyst\u00f6ss\u00e4 Reykjavikissa.\" src=\"https:\/\/www.europesays.com\/fi\/wp-content\/uploads\/2026\/08\/1788181064.jpeg\" loading=\"lazy\" class=\"aw__sc-dklauk-0 LPzKX\"\/><\/p>\n<p>Avaa kuvien katselu<\/p>\n<p>Suomen Islannin-suurl\u00e4hettil\u00e4s Ville Cantell tapasi Islannin p\u00e4\u00e4ministerin Kristr\u00fan Frostad\u00f3ttirin viime toukokuussa suurl\u00e4hettil\u00e4\u00e4n residenssiss\u00e4. Kuva: Suomen suurl\u00e4hetyst\u00f6, Reykjavik<\/p>\n<p class=\"aw__sc-1qwuw0s-0 aw__sc-ngllmo-0 epAWpq fzYpjk yle__article__paragraph\">Cantellin mukaan Islannin ei-puolella levisi salaliittoteoriaa siit\u00e4, ett\u00e4 Islannin EU-j\u00e4senyys olisi ollut jo p\u00e4\u00e4tetty asia ja ett\u00e4 j\u00e4senyysneuvottelujen puolesta \u00e4\u00e4nest\u00e4minen olisi automaattisesti tarkoittanut EU:hun liittymist\u00e4. Tosiasiassa n\u00e4in ei ollut.<\/p>\n<p class=\"aw__sc-1qwuw0s-0 aw__sc-ngllmo-0 epAWpq fzYpjk yle__article__paragraph\">Cantellin mukaan Islanti ei kansan\u00e4\u00e4nestyksess\u00e4\u00e4n sulkenut lopullisesti EU:n ovea.<\/p>\n<p class=\"aw__sc-1qwuw0s-0 aw__sc-ngllmo-0 epAWpq fzYpjk yle__article__paragraph\">Maailmanpoliittiset turbulenssit ovat aiemminkin ajaneet Islantia pohtimaan EU-suhdettaan. Islanti aloitti EU-j\u00e4senyysneuvottelut 2010 vakavan finanssikriisin j\u00e4lkeen ja nyt sen j\u00e4lkeen, kun Yhdysvaltain presidentti on uhkaillut naapurisaarta Gr\u00f6nlantia.<\/p>\n<p class=\"aw__sc-1qwuw0s-0 aw__sc-ngllmo-0 epAWpq fzYpjk yle__article__paragraph\">\u2013 On mahdollista, ett\u00e4 tulevaisuudessa tulee j\u00e4lleen jokin kriisi, joka tekee EU-j\u00e4senyyden j\u00e4lleen Islannissa ajankohtaiseksi, suurl\u00e4hettil\u00e4s Cantell pohtii.<\/p>\n<p>Islanti nauttii jo EU:n hy\u00f6dyist\u00e4<\/p>\n<p class=\"aw__sc-1qwuw0s-0 aw__sc-ngllmo-0 epAWpq fzYpjk yle__article__paragraph\">Akatemiatutkija <strong class=\"aw__sc-ngllmo-2 gdRrun yle__article__strong\">Timo Miettinen<\/strong> Helsingin yliopiston Eurooppa-tutkimuksen keskuksesta sanoo Ylelle, ett\u00e4 Islannin \u00e4\u00e4nestystulos ei ole yksiselitteinen torjunta EU:lle, koska Islanti on jo tiiviiss\u00e4 suhteessa EU:hun Euroopan talousalueen ja Schengen-j\u00e4rjestelyn kautta.<\/p>\n<p class=\"aw__sc-1qwuw0s-0 aw__sc-ngllmo-0 epAWpq fzYpjk yle__article__paragraph\">\u2013 Tulos kertoo ennen kaikkea siit\u00e4, ett\u00e4 vaikka geopoliittinen ep\u00e4varmuus ja suurvaltakamppailu ovat l\u00e4hent\u00e4neet Islantia Euroopan unioniin, ne eiv\u00e4t ole poistaneet j\u00e4senyyteen liittyvi\u00e4 vanhoja ep\u00e4luuloja, Miettinen sanoo.<\/p>\n<p class=\"aw__sc-1qwuw0s-0 aw__sc-ngllmo-0 epAWpq fzYpjk yle__article__paragraph\">Ep\u00e4luulot liittyv\u00e4t etenkin kalastukseen, Islannin t\u00e4rkeimpiin lukeutuvaan elinkeinoon, johon ei haluta EU:n s\u00e4\u00e4ntely\u00e4. Miettisen mukaan islantilaiset haluavat s\u00e4ilytt\u00e4\u00e4 kalastuksessa mahdollisimman suuren itsem\u00e4\u00e4r\u00e4\u00e4misoikeuden.<\/p>\n<p class=\"aw__sc-1qwuw0s-0 aw__sc-ngllmo-0 epAWpq fzYpjk yle__article__paragraph\">Miettinen pit\u00e4\u00e4 kansan\u00e4\u00e4nestyst\u00e4 demokraattiselta painoarvoltaan vahvana, koska \u00e4\u00e4nestysvilkkaus nousi yli 80 prosentin.<\/p>\n<p><img decoding=\"async\" alt=\"Kaksi naista astumassa \u00e4\u00e4nestyspaikan sis\u00e4\u00e4n.\" src=\"https:\/\/www.europesays.com\/fi\/wp-content\/uploads\/2026\/08\/1788020969.jpeg\" loading=\"lazy\" class=\"aw__sc-dklauk-0 LPzKX\"\/><\/p>\n<p>Avaa kuvien katselu<\/p>\n<p>Islantilaiset \u00e4\u00e4nestiv\u00e4t kansan\u00e4\u00e4nestyksess\u00e4 vilkkaasti, yli 80 prosenttia \u00e4\u00e4nioikeutetuista meni uurnille. Kuva: Jussi Koivunoro \/ YleEU-j\u00e4senyys houkuttaa k\u00f6yhempi\u00e4 maita<\/p>\n<p class=\"aw__sc-1qwuw0s-0 aw__sc-ngllmo-0 epAWpq fzYpjk yle__article__paragraph\">Suomelle ja muille Pohjoismaille Islannin saaminen EU:hun olisi sopinut hyvin, Suomen Islannin-suurl\u00e4hettil\u00e4s Ville Cantell toteaa.<\/p>\n<p class=\"aw__sc-1qwuw0s-0 aw__sc-ngllmo-0 epAWpq fzYpjk yle__article__paragraph\">\u2013 Totta kai Islanti Pohjoismaana ja my\u00f6s arktisena demokraattisena maana ja meille samanmielisen\u00e4 valtiona olisi lis\u00e4nnyt Pohjoismaiden painoarvoa ja vaikutusvaltaa EU:ssa, Cantell sanoo.<\/p>\n<p class=\"aw__sc-1qwuw0s-0 aw__sc-ngllmo-0 epAWpq fzYpjk yle__article__paragraph\">Pohjoismaista my\u00f6s vauras Norja on pysytellyt EU:n ulkopuolella. EU:lle Islannin kansan\u00e4\u00e4nestyksen tulos voidaan tulkita takaiskuksi.<\/p>\n<p class=\"aw__sc-1qwuw0s-0 aw__sc-ngllmo-0 epAWpq fzYpjk yle__article__paragraph\">\u2013 EU:n tietty itseymm\u00e4rrys itsest\u00e4\u00e4n jonkinlaisena vakauden ja turvallisuuden tuottajana kokee pienoisen kolauksen. Islanti ei ajattele, ett\u00e4 t\u00e4m\u00e4 olisi se EU:n perusluonne, jonka tavoitteleminen olisi t\u00e4ss\u00e4 tilanteessa v\u00e4ltt\u00e4m\u00e4t\u00f6nt\u00e4, Timo Miettinen arvioi.<\/p>\n<p class=\"aw__sc-1qwuw0s-0 aw__sc-ngllmo-0 epAWpq fzYpjk yle__article__paragraph\">Suurl\u00e4hettil\u00e4s Cantell t\u00e4hdent\u00e4\u00e4, ett\u00e4 Suomi sen enemp\u00e4\u00e4 kuin EU:kaan eiv\u00e4t halunneet puuttua islantilaisten kansan\u00e4\u00e4nestykseen. Cantell pani kuitenkin merkille, ett\u00e4 Islannin \u00e4\u00e4nestyst\u00e4 edelt\u00e4neest\u00e4 keskustelusta puuttui EU:n vahvistunut yhteisty\u00f6n ulottuvuus.<\/p>\n<p class=\"aw__sc-1qwuw0s-0 aw__sc-ngllmo-0 epAWpq fzYpjk yle__article__paragraph\">\u2013 EU on viime vuosina kehittynyt my\u00f6s turvallisuuden osalta tiiviimm\u00e4ksi, kun puhutaan vaikkapa hybridiuhista ja toimista moderneja uhkia vastaan. T\u00e4m\u00e4 aspekti j\u00e4i islantilaisessa keskustelussa ehk\u00e4 v\u00e4h\u00e4n uupumaan, Cantell sanoo.<\/p>\n<p class=\"aw__sc-1qwuw0s-0 aw__sc-ngllmo-0 epAWpq fzYpjk yle__article__paragraph\">Islannin \u00e4\u00e4nestystulos varmistaa sen, ett\u00e4 EU:n laajentumisen painopiste on jatkossakin id\u00e4ss\u00e4. Akatemiatutkija Timo Miettisen mukaan EU-j\u00e4senyys n\u00e4ytt\u00e4\u00e4 houkuttelevimmalta k\u00f6yhemmiss\u00e4 Euroopan maissa.<\/p>\n<p class=\"aw__sc-1qwuw0s-0 aw__sc-ngllmo-0 epAWpq fzYpjk yle__article__paragraph\">\u2013 Ne voivat j\u00e4senyyden kautta saavuttaa enemm\u00e4n asioita kuin Islanti, joka on jo vauras maa, Miettinen summaa.<\/p>\n","protected":false},"excerpt":{"rendered":"Islanti hylk\u00e4si EU-j\u00e4senyysneuvottelut, mutta Suomen suurl\u00e4hettil\u00e4s Ville Cantell ei usko pysyviin jakolinjoihin. Avaa kuvien katselu Islantilaisten enemmist\u00f6, 52,8&hellip;\n","protected":false},"author":2,"featured_media":338113,"comment_status":"","ping_status":"","sticky":false,"template":"","format":"standard","meta":{"footnotes":"","_share_on_mastodon":"0"},"categories":[14],"tags":[22,23,1617,26,27,33,31,30,17,15226,70,20256,24,25,28,29,15,18,21,1399,32,19,20,56,16,59,60,61],"class_list":["post-338112","post","type-post","status-publish","format-standard","has-post-thumbnail","category-ulkomaat","tag-breaking-news","tag-breakingnews","tag-euroopan-unioni","tag-featured-news","tag-featurednews","tag-fi","tag-finland","tag-finnish","tag-headlines","tag-islanti","tag-kansainvalinen-politiikka","tag-kansanaanestykset","tag-latest-news","tag-latestnews","tag-main-news","tag-mainnews","tag-news","tag-otsikot","tag-paauutiset","tag-pohjoismaat","tag-suomi","tag-top-stories","tag-topstories","tag-ulkomaat","tag-uutiset","tag-world","tag-world-news","tag-worldnews"],"share_on_mastodon":{"url":"https:\/\/pubeurope.com\/@fi\/117191250277746621","error":""},"_links":{"self":[{"href":"https:\/\/www.europesays.com\/fi\/wp-json\/wp\/v2\/posts\/338112","targetHints":{"allow":["GET"]}}],"collection":[{"href":"https:\/\/www.europesays.com\/fi\/wp-json\/wp\/v2\/posts"}],"about":[{"href":"https:\/\/www.europesays.com\/fi\/wp-json\/wp\/v2\/types\/post"}],"author":[{"embeddable":true,"href":"https:\/\/www.europesays.com\/fi\/wp-json\/wp\/v2\/users\/2"}],"replies":[{"embeddable":true,"href":"https:\/\/www.europesays.com\/fi\/wp-json\/wp\/v2\/comments?post=338112"}],"version-history":[{"count":0,"href":"https:\/\/www.europesays.com\/fi\/wp-json\/wp\/v2\/posts\/338112\/revisions"}],"wp:featuredmedia":[{"embeddable":true,"href":"https:\/\/www.europesays.com\/fi\/wp-json\/wp\/v2\/media\/338113"}],"wp:attachment":[{"href":"https:\/\/www.europesays.com\/fi\/wp-json\/wp\/v2\/media?parent=338112"}],"wp:term":[{"taxonomy":"category","embeddable":true,"href":"https:\/\/www.europesays.com\/fi\/wp-json\/wp\/v2\/categories?post=338112"},{"taxonomy":"post_tag","embeddable":true,"href":"https:\/\/www.europesays.com\/fi\/wp-json\/wp\/v2\/tags?post=338112"}],"curies":[{"name":"wp","href":"https:\/\/api.w.org\/{rel}","templated":true}]}}