{"id":338124,"date":"2026-08-31T17:39:13","date_gmt":"2026-08-31T17:39:13","guid":{"rendered":"https:\/\/www.europesays.com\/fi\/338124\/"},"modified":"2026-08-31T17:39:13","modified_gmt":"2026-08-31T17:39:13","slug":"naita-asumisen-trendeja-suomalaiset-eivat-voi-sietaa-uusissa-kodeissa-listalla-esimerkiksi-avokeittiot-ja-saarekkeet","status":"publish","type":"post","link":"https:\/\/www.europesays.com\/fi\/338124\/","title":{"rendered":"N\u00e4it\u00e4 asumisen trendej\u00e4 suomalaiset eiv\u00e4t voi siet\u00e4\u00e4 uusissa kodeissa \u2013 listalla esimerkiksi avokeitti\u00f6t ja saarekkeet"},"content":{"rendered":"<p>Kysyimme IS:n lukijoilta, mitk\u00e4 asumistrendit eiv\u00e4t mene jatkoon.<\/p>\n<p class=\"font-(family-name:--picture-caption-font-family) text-(length:--picture-caption-font-size) leading-(--picture-caption-leading) font-(--picture-caption-font-weight) text-(color:--picture-caption-color)\">Tunnetko t\u00e4m\u00e4n hetken sisustustrendit? Katso videolta, mik\u00e4 on nyt asumisessa \u201din\u201d. Video julkaistu 14.7.2026. Video:\u00a0Vilhelmiina Penttil\u00e4 \/ IS<\/p>\n<p>Lue tiivistelm\u00e4<\/p>\n<p class=\"article-body mb-(--paragraph-margin-b) px-nof-16 sndp-summary-bullet-point-font\">Ilta-Sanomien lukijakyselyn mukaan suomalaisten mielest\u00e4 huonoin asumisratkaisu on avokeitti\u00f6, jossa hajut levi\u00e4v\u00e4t olohuoneeseen.<\/p>\n<p class=\"article-body mb-(--paragraph-margin-b) px-nof-16 sndp-summary-bullet-point-font\">My\u00f6s keitti\u00f6saarekkeet, saunan lasisein\u00e4t, mustat pinnat ja avohyllyt \u00e4rsytt\u00e4v\u00e4t lukijoita ep\u00e4k\u00e4yt\u00e4nn\u00f6llisyytens\u00e4 vuoksi.<\/p>\n<p class=\"article-body mb-(--paragraph-margin-b) px-nof-16 sndp-summary-bullet-point-font\">Erityisesti siivouksen vaikeus ja arjen hankaluus nousivat toistuviksi syiksi trendien vastustamiselle.<\/p>\n<p class=\"article-body mb-(--paragraph-margin-b) px-nof-16\">Nykykodeista l\u00f6ytyy paljon trendikk\u00e4it\u00e4 ratkaisuja, jotka miellytt\u00e4v\u00e4t silm\u00e4\u00e4, mutta vaikeuttavat helposti siivoamista ja arjen askareita.<\/p>\n<p class=\"article-body mb-(--paragraph-margin-b) px-nof-16\"><a class=\"underline underline-offset-[0.12em] [text-decoration-thickness:var(--generic-link-underline-thickness)] [text-decoration-color:var(--generic-link-underline-color)] [text-decoration-skip-ink:var(--generic-link-underline-skip-ink)] break-words\" href=\"https:\/\/www.is.fi\/asuminen\/art-2000012225462.html\" rel=\"nofollow noopener\" target=\"_blank\">Kysyimme <\/a>IS:n lukijoilta, mitk\u00e4 trendit ovat suomalaisten mielest\u00e4 huonoja ja ep\u00e4k\u00e4yt\u00e4nn\u00f6llisi\u00e4.<\/p>\n<p class=\"article-body mb-(--paragraph-margin-b) px-nof-16\">Saimme kymmenitt\u00e4in vastauksia, ja kokosimme niiden joukosta asumis- ja sisustustrendit, joita suomalaiset eiv\u00e4t ymm\u00e4rr\u00e4.<\/p>\n<p>Avokeitti\u00f6t<\/p>\n<p class=\"article-body mb-(--paragraph-margin-b) px-nof-16\">Vastausten perusteella suomalaisten mielest\u00e4 kaikista huonoin trendiratkaisu kodeissa on avokeitti\u00f6.<\/p>\n<p class=\"article-body mb-(--paragraph-margin-b) px-nof-16\">Erityisesti avokeitti\u00f6 yhdistettyn\u00e4 olohuoneeseen sai kritiikki\u00e4. Keitti\u00f6n ja olohuoneen yhteinen avoin tila on selke\u00e4 trendi, mutta l\u00e4hesk\u00e4\u00e4n kaikki eiv\u00e4t siit\u00e4 pid\u00e4.<\/p>\n<blockquote class=\"[font-style:var(--blockquote-font-style,italic)] pl-[calc(var(--nof-core-dimension-200)+var(--blockquote-border-width))] relative before:absolute before:left-0 before:h-full before:w-(--blockquote-border-width) before:border-l-(length:--blockquote-border-width) before:border-l-(color:--blockquote-border-color) before:-skew-y-(--blockquote-border-skew,0deg) blockquote\">\n<p class=\"article-body mb-nof-8 last:mb-(--blockquote-last-paragraph-margin)\">Avokeitti\u00f6 on inhokki numero yksi. Nainen, 32<\/p>\n<\/blockquote>\n<blockquote class=\"[font-style:var(--blockquote-font-style,italic)] pl-[calc(var(--nof-core-dimension-200)+var(--blockquote-border-width))] relative before:absolute before:left-0 before:h-full before:w-(--blockquote-border-width) before:border-l-(length:--blockquote-border-width) before:border-l-(color:--blockquote-border-color) before:-skew-y-(--blockquote-border-skew,0deg) blockquote\">\n<p class=\"article-body mb-nof-8 last:mb-(--blockquote-last-paragraph-margin)\">Ei ole omaan makuuni ollenkaan. Sopii m\u00f6kille, jos kyseess\u00e4 on perinteinen tupa. Nainen, 57<\/p>\n<\/blockquote>\n<blockquote class=\"[font-style:var(--blockquote-font-style,italic)] pl-[calc(var(--nof-core-dimension-200)+var(--blockquote-border-width))] relative before:absolute before:left-0 before:h-full before:w-(--blockquote-border-width) before:border-l-(length:--blockquote-border-width) before:border-l-(color:--blockquote-border-color) before:-skew-y-(--blockquote-border-skew,0deg) blockquote\">\n<p class=\"article-body mb-nof-8 last:mb-(--blockquote-last-paragraph-margin)\">Keitti\u00f6 olohuoneessa on t\u00e4ysin j\u00e4rjet\u00f6n haisuineen ja sotkuineen. Nainen, 73<\/p>\n<\/blockquote>\n<p><img decoding=\"async\" src=\"https:\/\/www.europesays.com\/fi\/wp-content\/uploads\/2026\/08\/1788197951_356_468.jpg\" alt=\"Avokeitti\u00f6t, jotka jatkuvat suoraan olohuoneeseen, eiv\u00e4t ole kaikkien mieleen.\" class=\"_Img_1rerz_1\" style=\"aspect-ratio:1280\/1920\" loading=\"eager\"\/><\/p>\n<p class=\"font-(family-name:--picture-caption-font-family) text-(length:--picture-caption-font-size) leading-(--picture-caption-leading) font-(--picture-caption-font-weight) text-(color:--picture-caption-color) picture-with-caption__caption picture-with-caption__caption--default-full\">Avokeitti\u00f6t, jotka jatkuvat suoraan olohuoneeseen, eiv\u00e4t ole kaikkien mieleen. Kuva:\u00a0Vilhelmiina Penttil\u00e4 \/ IS<\/p>\n<p class=\"article-body mb-(--paragraph-margin-b) px-nof-16\">Keitti\u00f6n ja olohuoneen avointa yhdistelm\u00e4\u00e4 kritisoitiin erityisesti siit\u00e4 syyst\u00e4, ett\u00e4 hajut levi\u00e4v\u00e4t helposti ymp\u00e4ri asuntoa.<\/p>\n<blockquote class=\"[font-style:var(--blockquote-font-style,italic)] pl-[calc(var(--nof-core-dimension-200)+var(--blockquote-border-width))] relative before:absolute before:left-0 before:h-full before:w-(--blockquote-border-width) before:border-l-(length:--blockquote-border-width) before:border-l-(color:--blockquote-border-color) before:-skew-y-(--blockquote-border-skew,0deg) blockquote\">\n<p class=\"article-body mb-nof-8 last:mb-(--blockquote-last-paragraph-margin)\">Liesituulettimesta huolimatta koko k\u00e4mpp\u00e4 haisee ruoalle. Lis\u00e4ksi avokeitti\u00f6 n\u00e4ytt\u00e4\u00e4 ep\u00e4siistilt\u00e4, jos on v\u00e4h\u00e4nkin tavaraa tasoilla. Nainen, 68<\/p>\n<\/blockquote>\n<blockquote class=\"[font-style:var(--blockquote-font-style,italic)] pl-[calc(var(--nof-core-dimension-200)+var(--blockquote-border-width))] relative before:absolute before:left-0 before:h-full before:w-(--blockquote-border-width) before:border-l-(length:--blockquote-border-width) before:border-l-(color:--blockquote-border-color) before:-skew-y-(--blockquote-border-skew,0deg) blockquote\">\n<p class=\"article-body mb-nof-8 last:mb-(--blockquote-last-paragraph-margin)\">Keitti\u00f6n ja olohuoneen yhdistelm\u00e4 on huono ratkaisu, kun keitti\u00f6n hajut leijuvat olohuoneen puolelle. Enk\u00e4 pid\u00e4 siit\u00e4, ett\u00e4 j\u00e4\u00e4kaappiin on n\u00e4k\u00f6yhteys olohuoneesta. Houkuttelee naposteluun! Nainen, 69<\/p>\n<\/blockquote>\n<p>Saarekkeet<\/p>\n<p class=\"article-body mb-(--paragraph-margin-b) px-nof-16\">Keitti\u00f6iden iso trendi eli saarekkeet eiv\u00e4t ole kyselyyn vastanneiden mielest\u00e4 kovinkaan hyv\u00e4 ratkaisu.<\/p>\n<blockquote class=\"[font-style:var(--blockquote-font-style,italic)] pl-[calc(var(--nof-core-dimension-200)+var(--blockquote-border-width))] relative before:absolute before:left-0 before:h-full before:w-(--blockquote-border-width) before:border-l-(length:--blockquote-border-width) before:border-l-(color:--blockquote-border-color) before:-skew-y-(--blockquote-border-skew,0deg) blockquote\">\n<p class=\"article-body mb-nof-8 last:mb-(--blockquote-last-paragraph-margin)\">En ikin\u00e4 ottaisi kotiini saareketta. Se on ruma ja vie paljon tilaa. Nainen, 65<\/p>\n<\/blockquote>\n<blockquote class=\"[font-style:var(--blockquote-font-style,italic)] pl-[calc(var(--nof-core-dimension-200)+var(--blockquote-border-width))] relative before:absolute before:left-0 before:h-full before:w-(--blockquote-border-width) before:border-l-(length:--blockquote-border-width) before:border-l-(color:--blockquote-border-color) before:-skew-y-(--blockquote-border-skew,0deg) blockquote\">\n<p class=\"article-body mb-nof-8 last:mb-(--blockquote-last-paragraph-margin)\">Saarekkeen k\u00e4ytt\u00f6 baaritiskin\u00e4 on h\u00f6lm\u00f6\u00e4. Jalat eiv\u00e4t mahdu mihink\u00e4\u00e4n, istut kuin kana orrella. Nainen, 80<\/p>\n<\/blockquote>\n<p><img decoding=\"async\" src=\"https:\/\/www.europesays.com\/fi\/wp-content\/uploads\/2026\/08\/1788197952_594_468.jpg\" alt=\"Saarekkeet jakoivat lukijoiden mielipiteit\u00e4.\" class=\"_Img_1rerz_1\" style=\"aspect-ratio:1920\/1080\" loading=\"eager\"\/><\/p>\n<p class=\"font-(family-name:--picture-caption-font-family) text-(length:--picture-caption-font-size) leading-(--picture-caption-leading) font-(--picture-caption-font-weight) text-(color:--picture-caption-color) picture-with-caption__caption picture-with-caption__caption--default-full\">Saarekkeet jakoivat lukijoiden mielipiteit\u00e4. Kuva:\u00a0Vilhelmiina Penttil\u00e4 \/ IS<\/p>\n<p class=\"article-body mb-(--paragraph-margin-b) px-nof-16\">Erityisesti saarekkeisiin integroidut liedet her\u00e4ttiv\u00e4t lukijoissa negatiivisia tuntemuksia. My\u00f6s <a class=\"underline underline-offset-[0.12em] [text-decoration-thickness:var(--generic-link-underline-thickness)] [text-decoration-color:var(--generic-link-underline-color)] [text-decoration-skip-ink:var(--generic-link-underline-skip-ink)] break-words\" href=\"https:\/\/www.is.fi\/asuminen\/art-2000012225462.html\" rel=\"nofollow noopener\" target=\"_blank\">asiantuntija kritisoi<\/a> niit\u00e4, sill\u00e4 roiskuva rasva voi tehd\u00e4 lattiasta liukkaan ja siten turvallisuusriskin.<\/p>\n<blockquote class=\"[font-style:var(--blockquote-font-style,italic)] pl-[calc(var(--nof-core-dimension-200)+var(--blockquote-border-width))] relative before:absolute before:left-0 before:h-full before:w-(--blockquote-border-width) before:border-l-(length:--blockquote-border-width) before:border-l-(color:--blockquote-border-color) before:-skew-y-(--blockquote-border-skew,0deg) blockquote\">\n<p class=\"article-body mb-nof-8 last:mb-(--blockquote-last-paragraph-margin)\">En ymm\u00e4rr\u00e4 saarekkeessa olevaa liett\u00e4, jossa on liesituuletin siin\u00e4 levyjen v\u00e4liss\u00e4. Ei se voi olla edes teoriassa yht\u00e4 hyv\u00e4 kuin lieden yl\u00e4puolinen liesituuletin. Muutenkin kolo keskell\u00e4 liett\u00e4 hankaloittaa siivousta. Kuka tuollaisen oikeasti hankkii? Ei voi olla k\u00e4yt\u00e4nn\u00f6llinen, jos kokkaa paljon. Mies, 52<\/p>\n<\/blockquote>\n<p>Saunan ja kylpyhuoneen v\u00e4linen lasisein\u00e4<\/p>\n<p class=\"article-body mb-(--paragraph-margin-b) px-nof-16\">Useampi lukija mainitsi vastauksissaan saunan ja kylpyhuoneen v\u00e4lisen lasisein\u00e4n, joka on melko yleinen n\u00e4ky nykykotien peseytymistiloissa.<\/p>\n<p class=\"article-body mb-(--paragraph-margin-b) px-nof-16\">Kritiikki\u00e4 perusteltiin etenkin vaikealla siivottavuudella ja l\u00f6ylynheitosta aiheutuvilla roiskeilla.<\/p>\n<blockquote class=\"[font-style:var(--blockquote-font-style,italic)] pl-[calc(var(--nof-core-dimension-200)+var(--blockquote-border-width))] relative before:absolute before:left-0 before:h-full before:w-(--blockquote-border-width) before:border-l-(length:--blockquote-border-width) before:border-l-(color:--blockquote-border-color) before:-skew-y-(--blockquote-border-skew,0deg) blockquote\">\n<p class=\"article-body mb-nof-8 last:mb-(--blockquote-last-paragraph-margin)\">En ymm\u00e4rr\u00e4 ollenkaan saunan ja kylpp\u00e4rin v\u00e4list\u00e4 lasisein\u00e4\u00e4! Usein saunan lauteet ovat l\u00e4hes kiinni lasissa, joten miten ihmeess\u00e4 sen lasin saa pesty\u00e4, jos lauteet menev\u00e4t parin sentin p\u00e4\u00e4st\u00e4 lasista? Ja vesi roiskuu ja valuu lasia pitkin sellaisiin paikkoihin, joista valumia ei saa pesty\u00e4 mill\u00e4\u00e4n. Nainen, 52<\/p>\n<\/blockquote>\n<blockquote class=\"[font-style:var(--blockquote-font-style,italic)] pl-[calc(var(--nof-core-dimension-200)+var(--blockquote-border-width))] relative before:absolute before:left-0 before:h-full before:w-(--blockquote-border-width) before:border-l-(length:--blockquote-border-width) before:border-l-(color:--blockquote-border-color) before:-skew-y-(--blockquote-border-skew,0deg) blockquote\">\n<p class=\"article-body mb-nof-8 last:mb-(--blockquote-last-paragraph-margin)\">Lasinen saunan sein\u00e4 on ep\u00e4k\u00e4yt\u00e4nn\u00f6llinen. Nainen, 66<\/p>\n<\/blockquote>\n<p><img decoding=\"async\" src=\"https:\/\/www.europesays.com\/fi\/wp-content\/uploads\/2026\/08\/1788197952_533_468.jpg\" alt=\"Saunan ja kylpyhuoneen v\u00e4linen lasisein\u00e4 oli monen mielest\u00e4 ep\u00e4k\u00e4yt\u00e4nn\u00f6llinen.\" class=\"_Img_1rerz_1\" style=\"aspect-ratio:1280\/1920\" loading=\"eager\"\/><\/p>\n<p class=\"font-(family-name:--picture-caption-font-family) text-(length:--picture-caption-font-size) leading-(--picture-caption-leading) font-(--picture-caption-font-weight) text-(color:--picture-caption-color) picture-with-caption__caption picture-with-caption__caption--default-full\">Saunan ja kylpyhuoneen v\u00e4linen lasisein\u00e4 oli monen mielest\u00e4 ep\u00e4k\u00e4yt\u00e4nn\u00f6llinen. Kuva:\u00a0Vilhelmiina Penttil\u00e4 \/ IS<\/p>\n<p>Mustat pinnat<\/p>\n<p class=\"article-body mb-(--paragraph-margin-b) px-nof-16\">Jo pitk\u00e4\u00e4n pinnalla ollut asumistrendi on mustat pinnat ja erityisesti mattamustat pinnat. Mustaa k\u00e4ytet\u00e4\u00e4n esimerkiksi kodinkoneissa, valokatkaisijoissa ja hanoissa.<\/p>\n<p class=\"article-body mb-(--paragraph-margin-b) px-nof-16\">Mustien pintojen synkkyys ja pinnalla helposti n\u00e4kyv\u00e4t sormenj\u00e4ljet eiv\u00e4t olleet kyselyyn vastanneiden mieleen.<\/p>\n<blockquote class=\"[font-style:var(--blockquote-font-style,italic)] pl-[calc(var(--nof-core-dimension-200)+var(--blockquote-border-width))] relative before:absolute before:left-0 before:h-full before:w-(--blockquote-border-width) before:border-l-(length:--blockquote-border-width) before:border-l-(color:--blockquote-border-color) before:-skew-y-(--blockquote-border-skew,0deg) blockquote\">\n<p class=\"article-body mb-nof-8 last:mb-(--blockquote-last-paragraph-margin)\">En ymm\u00e4rr\u00e4 mustia keitti\u00f6it\u00e4, lika n\u00e4kyy helposti. Nainen, 65<\/p>\n<\/blockquote>\n<blockquote class=\"[font-style:var(--blockquote-font-style,italic)] pl-[calc(var(--nof-core-dimension-200)+var(--blockquote-border-width))] relative before:absolute before:left-0 before:h-full before:w-(--blockquote-border-width) before:border-l-(length:--blockquote-border-width) before:border-l-(color:--blockquote-border-color) before:-skew-y-(--blockquote-border-skew,0deg) blockquote\">\n<p class=\"article-body mb-nof-8 last:mb-(--blockquote-last-paragraph-margin)\">Kaikenlaiset mustat kalusteet. Melkein puolet vuodesta on pime\u00e4\u00e4, niin miksi pit\u00e4\u00e4 sis\u00e4tilatkin piment\u00e4\u00e4. Musta ja harmaa ovat luotaanty\u00f6nt\u00e4vi\u00e4. Nainen, 75<\/p>\n<\/blockquote>\n<blockquote class=\"[font-style:var(--blockquote-font-style,italic)] pl-[calc(var(--nof-core-dimension-200)+var(--blockquote-border-width))] relative before:absolute before:left-0 before:h-full before:w-(--blockquote-border-width) before:border-l-(length:--blockquote-border-width) before:border-l-(color:--blockquote-border-color) before:-skew-y-(--blockquote-border-skew,0deg) blockquote\">\n<p class=\"article-body mb-nof-8 last:mb-(--blockquote-last-paragraph-margin)\">En ottaisi itselleni mustia kaapinovia. J\u00e4\u00e4 sormenj\u00e4lki\u00e4 ja tuo synkkyytt\u00e4. Nainen, 65<\/p>\n<\/blockquote>\n<p><img decoding=\"async\" src=\"https:\/\/www.europesays.com\/fi\/wp-content\/uploads\/2026\/08\/1788197953_882_468.jpg\" alt=\"Mattamustaa voi l\u00f6yt\u00e4\u00e4 nykykodeista esimerkiksi valokatkaisijoista, pistorasioista ja l\u00e4mp\u00f6mittareista.\" class=\"_Img_1rerz_1\" style=\"aspect-ratio:1920\/1280\" loading=\"eager\"\/><\/p>\n<p class=\"font-(family-name:--picture-caption-font-family) text-(length:--picture-caption-font-size) leading-(--picture-caption-leading) font-(--picture-caption-font-weight) text-(color:--picture-caption-color) picture-with-caption__caption picture-with-caption__caption--default-full\">Mattamustaa voi l\u00f6yt\u00e4\u00e4 nykykodeista esimerkiksi valokatkaisijoista, pistorasioista ja l\u00e4mp\u00f6mittareista. Kuva:\u00a0Vilhelmiina Penttil\u00e4 \/ IS<\/p>\n<p>Avohyllyt<\/p>\n<p class=\"article-body mb-(--paragraph-margin-b) px-nof-16\">Avohyllyt eiv\u00e4t my\u00f6sk\u00e4\u00e4n ole vastausten perusteella suomalaisille mieleinen trendi. Erityisesti keitti\u00f6iden avohyllyt koettiin vaikeina siivouksen kannalta.<\/p>\n<blockquote class=\"[font-style:var(--blockquote-font-style,italic)] pl-[calc(var(--nof-core-dimension-200)+var(--blockquote-border-width))] relative before:absolute before:left-0 before:h-full before:w-(--blockquote-border-width) before:border-l-(length:--blockquote-border-width) before:border-l-(color:--blockquote-border-color) before:-skew-y-(--blockquote-border-skew,0deg) blockquote\">\n<p class=\"article-body mb-nof-8 last:mb-(--blockquote-last-paragraph-margin)\">Avohyllyj\u00e4 en miss\u00e4\u00e4n keitti\u00f6ss\u00e4 ymm\u00e4rr\u00e4. Astiat likaantuvat p\u00f6lyst\u00e4 ja rasvasta ennen kuin niit\u00e4 edes k\u00e4ytet\u00e4\u00e4n. Nainen, 34<\/p>\n<\/blockquote>\n<blockquote class=\"[font-style:var(--blockquote-font-style,italic)] pl-[calc(var(--nof-core-dimension-200)+var(--blockquote-border-width))] relative before:absolute before:left-0 before:h-full before:w-(--blockquote-border-width) before:border-l-(length:--blockquote-border-width) before:border-l-(color:--blockquote-border-color) before:-skew-y-(--blockquote-border-skew,0deg) blockquote\">\n<p class=\"article-body mb-nof-8 last:mb-(--blockquote-last-paragraph-margin)\">Avohyllyt ker\u00e4\u00e4v\u00e4t p\u00f6ly\u00e4, johon sekoittuu rasvaa ja kosteutta. Vaikeita puhdistaa, ep\u00e4hygieenisi\u00e4 ja ty\u00f6l\u00e4it\u00e4 siivottavia. Nainen, 62<\/p>\n<\/blockquote>\n","protected":false},"excerpt":{"rendered":"Kysyimme IS:n lukijoilta, mitk\u00e4 asumistrendit eiv\u00e4t mene jatkoon. Tunnetko t\u00e4m\u00e4n hetken sisustustrendit? Katso videolta, mik\u00e4 on nyt asumisessa&hellip;\n","protected":false},"author":2,"featured_media":338125,"comment_status":"","ping_status":"","sticky":false,"template":"","format":"standard","meta":{"footnotes":"","_share_on_mastodon":"0"},"categories":[76],"tags":[79,77,33,31,30,34,32,78],"class_list":["post-338124","post","type-post","status-publish","format-standard","has-post-thumbnail","category-talous","tag-business","tag-economy","tag-fi","tag-finland","tag-finnish","tag-ilta-sanomat","tag-suomi","tag-talous"],"share_on_mastodon":{"url":"https:\/\/pubeurope.com\/@fi\/117191348948295473","error":""},"_links":{"self":[{"href":"https:\/\/www.europesays.com\/fi\/wp-json\/wp\/v2\/posts\/338124","targetHints":{"allow":["GET"]}}],"collection":[{"href":"https:\/\/www.europesays.com\/fi\/wp-json\/wp\/v2\/posts"}],"about":[{"href":"https:\/\/www.europesays.com\/fi\/wp-json\/wp\/v2\/types\/post"}],"author":[{"embeddable":true,"href":"https:\/\/www.europesays.com\/fi\/wp-json\/wp\/v2\/users\/2"}],"replies":[{"embeddable":true,"href":"https:\/\/www.europesays.com\/fi\/wp-json\/wp\/v2\/comments?post=338124"}],"version-history":[{"count":0,"href":"https:\/\/www.europesays.com\/fi\/wp-json\/wp\/v2\/posts\/338124\/revisions"}],"wp:featuredmedia":[{"embeddable":true,"href":"https:\/\/www.europesays.com\/fi\/wp-json\/wp\/v2\/media\/338125"}],"wp:attachment":[{"href":"https:\/\/www.europesays.com\/fi\/wp-json\/wp\/v2\/media?parent=338124"}],"wp:term":[{"taxonomy":"category","embeddable":true,"href":"https:\/\/www.europesays.com\/fi\/wp-json\/wp\/v2\/categories?post=338124"},{"taxonomy":"post_tag","embeddable":true,"href":"https:\/\/www.europesays.com\/fi\/wp-json\/wp\/v2\/tags?post=338124"}],"curies":[{"name":"wp","href":"https:\/\/api.w.org\/{rel}","templated":true}]}}