{"id":338152,"date":"2026-08-31T18:28:13","date_gmt":"2026-08-31T18:28:13","guid":{"rendered":"https:\/\/www.europesays.com\/fi\/338152\/"},"modified":"2026-08-31T18:28:13","modified_gmt":"2026-08-31T18:28:13","slug":"vuoden-suurimpaan-elokuvaan-lisataan-huhujen-mukaan-joukko-erittain-salaisia-cameo-rooleja","status":"publish","type":"post","link":"https:\/\/www.europesays.com\/fi\/338152\/","title":{"rendered":"Vuoden suurimpaan elokuvaan lis\u00e4t\u00e4\u00e4n huhujen mukaan joukko eritt\u00e4in salaisia cameo-rooleja"},"content":{"rendered":"<p class=\"wp-block-paragraph\"><strong>Joe<\/strong> ja <strong>Anthony Russon<\/strong> Avengers: Doomsdayst\u00e4 on tulossa koko vuoden suurin elokuva. Sen odotetaan rikkovan kaikenn\u00e4k\u00f6isi\u00e4 lippukassaenn\u00e4tyksi\u00e4.<\/p>\n<p class=\"wp-block-paragraph\">Joukko elokuva-alan ammattilaisia on jopa sit\u00e4 mielt\u00e4, ett\u00e4 Doomsday saattaa olla elokuvahistorian ensimm\u00e4inen kolmen miljardin dollarin rajan rikkova elokuva.<\/p>\n<p>Lue my\u00f6s: <a href=\"https:\/\/www.episodi.fi\/uutiset\/avengers-endgame-encoreen-on-kajottu-yllattavilla-tavoilla-kun-menet-sorkkimaan-aikaa-aika-sorkkii-yleensa-takaisin\/\" title=\"Avengers: Endgame Encoreen on kajottu yll\u00e4tt\u00e4vill\u00e4 tavoilla: \u201dKun menet sorkkimaan aikaa, aika sorkkii yleens\u00e4 takaisin\u201d\" class=\"underline-custom !font-heading !font-bold !underline-offset-4 !decoration-4 !decoration-accent !text-md\" rel=\"nofollow noopener\" target=\"_blank\">Avengers: Endgame Encoreen on kajottu yll\u00e4tt\u00e4vill\u00e4 tavoilla: \u201dKun menet sorkkimaan aikaa, aika sorkkii yleens\u00e4 takaisin\u201d<\/a><\/p>\n<p>Lue my\u00f6s: <a href=\"https:\/\/www.episodi.fi\/uutiset\/avengers-endgame-encoren-traileri-julkaistiin-sisaltaa-doomsday-kiusoittelua\/\" title=\"Avengers: Endgame Encoren traileri julkaistiin \u2013 sis\u00e4lt\u00e4\u00e4 Doomsday-kiusoittelua\" class=\"underline-custom !font-heading !font-bold !underline-offset-4 !decoration-4 !decoration-accent !text-md\" rel=\"nofollow noopener\" target=\"_blank\">Avengers: Endgame Encoren traileri julkaistiin \u2013 sis\u00e4lt\u00e4\u00e4 Doomsday-kiusoittelua<\/a><\/p>\n<p class=\"wp-block-paragraph\">Elokuvaan kuvataan parhaillaan lis\u00e4\u00e4 materiaalia ja korjataan jo kuvattuja kohtauksia. Asian paljasti Black Panther -leffoista tuttu <strong>Winston Duke<\/strong>, joka n\u00e4yttelee MCU:ssa M\u2019Bakua.<\/p>\n<p class=\"wp-block-paragraph\">Ja ilmeisesti Doomsdayihin lis\u00e4t\u00e4\u00e4n samalla joukko eritt\u00e4in salaisia cameo-rooleja, paljastaa Hollywoodin sis\u00e4piirimies <strong>Daniel Richtman<\/strong>.<\/p>\n<p class=\"wp-block-paragraph\">Doomsdayn paljastettuja n\u00e4yttelij\u00f6it\u00e4 on jo hurja m\u00e4\u00e4r\u00e4, mutta tiettyjen tuttujen nimien puuttuminen aiheutti faneissa paljon kysymyksi\u00e4.<\/p>\n<p class=\"wp-block-paragraph\">Huhujen mukaan <strong>Mark Ruffalo<\/strong> keskeytti Task-sarjan kakkoskauden kuvaukset Doomsdayn lis\u00e4kuvausten takia.<\/p>\n<p class=\"wp-block-paragraph\">Samalla <strong>Elizabeth Olsenin<\/strong> stunttinaisen kerrotaan olevan mukana lis\u00e4kuvauksissa, joten liek\u00f6 my\u00f6s Scarlet Witch mukana elokuvassa?<\/p>\n<p>Lue my\u00f6s: <a href=\"https:\/\/www.episodi.fi\/uutiset\/tama-uusintaensi-ilta-teki-historiaa-jo-trailerillaan-77-miljoonaa-katselukertaa-top-gun-jai-kauas-taakse\/\" title=\"T\u00e4m\u00e4 uusintaensi-ilta teki historiaa jo trailerillaan \u2013 77 miljoonaa katselukertaa, Top Gun j\u00e4i kauas taakse\" class=\"underline-custom !font-heading !font-bold !underline-offset-4 !decoration-4 !decoration-accent !text-md\" rel=\"nofollow noopener\" target=\"_blank\">T\u00e4m\u00e4 uusintaensi-ilta teki historiaa jo trailerillaan \u2013 77 miljoonaa katselukertaa, Top Gun j\u00e4i kauas taakse<\/a><\/p>\n<p class=\"wp-block-paragraph\">Nyt my\u00f6s <strong>Jeremy Rennerin <\/strong>paluulla huhuillaan. Renner itse julkaisi Instagram-tilill\u00e4\u00e4n kuvan Hawkeyen puvusta. Kuvatekstin\u00e4 oli vain \u201dAvengers x Hawkeye\u201d.<\/p>\n<p class=\"wp-block-paragraph\">Mit\u00e4k\u00f6h\u00e4n kaikkea muuta elokuvaan lis\u00e4t\u00e4\u00e4n?<\/p>\n<p class=\"wp-block-paragraph\">Avengers: Doomsdayn ensi-ilta on 16. joulukuuta.<\/p>\n<p class=\"wp-block-paragraph\">L\u00e4hde: <a href=\"https:\/\/geektyrant.com\/news\/avengers-doomsday-reshoots-are-underway-with-reportedly-a-lot-of-cameos-being-added\" data-type=\"link\" data-id=\"https:\/\/geektyrant.com\/news\/avengers-doomsday-reshoots-are-underway-with-reportedly-a-lot-of-cameos-being-added\" target=\"_blank\" rel=\"noreferrer noopener nofollow\">Geek Tyrant<\/a><\/p>\n","protected":false},"excerpt":{"rendered":"Joe ja Anthony Russon Avengers: Doomsdayst\u00e4 on tulossa koko vuoden suurin elokuva. Sen odotetaan rikkovan kaikenn\u00e4k\u00f6isi\u00e4 lippukassaenn\u00e4tyksi\u00e4. Joukko&hellip;\n","protected":false},"author":2,"featured_media":338153,"comment_status":"","ping_status":"","sticky":false,"template":"","format":"standard","meta":{"footnotes":"","_share_on_mastodon":"0"},"categories":[130],"tags":[809,137,33,31,30,4998,7630,3282,32,109],"class_list":["post-338152","post","type-post","status-publish","format-standard","has-post-thumbnail","category-viihde","tag-avengers-doomsday","tag-entertainment","tag-fi","tag-finland","tag-finnish","tag-jeremy-renner","tag-mark-ruffalo","tag-marvel","tag-suomi","tag-viihde"],"share_on_mastodon":{"url":"https:\/\/pubeurope.com\/@fi\/117191541151717367","error":""},"_links":{"self":[{"href":"https:\/\/www.europesays.com\/fi\/wp-json\/wp\/v2\/posts\/338152","targetHints":{"allow":["GET"]}}],"collection":[{"href":"https:\/\/www.europesays.com\/fi\/wp-json\/wp\/v2\/posts"}],"about":[{"href":"https:\/\/www.europesays.com\/fi\/wp-json\/wp\/v2\/types\/post"}],"author":[{"embeddable":true,"href":"https:\/\/www.europesays.com\/fi\/wp-json\/wp\/v2\/users\/2"}],"replies":[{"embeddable":true,"href":"https:\/\/www.europesays.com\/fi\/wp-json\/wp\/v2\/comments?post=338152"}],"version-history":[{"count":0,"href":"https:\/\/www.europesays.com\/fi\/wp-json\/wp\/v2\/posts\/338152\/revisions"}],"wp:featuredmedia":[{"embeddable":true,"href":"https:\/\/www.europesays.com\/fi\/wp-json\/wp\/v2\/media\/338153"}],"wp:attachment":[{"href":"https:\/\/www.europesays.com\/fi\/wp-json\/wp\/v2\/media?parent=338152"}],"wp:term":[{"taxonomy":"category","embeddable":true,"href":"https:\/\/www.europesays.com\/fi\/wp-json\/wp\/v2\/categories?post=338152"},{"taxonomy":"post_tag","embeddable":true,"href":"https:\/\/www.europesays.com\/fi\/wp-json\/wp\/v2\/tags?post=338152"}],"curies":[{"name":"wp","href":"https:\/\/api.w.org\/{rel}","templated":true}]}}