{"id":338166,"date":"2026-08-31T18:52:12","date_gmt":"2026-08-31T18:52:12","guid":{"rendered":"https:\/\/www.europesays.com\/fi\/338166\/"},"modified":"2026-08-31T18:52:12","modified_gmt":"2026-08-31T18:52:12","slug":"uusi-laake-lahes-kaksinkertaisti-haimasyopaa-sairastavien-elinajan","status":"publish","type":"post","link":"https:\/\/www.europesays.com\/fi\/338166\/","title":{"rendered":"Uusi l\u00e4\u00e4ke l\u00e4hes kaksin\u00adkertaisti haima\u00adsy\u00f6p\u00e4\u00e4 sairastavien elinajan"},"content":{"rendered":"<p>Haimasy\u00f6p\u00e4\u00e4n on l\u00f6ytynyt hitaasti tehokkaita hoitoja. Nyt Yhdysvalloissa on hyv\u00e4ksytty uusi lupaava l\u00e4\u00e4ke.<\/p>\n<p><img decoding=\"async\" src=\"https:\/\/www.europesays.com\/fi\/wp-content\/uploads\/2026\/08\/1788202332_204_468.jpg\" alt=\"Uuden l\u00e4\u00e4kkeen ansiosta useampi levinnytt\u00e4 haimasy\u00f6p\u00e4\u00e4 sairastava potilas voi el\u00e4\u00e4 kaksi vuotta.\" class=\"_Img_1rerz_1\" style=\"aspect-ratio:1920\/1280\" loading=\"eager\"\/><\/p>\n<p class=\"font-(family-name:--picture-caption-font-family) text-(length:--picture-caption-font-size) leading-(--picture-caption-leading) font-(--picture-caption-font-weight) text-(color:--picture-caption-color)\">Uuden l\u00e4\u00e4kkeen ansiosta useampi levinnytt\u00e4 haimasy\u00f6p\u00e4\u00e4 sairastava potilas voi el\u00e4\u00e4 kaksi vuotta. Kuva:\u00a0Danielle Villasana \/ Reuters<\/p>\n<p>Lue tiivistelm\u00e4<\/p>\n<p class=\"article-body mb-(--paragraph-margin-b) px-nof-16 sndp-summary-bullet-point-font\">Uusi t\u00e4sm\u00e4l\u00e4\u00e4ke daraksonrasibi l\u00e4hes kaksinkertaisti levinnytt\u00e4 haimasy\u00f6p\u00e4\u00e4 sairastavien elinajan.<\/p>\n<p class=\"article-body mb-(--paragraph-margin-b) px-nof-16 sndp-summary-bullet-point-font\">Yhdysvaltain l\u00e4\u00e4kevirasto hyv\u00e4ksyi l\u00e4\u00e4kkeen elokuussa, mutta Suomeen se tulee aikaisintaan kahden vuoden kuluttua.<\/p>\n<p class=\"article-body mb-(--paragraph-margin-b) px-nof-16 sndp-summary-bullet-point-font\">Apulaisylil\u00e4\u00e4k\u00e4ri Pia \u00d6sterlund pit\u00e4\u00e4 tulosta merkitt\u00e4v\u00e4n\u00e4, mutta toppuuttelee odotuksia.<\/p>\n<p class=\"article-body mb-(--paragraph-margin-b) px-nof-16\">Haimasy\u00f6p\u00e4 kuuluu vaikeimmin hoidettaviin sy\u00f6piin. Uusi t\u00e4sm\u00e4l\u00e4\u00e4ke l\u00e4hes kaksinkertaisti et\u00e4pes\u00e4kkeist\u00e4 tautia sairastavien elinajan tutkimuksessa.<\/p>\n<p class=\"article-body mb-(--paragraph-margin-b) px-nof-16\">Yhdysvaltain l\u00e4\u00e4kevirasto (FDA) hyv\u00e4ksyi daraksonrasibin elokuun lopussa levinneen haimasy\u00f6v\u00e4n hoitoon. Suomessa l\u00e4\u00e4ke ei viel\u00e4 ole k\u00e4yt\u00f6ss\u00e4.<\/p>\n<p class=\"article-body mb-(--paragraph-margin-b) px-nof-16\">Mit\u00e4 tulos oikeasti merkitsee potilaille?<\/p>\n<p class=\"article-body mb-(--paragraph-margin-b) px-nof-16\">Sy\u00f6p\u00e4tautien apulaisylil\u00e4\u00e4k\u00e4ri <a class=\"font-bold underline-offset-[0.12em] [text-decoration:var(--person-link-text-decoration)] [text-decoration-color:var(--person-link-text-decoration-color)]!\" href=\"https:\/\/www.aamulehti.fi\/haku\/?query=Pia%20%C3%96sterlund\" rel=\"nofollow noopener\" target=\"_blank\">Pia \u00d6sterlund<\/a> pit\u00e4\u00e4 tulosta lupaavana. H\u00e4n ty\u00f6skentelee Tampereen yliopistollisessa keskus\u00adsairaalassa ja on professorina Uppsalan yliopistossa.<\/p>\n<p class=\"article-body mb-(--paragraph-margin-b) px-nof-16\">\u00d6sterlund toppuuttelee silti odotuksia. Daraksonrasibi ei paranna levinnytt\u00e4 haimasy\u00f6p\u00e4\u00e4, mutta voi jarruttaa sen etenemist\u00e4 ja pident\u00e4\u00e4 el\u00e4m\u00e4\u00e4 kuukausilla.<\/p>\n<p class=\"article-body mb-(--paragraph-margin-b) px-nof-16\">L\u00e4\u00e4ke on toisen linjan hoito eli sit\u00e4 annetaan, kun sy\u00f6p\u00e4 on edennyt aiemmasta hoidosta huolimatta. Aiemmin t\u00e4ss\u00e4 vaiheessa uusien l\u00e4\u00e4kkeiden tuoma lis\u00e4hy\u00f6ty on usein j\u00e4\u00e4nyt noin puoleentoista tai kahteen kuukauteen.<\/p>\n<p class=\"article-body mb-(--paragraph-margin-b) px-nof-16\">Kes\u00e4ll\u00e4 <a class=\"underline underline-offset-[0.12em] [text-decoration-thickness:var(--generic-link-underline-thickness)] [text-decoration-color:var(--generic-link-underline-color)] [text-decoration-skip-ink:var(--generic-link-underline-skip-ink)] break-words\" href=\"https:\/\/www.nejm.org\/doi\/full\/10.1056\/NEJMoa2605555\" rel=\"nofollow noopener\" target=\"_blank\">julkaistussa tutkimuksessa<\/a> daraksonrasibia saaneiden mediaani\u00adelossaoloaika oli 13,2 kuukautta ja solun\u00adsalpaaja\u00adhoitoa saaneiden 6,7 kuukautta. The New England Journal of Medicine -tiedelehdess\u00e4 julkaistun tutkimuksen rahoitti l\u00e4\u00e4kkeen kehitt\u00e4nyt Revolution Medicines.<\/p>\n<p class=\"article-body mb-(--paragraph-margin-b) px-nof-16\">Kasvain pieneni noin kolmanneksella l\u00e4\u00e4kett\u00e4 saaneista, ja my\u00f6s kipu paheni hitaammin kuin solun\u00adsalpaaja\u00adhoidossa.<\/p>\n<p class=\"article-body mb-(--paragraph-margin-b) px-nof-16\">\u201dTulos on merkitt\u00e4v\u00e4\u201d, \u00d6sterlund sanoo.<\/p>\n<p class=\"article-body mb-(--paragraph-margin-b) px-nof-16\">Tulos ei kuitenkaan tarkoita, ett\u00e4 jokainen haima\u00adsy\u00f6p\u00e4\u00adpotilas saisi l\u00e4\u00e4kkeell\u00e4 noin puoli vuotta lis\u00e4\u00e4 elinaikaa.<\/p>\n<p class=\"article-body mb-(--paragraph-margin-b) px-nof-16\">Luvut ovat keskim\u00e4\u00e4r\u00e4isi\u00e4. Yksitt\u00e4isen potilaan kohdalla hoidon tuomaa lis\u00e4aikaa ei voi ennustaa tarkasti. Lis\u00e4ksi tutkimukseen osallistuneet olivat todella hyv\u00e4kuntoisia potilaita, joiden elintoimintojen piti olla kunnossa.<\/p>\n<p class=\"article-body mb-(--paragraph-margin-b) px-nof-16\">\u00d6sterlund korostaa, ett\u00e4 huomattava osa haimasy\u00f6p\u00e4\u00e4 sairastavista ei sairauden tai yleiskuntonsa vuoksi koskaan p\u00e4\u00e4se toisen linjan l\u00e4\u00e4kehoitoon asti.<\/p>\n<p class=\"article-body mb-(--paragraph-margin-b) px-nof-16\">Uutta l\u00e4\u00e4kett\u00e4 voitaisiin h\u00e4nen mukaansa kuitenkin harkita suurelle osalle niist\u00e4 hyv\u00e4kuntoisista potilaista, joille toisen linjan l\u00e4\u00e4kehoito ylip\u00e4\u00e4t\u00e4\u00e4n soveltuu.<\/p>\n<p class=\"article-body mb-(--paragraph-margin-b) px-nof-16\">Suun kautta otettava l\u00e4\u00e4ke ei tarkoita, ett\u00e4 hoito olisi haitatonta tai kevytt\u00e4.<\/p>\n<p class=\"article-body mb-(--paragraph-margin-b) px-nof-16\">Koska l\u00e4\u00e4ke otetaan p\u00e4ivitt\u00e4in, haitat voivat olla jatkuvia. Esimerkiksi pahoinvointi, ripuli, v\u00e4symys ja iho-oireet voivat kuormittaa arkea eri tavalla kuin ajoittaiset solun\u00adsalpaaja\u00adhaitat.<\/p>\n<p class=\"article-body mb-(--paragraph-margin-b) px-nof-16\">\u201dJos vaikka pahoinvointia on koko ajan, se heikent\u00e4\u00e4 el\u00e4m\u00e4nlaatua huomattavasti enemm\u00e4n kuin pahempikin pahoinvointi, joka on vain p\u00e4iv\u00e4n tai kaksi tiputuksen j\u00e4lkeen\u201d, \u00d6sterlund sanoo.<\/p>\n<p class=\"article-body mb-(--paragraph-margin-b) px-nof-16\">Haittojen hoitaminen vaatii sek\u00e4 l\u00e4\u00e4k\u00e4reilt\u00e4 ett\u00e4 potilailta uudenlaista osaamista.<\/p>\n<p class=\"article-body mb-(--paragraph-margin-b) px-nof-16\">Uutta l\u00e4\u00e4kkeess\u00e4 on sen toimintatapa. Se vaikuttaa geeniin (KRAS), joka s\u00e4\u00e4telee solun kasvua Ras-proteiinin v\u00e4lityksell\u00e4, eli l\u00e4\u00e4ke toimii vain potilailla joilla on todettu t\u00e4m\u00e4 mutaatio.<\/p>\n<p class=\"article-body mb-(--paragraph-margin-b) px-nof-16\">Kun kyseinen geeni muuntuu, proteiini voi j\u00e4\u00e4d\u00e4 jatkuvasti aktiiviseksi, jolloin se l\u00e4hett\u00e4\u00e4 solulle k\u00e4skyn kasvaa. Daraksonrasibi pyrkii hiljent\u00e4m\u00e4\u00e4n t\u00e4m\u00e4n k\u00e4skyn.<\/p>\n<p class=\"article-body mb-(--paragraph-margin-b) px-nof-16\">Aiemmin KRAS-geenin muuntuminen eli mutaatio on merkinnyt sit\u00e4, etteiv\u00e4t tietyt hoidot tehoa. Nyt sama mutaatio voidaan valjastaa hoidon kohteeksi.<\/p>\n<p class=\"article-body mb-(--paragraph-margin-b) px-nof-16\">L\u00e4\u00e4kkeen merkitys voi siksi ulottua haimasy\u00f6p\u00e4\u00e4 laajemmalle. \u00d6sterlundin mukaan esimerkiksi suolistosy\u00f6viss\u00e4 KRAS-mutaatio on noin puolella potilaista. My\u00f6s niiden hoidossa tutkitaan Ras-proteiiniin kohdistuvia l\u00e4\u00e4kkeit\u00e4.<\/p>\n<p class=\"article-body mb-(--paragraph-margin-b) px-nof-16\">Uuden l\u00e4\u00e4kkeen saaminen suomalais\u00adpotilaiden k\u00e4ytt\u00f6\u00f6n vie ainakin kaksi vuotta, \u00d6sterlund arvioi.<\/p>\n<p class=\"article-body mb-(--paragraph-margin-b) px-nof-16\">Hinta voi olla kynnyskysymys. Se tulee Euroopassa olemaan selv\u00e4sti halvempi kuin Yhdysvalloissa, jossa kuukausihinta on 40\u202f000 dollaria. Hinta tullee olemaan moninkertainen nykyisiin haimasy\u00f6v\u00e4n solun\u00adsalpaaja\u00adhoitoihin verrattuna. Tarkkaa hintaa ei viel\u00e4 tiedet\u00e4.<\/p>\n<p class=\"article-body mb-(--paragraph-margin-b) px-nof-16\">Tarkkaa hintaa ei kuitenkaan viel\u00e4 tiedet\u00e4.<\/p>\n<p class=\"article-body mb-(--paragraph-margin-b) px-nof-16\">Suomessa noin 1\u202f400 ihmist\u00e4 sairastuu vuosittain haimasy\u00f6p\u00e4\u00e4n.<\/p>\n<p class=\"article-body mb-(--paragraph-margin-b) px-nof-16\">Jos sy\u00f6p\u00e4\u00e4 ei voida poistaa leikkauksella, ennuste on rajallinen. Yli puolella elinaika j\u00e4\u00e4 alle vuoteen, mutta osa el\u00e4\u00e4 hoidoilla vuosia.<\/p>\n","protected":false},"excerpt":{"rendered":"Haimasy\u00f6p\u00e4\u00e4n on l\u00f6ytynyt hitaasti tehokkaita hoitoja. Nyt Yhdysvalloissa on hyv\u00e4ksytty uusi lupaava l\u00e4\u00e4ke. Uuden l\u00e4\u00e4kkeen ansiosta useampi levinnytt\u00e4&hellip;\n","protected":false},"author":2,"featured_media":338167,"comment_status":"","ping_status":"","sticky":false,"template":"","format":"standard","meta":{"footnotes":"","_share_on_mastodon":"0"},"categories":[165],"tags":[157,33,31,30,166,32,167],"class_list":["post-338166","post","type-post","status-publish","format-standard","has-post-thumbnail","category-terveys","tag-aamulehti","tag-fi","tag-finland","tag-finnish","tag-health","tag-suomi","tag-terveys"],"share_on_mastodon":{"url":"https:\/\/pubeurope.com\/@fi\/117191635864545247","error":""},"_links":{"self":[{"href":"https:\/\/www.europesays.com\/fi\/wp-json\/wp\/v2\/posts\/338166","targetHints":{"allow":["GET"]}}],"collection":[{"href":"https:\/\/www.europesays.com\/fi\/wp-json\/wp\/v2\/posts"}],"about":[{"href":"https:\/\/www.europesays.com\/fi\/wp-json\/wp\/v2\/types\/post"}],"author":[{"embeddable":true,"href":"https:\/\/www.europesays.com\/fi\/wp-json\/wp\/v2\/users\/2"}],"replies":[{"embeddable":true,"href":"https:\/\/www.europesays.com\/fi\/wp-json\/wp\/v2\/comments?post=338166"}],"version-history":[{"count":0,"href":"https:\/\/www.europesays.com\/fi\/wp-json\/wp\/v2\/posts\/338166\/revisions"}],"wp:featuredmedia":[{"embeddable":true,"href":"https:\/\/www.europesays.com\/fi\/wp-json\/wp\/v2\/media\/338167"}],"wp:attachment":[{"href":"https:\/\/www.europesays.com\/fi\/wp-json\/wp\/v2\/media?parent=338166"}],"wp:term":[{"taxonomy":"category","embeddable":true,"href":"https:\/\/www.europesays.com\/fi\/wp-json\/wp\/v2\/categories?post=338166"},{"taxonomy":"post_tag","embeddable":true,"href":"https:\/\/www.europesays.com\/fi\/wp-json\/wp\/v2\/tags?post=338166"}],"curies":[{"name":"wp","href":"https:\/\/api.w.org\/{rel}","templated":true}]}}