{"id":338176,"date":"2026-08-31T18:59:15","date_gmt":"2026-08-31T18:59:15","guid":{"rendered":"https:\/\/www.europesays.com\/fi\/338176\/"},"modified":"2026-08-31T18:59:15","modified_gmt":"2026-08-31T18:59:15","slug":"jari-matti-latvalaa-vaaditaan-telkien-taakse-tama-tiedetaan-oikeudenkaynnista","status":"publish","type":"post","link":"https:\/\/www.europesays.com\/fi\/338176\/","title":{"rendered":"Jari-Matti Latvalaa vaaditaan telkien taakse \u2013 T\u00e4m\u00e4 tiedet\u00e4\u00e4n oikeudenk\u00e4ynnist\u00e4"},"content":{"rendered":"<p>Oikeudenk\u00e4ynnin ensimm\u00e4inen p\u00e4iv\u00e4 on ohi. Toyotan tallip\u00e4\u00e4llik\u00f6lle vaaditaan ehdollista vankeutta.<\/p>\n<p><img decoding=\"async\" class=\"image image-show image-preview\" src=\"https:\/\/www.europesays.com\/fi\/wp-content\/uploads\/2026\/08\/2c040e2c9026723c0131c866a099e10d921abd3dc2aab53a340e4d5b9b0b1603.jpg\" alt=\"\"\/><img decoding=\"async\" class=\"image image-show\" src=\"https:\/\/www.europesays.com\/fi\/wp-content\/uploads\/2026\/08\/1788202755_203_2c040e2c9026723c0131c866a099e10d921abd3dc2aab53a340e4d5b9b0b1603.jpg\" alt=\"\"\/><\/p>\n<p>Jari-Matti Latvala oli maanantaina paikalla Helsingin k\u00e4r\u00e4j\u00e4oikeudessa. Maarit Pohjanpalo<\/p>\n<p class=\"paragraph\"><strong>Jari-Matti Latvalan<\/strong>, 41, veropetosoikeudenk\u00e4ynti k\u00e4ynnistyi maanantaina Helsingin k\u00e4r\u00e4j\u00e4oikeudessa.<\/p>\n<p class=\"paragraph\">Latvalaa syytet\u00e4\u00e4n t\u00f6rke\u00e4st\u00e4 veropetoksesta, ja h\u00e4nelle vaaditaan v\u00e4hint\u00e4\u00e4n kolmen vuoden ehdollista tuomiota.<\/p>\n<p class=\"paragraph\">Asianomistajana on Verohallinto, joka katsoo Latvalan v\u00e4ltelleen veroja vuosina 2014\u201317 ilmoittamalla asuinpaikakseen Monacon, vaikka h\u00e4n asui varsinaisesti Suomessa. Maksamattomien verojen hy\u00f6dyksi haastehakemuksessa on arvioitu 3,7 miljoonaa.<\/p>\n<p class=\"paragraph\">Latvala kiist\u00e4\u00e4 syyllistyneens\u00e4 rikokseen.<\/p>\n<p class=\"paragraph\">Rajatusti verovelvollisella henkil\u00f6ll\u00e4 ei saa olla kotia Suomessa, eik\u00e4 h\u00e4n saa oleskella Suomessa yli kuutta kuukautta vuodessa.<\/p>\n<p class=\"paragraph\">Latvalan mielest\u00e4 h\u00e4nen matkap\u00e4iv\u00e4ns\u00e4 nostavat Suomen ulkopuolella vietettyjen p \u00e4ivien m\u00e4\u00e4r\u00e4n yli puoleen vuoteen. Verohallinnon mielest\u00e4 Latvala on suunnitelmallisesti v\u00e4ltellyt veroja ja j\u00e4tt\u00e4nyt antamatta tietoja olinpaikastaan, koska ei lis\u00e4nnyt niit\u00e4 esit\u00e4ytettyyn veroilmoitukseen.<\/p>\n<p class=\"paragraph\">Puolustuksen mielest\u00e4 kyseess\u00e4 on perusmuotoinen veropetos, joka on jo vanhentunut. Latvala maksoi veror\u00e4stej\u00e4\u00e4n 4,5 miljoonan edest\u00e4 kolme vuotta sitten.<\/p>\n<p>\u00c4idin unelma<\/p>\n<p class=\"paragraph\">Oikeudenk\u00e4ynnin ensimm\u00e4isen\u00e4 p\u00e4iv\u00e4n\u00e4 syytt\u00e4j\u00e4 keskittyi esittelem\u00e4\u00e4n Latvalan tiliotteita n\u00e4ytt\u00e4\u00e4kseen, ett\u00e4 entisen rallin MM-sarjan tehdaskuljettajan el\u00e4m\u00e4 oli p\u00e4\u00e4asiallisesti Suomessa.<\/p>\n<p class=\"paragraph\">Vastaajalla on asiasta t\u00e4ysin p\u00e4invastainen n\u00e4kemys.<\/p>\n<p class=\"paragraph\">\u2013\u2009H\u00e4nen elinpiirins\u00e4 ja organisaationsa perusta oli t\u00e4ysin ulkomailla, Latvalan asianajaja <strong>Pekka Tuunainen<\/strong> totesi.<\/p>\n<p class=\"paragraph\">Arkisten menojen lis\u00e4ksi syytt\u00e4j\u00e4 kiinnitti huomiota Latvalan rakentamiseen liittyviin kuluihin. Puolustus perusteli niit\u00e4 sill\u00e4, ett\u00e4 Latvalan \u00e4idill\u00e4 <strong>Helenalla<\/strong> oli k\u00e4ytt\u00f6oikeus poikansa korttiin.<\/p>\n<p class=\"paragraph\">Rakennuskustannuksia kerrottiin tulleen, kun Latvalan kotikyl\u00e4ss\u00e4 Tuurissa sijaitsevaa rallimuseota laajennettiin kahteen otteeseen.<\/p>\n<p class=\"paragraph\">\u2013 Se on ollut minun \u00e4itini unelma, rallipomo totesi kahvilan ja fanituotemyym\u00e4l\u00e4n sis\u00e4lt\u00e4v\u00e4st\u00e4 kokonaisuudesta, joka kantaa nime\u00e4 JM-Rally Parc Ferm\u00e9.<\/p>\n<p class=\"paragraph\">Syyniss\u00e4 oli my\u00f6s Mechelininkadulla sijainnut asunto, joka ostettiin vuonna 2016 ja myytiin seuraavana vuonna.<\/p>\n<p class=\"paragraph\">Asunnossa asuivat Latvalan vanhemmat, mutta Latvala kertoi viett\u00e4neens\u00e4 siell\u00e4 \u201djoitakin \u00f6it\u00e4\u201d. Postin osoittaminen Helsinkiin ja Mechelininkadulle johtui Latvalan mukaan siit\u00e4, ett\u00e4 \u00e4iti toimi h\u00e4nen sihteerin\u00e4\u00e4n.<\/p>\n<p class=\"paragraph\">Latvalalla oli my\u00f6s Tampereella asunto, jossa asui h\u00e4nen siskonsa.<\/p>\n<p>K\u00e4teismies<\/p>\n<p class=\"paragraph\">Syytt\u00e4j\u00e4 nosti oikeudessa esiin, ett\u00e4 Latvala k\u00e4ytt\u00e4\u00e4 \u201dpoikkeuksellisen paljon\u201d k\u00e4teist\u00e4 rahaa. T\u00e4m\u00e4 tulkittiin keinoksi peitell\u00e4 j\u00e4lki\u00e4 olinpaikasta.<\/p>\n<p class=\"paragraph\">Latvala ei kiell\u00e4 mieltymyst\u00e4\u00e4n k\u00e4teiseen.<\/p>\n<p class=\"paragraph\">\u2013 M\u00e4 en ole koskaan tyk\u00e4nnyt k\u00e4ytt\u00e4\u00e4 hirve\u00e4sti korttia, h\u00e4n kertoi Iltalehdelle.<\/p>\n<p class=\"paragraph\">\u2013 Siihen liittyy pari seikkaa. Kun korttia on k\u00e4ytt\u00e4nyt, on pari kertaa k\u00e4ynyt niin, ett\u00e4 kortti on kaapattu ja tilille on tullut v\u00e4\u00e4ri\u00e4 maksuja. Sitten olen joutunut kuolettamaan kortin.<\/p>\n<p class=\"paragraph\">H\u00e4n sanoo tarvitsevansa k\u00e4teist\u00e4 ulkomaanmatkoillaan, koska monissa maissa korttien k\u00e4ytt\u00f6 on huomattavasti v\u00e4h\u00e4isemp\u00e4\u00e4 kuin esimerkiksi Suomessa.<\/p>\n<p class=\"paragraph\">Jos taas luottokortti on ainoa hyv\u00e4ksytty maksumuoto, se oikein sapettaa h\u00e4nt\u00e4.<\/p>\n<p class=\"paragraph\">T\u00e4llainen kokemus Latvalalla oli taannoin Ruotsissa.<\/p>\n<p class=\"paragraph\">\u2013 Tuli oikein huono olo, kun ravintolassa ei voi k\u00e4ytt\u00e4\u00e4 k\u00e4teist\u00e4. On pakko maksaa kortilla kaikki. Ruotsissa k\u00e4teinen k\u00e4y juuri ja juuri jossain kaupoissa ja huoltoasemilla, h\u00e4n p\u00e4ivittelee.<\/p>\n<p class=\"paragraph\">\u2013 Oikein \u00e4rsytti, kun ei voinut k\u00e4ytt\u00e4\u00e4 k\u00e4teist\u00e4, koska mulle k\u00e4teinen on sellainen, ett\u00e4 silloin m\u00e4 tunnen sen, paljonko mulla on rahaa ja miten rahaa kuluu. Korttia on liian helppo k\u00e4ytt\u00e4\u00e4. Sit\u00e4 rahaa vaan palaa, kun maksaa kaiken kortilla.<\/p>\n<p class=\"paragraph\">Latvalan oikeudenk\u00e4ynti on suunniteltu nelj\u00e4p\u00e4iv\u00e4iseksi. Materiaalia on kuitenkin niin paljon, ett\u00e4 k\u00e4sittelyp\u00e4ivi\u00e4 saatetaan m\u00e4\u00e4r\u00e4t\u00e4 lis\u00e4\u00e4.<\/p>\n","protected":false},"excerpt":{"rendered":"Oikeudenk\u00e4ynnin ensimm\u00e4inen p\u00e4iv\u00e4 on ohi. Toyotan tallip\u00e4\u00e4llik\u00f6lle vaaditaan ehdollista vankeutta. Jari-Matti Latvala oli maanantaina paikalla Helsingin k\u00e4r\u00e4j\u00e4oikeudessa. Maarit&hellip;\n","protected":false},"author":2,"featured_media":338177,"comment_status":"","ping_status":"","sticky":false,"template":"","format":"standard","meta":{"footnotes":"","_share_on_mastodon":"0"},"categories":[12],"tags":[35,648,22,23,26,27,33,31,30,17,53,24,25,28,29,15,976,18,21,978,38,32,19,20,16],"class_list":["post-338176","post","type-post","status-publish","format-standard","has-post-thumbnail","category-suomi","tag-24h","tag-autot","tag-breaking-news","tag-breakingnews","tag-featured-news","tag-featurednews","tag-fi","tag-finland","tag-finnish","tag-headlines","tag-laki-oikeus-ja-rikos","tag-latest-news","tag-latestnews","tag-main-news","tag-mainnews","tag-news","tag-oikeusprosessit","tag-otsikot","tag-paauutiset","tag-rikoksen-teko","tag-rikos","tag-suomi","tag-top-stories","tag-topstories","tag-uutiset"],"share_on_mastodon":{"url":"https:\/\/pubeurope.com\/@fi\/117191663088359353","error":""},"_links":{"self":[{"href":"https:\/\/www.europesays.com\/fi\/wp-json\/wp\/v2\/posts\/338176","targetHints":{"allow":["GET"]}}],"collection":[{"href":"https:\/\/www.europesays.com\/fi\/wp-json\/wp\/v2\/posts"}],"about":[{"href":"https:\/\/www.europesays.com\/fi\/wp-json\/wp\/v2\/types\/post"}],"author":[{"embeddable":true,"href":"https:\/\/www.europesays.com\/fi\/wp-json\/wp\/v2\/users\/2"}],"replies":[{"embeddable":true,"href":"https:\/\/www.europesays.com\/fi\/wp-json\/wp\/v2\/comments?post=338176"}],"version-history":[{"count":0,"href":"https:\/\/www.europesays.com\/fi\/wp-json\/wp\/v2\/posts\/338176\/revisions"}],"wp:featuredmedia":[{"embeddable":true,"href":"https:\/\/www.europesays.com\/fi\/wp-json\/wp\/v2\/media\/338177"}],"wp:attachment":[{"href":"https:\/\/www.europesays.com\/fi\/wp-json\/wp\/v2\/media?parent=338176"}],"wp:term":[{"taxonomy":"category","embeddable":true,"href":"https:\/\/www.europesays.com\/fi\/wp-json\/wp\/v2\/categories?post=338176"},{"taxonomy":"post_tag","embeddable":true,"href":"https:\/\/www.europesays.com\/fi\/wp-json\/wp\/v2\/tags?post=338176"}],"curies":[{"name":"wp","href":"https:\/\/api.w.org\/{rel}","templated":true}]}}