{"id":338202,"date":"2026-08-31T19:42:13","date_gmt":"2026-08-31T19:42:13","guid":{"rendered":"https:\/\/www.europesays.com\/fi\/338202\/"},"modified":"2026-08-31T19:42:13","modified_gmt":"2026-08-31T19:42:13","slug":"jari-maenpaa-ja-ensiferum-nousevat-jalleen-yhdessa-lavalle","status":"publish","type":"post","link":"https:\/\/www.europesays.com\/fi\/338202\/","title":{"rendered":"Jari M\u00e4enp\u00e4\u00e4 ja Ensiferum nousevat j\u00e4lleen yhdess\u00e4 lavalle"},"content":{"rendered":"<p class=\"wp-block-paragraph\">T\u00e4ss\u00e4p\u00e4 uutinen, joka miellytt\u00e4nee monia <strong>Ensiferumin<\/strong>, eritoten orkesterin alkuaikojen yst\u00e4vi\u00e4: b\u00e4ndi aikoo tehd\u00e4 varhaistuotantoonsa keskittyvi\u00e4 juhlakeikkoja yhdess\u00e4 b\u00e4ndin alkuper\u00e4ismiehist\u00f6\u00f6n kuuluneen <strong>Jari M\u00e4enp\u00e4\u00e4n<\/strong> kanssa.<\/p>\n<p class=\"wp-block-paragraph\">Toimitukseen l\u00e4hetetyss\u00e4 tiedonannossa ei viel\u00e4 ole vahvistettu tulevia esiintymisi\u00e4 M\u00e4enp\u00e4\u00e4n kanssa. Tiedotteessa kuitenkin kehotetaan seuraamaan orkesterin sosiaalisen median kanavia sek\u00e4 virallista <a href=\"https:\/\/ensiferum.com\/tour\/\" target=\"_blank\" rel=\"noreferrer noopener nofollow\">nettisivua<\/a>.<\/p>\n<p class=\"wp-block-paragraph\">Folk metal -veteraani Ensiferum perustettiin vuonna 1995 ja M\u00e4enp\u00e4\u00e4 liittyi joukkoon seuraavana vuonna, jolloin yhtye teki my\u00f6s ensimm\u00e4iset keikkansa. M\u00e4enp\u00e4\u00e4 oli mukana yhtyeen varhaisilla demoilla sek\u00e4 kahdella ensimm\u00e4isell\u00e4 pitk\u00e4soitolla, vuoden 2001 nimikkodebyytill\u00e4 sek\u00e4 vuonna 2004 ilmestyneell\u00e4 Ironilla. M\u00e4enp\u00e4\u00e4n ja muun yhtyeen tiet kuitenkin erkanivat jo ennen Ironin ilmestymist\u00e4 ja M\u00e4enp\u00e4\u00e4 jatkoi toimintaa perustamassaan <strong>Wintersun<\/strong>-yhtyeess\u00e4.<\/p>\n<p class=\"wp-block-paragraph\">\u201dOlen innoissani ja syv\u00e4sti otettu, ett\u00e4 p\u00e4\u00e4sen esiintym\u00e4\u00e4n Ensiferumin kanssa yli 20 vuoden j\u00e4lkeen. En malta odottaa, ett\u00e4 p\u00e4\u00e4sen soittamaan n\u00e4it\u00e4 biisej\u00e4 liven\u00e4. N\u00e4hd\u00e4\u00e4n keikoilla!\u201d M\u00e4enp\u00e4\u00e4 kommentoi.<\/p>\n","protected":false},"excerpt":{"rendered":"T\u00e4ss\u00e4p\u00e4 uutinen, joka miellytt\u00e4nee monia Ensiferumin, eritoten orkesterin alkuaikojen yst\u00e4vi\u00e4: b\u00e4ndi aikoo tehd\u00e4 varhaistuotantoonsa keskittyvi\u00e4 juhlakeikkoja yhdess\u00e4 b\u00e4ndin&hellip;\n","protected":false},"author":2,"featured_media":338203,"comment_status":"","ping_status":"","sticky":false,"template":"","format":"standard","meta":{"footnotes":"","_share_on_mastodon":"0"},"categories":[132],"tags":[137,33,31,30,13836,195,47,32,109],"class_list":["post-338202","post","type-post","status-publish","format-standard","has-post-thumbnail","category-musiikki","tag-entertainment","tag-fi","tag-finland","tag-finnish","tag-juhlakeikka","tag-music","tag-musiikki","tag-suomi","tag-viihde"],"share_on_mastodon":{"url":"https:\/\/pubeurope.com\/@fi\/117191832278519854","error":""},"_links":{"self":[{"href":"https:\/\/www.europesays.com\/fi\/wp-json\/wp\/v2\/posts\/338202","targetHints":{"allow":["GET"]}}],"collection":[{"href":"https:\/\/www.europesays.com\/fi\/wp-json\/wp\/v2\/posts"}],"about":[{"href":"https:\/\/www.europesays.com\/fi\/wp-json\/wp\/v2\/types\/post"}],"author":[{"embeddable":true,"href":"https:\/\/www.europesays.com\/fi\/wp-json\/wp\/v2\/users\/2"}],"replies":[{"embeddable":true,"href":"https:\/\/www.europesays.com\/fi\/wp-json\/wp\/v2\/comments?post=338202"}],"version-history":[{"count":0,"href":"https:\/\/www.europesays.com\/fi\/wp-json\/wp\/v2\/posts\/338202\/revisions"}],"wp:featuredmedia":[{"embeddable":true,"href":"https:\/\/www.europesays.com\/fi\/wp-json\/wp\/v2\/media\/338203"}],"wp:attachment":[{"href":"https:\/\/www.europesays.com\/fi\/wp-json\/wp\/v2\/media?parent=338202"}],"wp:term":[{"taxonomy":"category","embeddable":true,"href":"https:\/\/www.europesays.com\/fi\/wp-json\/wp\/v2\/categories?post=338202"},{"taxonomy":"post_tag","embeddable":true,"href":"https:\/\/www.europesays.com\/fi\/wp-json\/wp\/v2\/tags?post=338202"}],"curies":[{"name":"wp","href":"https:\/\/api.w.org\/{rel}","templated":true}]}}