{"id":338208,"date":"2026-08-31T19:46:10","date_gmt":"2026-08-31T19:46:10","guid":{"rendered":"https:\/\/www.europesays.com\/fi\/338208\/"},"modified":"2026-08-31T19:46:10","modified_gmt":"2026-08-31T19:46:10","slug":"playground-games-paljasti-fablen-keston-elamasimulaation-luvataan-tarjoavan-loputtomasti-pelattavaa","status":"publish","type":"post","link":"https:\/\/www.europesays.com\/fi\/338208\/","title":{"rendered":"Playground Games paljasti Fablen keston \u2013 el\u00e4m\u00e4simulaation luvataan tarjoavan loputtomasti pelattavaa"},"content":{"rendered":"<p class=\"wp-block-paragraph\">Pelistudio Playground Games on paljastanut lis\u00e4tietoja tulevasta Fable-roolipelist\u00e4\u00e4n.<\/p>\n<p class=\"wp-block-paragraph\">Pelist\u00e4 saatiin esimakua \u00e4skett\u00e4in Gamescom-tapahtumassa uuden pelikuvatrailerin merkeiss\u00e4. Gamescomista kantautui my\u00f6s lis\u00e4\u00e4 Fable-yksityiskohtia, sill\u00e4 pelin johtohahmoihin lukeutuva <strong>Will Kennedy<\/strong> antoi vihi\u00e4 pelin kestosta tapahtumassa j\u00e4rjestetyss\u00e4 haastattelussa.<\/p>\n<p>Lue my\u00f6s: <a href=\"https:\/\/www.pelaaja.fi\/uutiset\/xbox-julkaisi-18-minuuttia-pelikuvaa-odotetusta-fablesta\/\" title=\"Xbox julkaisi 18 minuuttia pelikuvaa odotetusta Fablesta\" class=\"underline-custom !font-heading !font-bold !underline-offset-4 !decoration-4 !decoration-accent !text-md\" rel=\"nofollow noopener\" target=\"_blank\">Xbox julkaisi 18 minuuttia pelikuvaa odotetusta Fablesta<\/a><\/p>\n<p>Lue my\u00f6s: <a href=\"https:\/\/www.pelaaja.fi\/uutiset\/fable-vaistyy-gta-6n-tielta-julkaisu-siirtyi-ensi-vuoden-puolelle\/\" title=\"Fable v\u00e4istyy GTA 6:n tielt\u00e4 \u2013 julkaisu siirtyi ensi vuoden puolelle\" class=\"underline-custom !font-heading !font-bold !underline-offset-4 !decoration-4 !decoration-accent !text-md\" rel=\"nofollow noopener\" target=\"_blank\">Fable v\u00e4istyy GTA 6:n tielt\u00e4 \u2013 julkaisu siirtyi ensi vuoden puolelle<\/a><\/p>\n<p class=\"wp-block-paragraph\">Kennedyn mukaan Fablen p\u00e4\u00e4juonen l\u00e4p\u00e4iseminen kest\u00e4\u00e4 noin 15-20 pelituntia. Lis\u00e4puuhaa irtoaa sivuteht\u00e4vist\u00e4 ja muusta avoimen pelimaailman sis\u00e4ll\u00f6st\u00e4, joiden kerrotaan noin tuplaavan pelin keston. Pelin el\u00e4m\u00e4simulaatioj\u00e4rjestelmien kuvaillaan kuitenkin tarjoavan rajattomasti mahdollisuuksia, joten Playgroundin mukaan niiss\u00e4 riitt\u00e4\u00e4 loputtomiin pelattavaa.<\/p>\n<p class=\"wp-block-paragraph\">Mik\u00e4li Kennedyn arviot pit\u00e4v\u00e4t paikkansa, olisi uuden Fablen tarina hieman sarjan aiempia osia pidempi. HowLongToBeat-sivuston ker\u00e4\u00e4mien tietojen mukaan alkuper\u00e4isen kolmen Fable-pelin tarinoiden l\u00e4p\u00e4isyss\u00e4 on kest\u00e4nyt noin 12-14 tuntia.<\/p>\n<p>Lue my\u00f6s: <a href=\"https:\/\/www.pelaaja.fi\/uutiset\/star-citizen-viivastyi-jalleen-yksinpelikampanja-vaistyy-gta-vin-tielta\/\" title=\"Star Citizen viiv\u00e4styi j\u00e4lleen \u2013 yksinpelikampanja v\u00e4istyy GTA VI:n tielt\u00e4\" class=\"underline-custom !font-heading !font-bold !underline-offset-4 !decoration-4 !decoration-accent !text-md\" rel=\"nofollow noopener\" target=\"_blank\">Star Citizen viiv\u00e4styi j\u00e4lleen \u2013 yksinpelikampanja v\u00e4istyy GTA VI:n tielt\u00e4<\/a><\/p>\n<p>Lue my\u00f6s: <a href=\"https:\/\/www.pelaaja.fi\/uutiset\/fromsoftware-keskeytti-the-duskbloodsin-verkkotestin-pelaajat-tormasivat-kirjautumisongelmiin\/\" title=\"FromSoftware keskeytti The Duskbloodsin ensitestin \u2013 pelaajat eiv\u00e4t p\u00e4\u00e4sseet p\u00e4\u00e4valikkoa pidemm\u00e4lle\" class=\"underline-custom !font-heading !font-bold !underline-offset-4 !decoration-4 !decoration-accent !text-md\" rel=\"nofollow noopener\" target=\"_blank\">FromSoftware keskeytti The Duskbloodsin ensitestin \u2013 pelaajat eiv\u00e4t p\u00e4\u00e4sseet p\u00e4\u00e4valikkoa pidemm\u00e4lle<\/a><\/p>\n<p class=\"wp-block-paragraph\">Fable julkaistaan pc:lle, PS5:lle ja Xbox Series X\/S:lle 23. helmikuuta 2027. Peli saapuu julkaisup\u00e4iv\u00e4n\u00e4\u00e4n my\u00f6s Game Pass -tilauspalveluun.<\/p>\n<p class=\"wp-block-paragraph\">L\u00e4hde: <a href=\"https:\/\/www.polygon.com\/fable-game-length-interview-xbox\/\" target=\"_blank\" rel=\"noopener noreferrer nofollow\">Polygon<\/a><\/p>\n","protected":false},"excerpt":{"rendered":"Pelistudio Playground Games on paljastanut lis\u00e4tietoja tulevasta Fable-roolipelist\u00e4\u00e4n. Pelist\u00e4 saatiin esimakua \u00e4skett\u00e4in Gamescom-tapahtumassa uuden pelikuvatrailerin merkeiss\u00e4. Gamescomista kantautui&hellip;\n","protected":false},"author":2,"featured_media":338209,"comment_status":"","ping_status":"","sticky":false,"template":"","format":"standard","meta":{"footnotes":"","_share_on_mastodon":"0"},"categories":[130],"tags":[137,36826,33,31,30,41816,1567,34814,32,15846,109,190],"class_list":["post-338208","post","type-post","status-publish","format-standard","has-post-thumbnail","category-viihde","tag-entertainment","tag-fable","tag-fi","tag-finland","tag-finnish","tag-kesto","tag-microsoft","tag-playground-games","tag-suomi","tag-tarina","tag-viihde","tag-xbox"],"share_on_mastodon":{"url":"https:\/\/pubeurope.com\/@fi\/117191847873190882","error":""},"_links":{"self":[{"href":"https:\/\/www.europesays.com\/fi\/wp-json\/wp\/v2\/posts\/338208","targetHints":{"allow":["GET"]}}],"collection":[{"href":"https:\/\/www.europesays.com\/fi\/wp-json\/wp\/v2\/posts"}],"about":[{"href":"https:\/\/www.europesays.com\/fi\/wp-json\/wp\/v2\/types\/post"}],"author":[{"embeddable":true,"href":"https:\/\/www.europesays.com\/fi\/wp-json\/wp\/v2\/users\/2"}],"replies":[{"embeddable":true,"href":"https:\/\/www.europesays.com\/fi\/wp-json\/wp\/v2\/comments?post=338208"}],"version-history":[{"count":0,"href":"https:\/\/www.europesays.com\/fi\/wp-json\/wp\/v2\/posts\/338208\/revisions"}],"wp:featuredmedia":[{"embeddable":true,"href":"https:\/\/www.europesays.com\/fi\/wp-json\/wp\/v2\/media\/338209"}],"wp:attachment":[{"href":"https:\/\/www.europesays.com\/fi\/wp-json\/wp\/v2\/media?parent=338208"}],"wp:term":[{"taxonomy":"category","embeddable":true,"href":"https:\/\/www.europesays.com\/fi\/wp-json\/wp\/v2\/categories?post=338208"},{"taxonomy":"post_tag","embeddable":true,"href":"https:\/\/www.europesays.com\/fi\/wp-json\/wp\/v2\/tags?post=338208"}],"curies":[{"name":"wp","href":"https:\/\/api.w.org\/{rel}","templated":true}]}}