{"id":338220,"date":"2026-08-31T20:08:09","date_gmt":"2026-08-31T20:08:09","guid":{"rendered":"https:\/\/www.europesays.com\/fi\/338220\/"},"modified":"2026-08-31T20:08:09","modified_gmt":"2026-08-31T20:08:09","slug":"televisioarvio-suomimetallin-kultakausi-paattyi-mutta-sen-jalki-ei-katoa-hs-fi","status":"publish","type":"post","link":"https:\/\/www.europesays.com\/fi\/338220\/","title":{"rendered":"Televisioarvio | Suomimetallin kultakausi p\u00e4\u00e4ttyi, mutta sen j\u00e4lki ei katoa &#8211; HS.fi"},"content":{"rendered":"<ol>\n<li><a href=\"https:\/\/news.google.com\/rss\/articles\/CBMiY0FVX3lxTE8zMTlUYm4zNEllVE8yT29tUVRsdXd4YXROWl9LWXNjSEtVMUF0RzJSVG41VjdkenBOZVh0Wl9MMUEtbXRaSWJOY3J2Yy0yd1hhbkN3bzlkTU9tczNCdHlkd0pQSQ?oc=5\" target=\"_blank\" rel=\"nofollow noopener\">Televisioarvio | Suomimetallin kultakausi p\u00e4\u00e4ttyi, mutta sen j\u00e4lki ei katoa<\/a>&nbsp;&nbsp;HS.fi<\/li>\n<li><a href=\"https:\/\/news.google.com\/rss\/articles\/CBMiaEFVX3lxTE1aVlZJUHE5M1RuU2lQVUN2N19iNlJzM0MxNThPNmlJWGZsU2RjS0ptTGdOd1JfRTRwM1dGdWp1YkZmNXFseXZuSXd1aUtfcTlmaHhPalRvV1dOeGE1eVJxd3pWRUZQS2xT?oc=5\" target=\"_blank\" rel=\"nofollow noopener\">N\u00e4it\u00e4 ohjelmia odotamme t\u00e4ll\u00e4 viikolla<\/a>&nbsp;&nbsp;Aamulehti<\/li>\n<li><a href=\"https:\/\/news.google.com\/rss\/articles\/CBMiW0FVX3lxTFA4MXpFTFR0c0s1Y2ozWFZKU0p5ZFFfeFFZRjkwNWVRX2FRQ01Rb1BpUlRSV1hsWmFrdkVfQkNmcExpcGlET3J1VlhPZWJ4ZHE4cE1oZDBSMHNCMHc?oc=5\" target=\"_blank\" rel=\"nofollow noopener\">Sarja-arvio | Kaamos kertoo suomimetallin tarinan t\u00e4h\u00e4n asti &#8211; mukana my\u00f6s Hietalan veljekset ja muita savolaisia<\/a>&nbsp;&nbsp;Savon Sanomat<\/li>\n<li><a href=\"https:\/\/news.google.com\/rss\/articles\/CBMiiAFBVV95cUxNc0l0LW1SMFY5VHIwZTFBM0M0OGM1WGJoNk5sSEdkWXRoOUp4RE01UEJ2TzVtQzlUVVl2WGVLYjBWM3VRQXBpcVVfWDZLVzM1LW10QWdzbXh0X1c3YV9kOFpMa3hnZ0NPMWNpVkEzc0kyVDZqMEhIN3EzRXRZUVpZdjRlSDk5VDVV?oc=5\" target=\"_blank\" rel=\"nofollow noopener\">Dokumenttisarja nostaa esiin suomimetallin pioneerit \u2013 Oululainen Eemeli Vaara p\u00e4\u00e4si avartavalle matkalle suosikkigenrens\u00e4 kotimaisille juurille<\/a>&nbsp;&nbsp;Kaleva<\/li>\n<li><a href=\"https:\/\/news.google.com\/rss\/articles\/CBMi0gFBVV95cUxQSVNLamVGWjU1UjlSRnZfZU80TEd1WlRHaVQ2Z0JqRUFSNE16OXprTW5rc3ZNQ3pnOTRyb2FzMUtqSFUxZHFocll5Y1NZSFp0cVFxUkRDQVpxZlR0cS1tbXVSempmRXdLSmdoX1lVMkhFdXRZLWdUakJwb2U0ckYxam5NQVZpOVlvQ19yZ2cxemxrQjA1YU9zMGxvc0lXajFURTVlMU1nek9mWFphcV85LUZuMEJ4Uy1hUDdIdnhEMm5wdGZEVEF2XzlCS0plc0lFVVE?oc=5\" target=\"_blank\" rel=\"nofollow noopener\">Yle Areenaan tuli odotettu uutuussarja, jonka j\u00e4lkeen voi juosta torille ketjut kilisten<\/a>&nbsp;&nbsp;Muropaketti.com<\/li>\n<\/ol>\n","protected":false},"excerpt":{"rendered":"Televisioarvio | Suomimetallin kultakausi p\u00e4\u00e4ttyi, mutta sen j\u00e4lki ei katoa&nbsp;&nbsp;HS.fi N\u00e4it\u00e4 ohjelmia odotamme t\u00e4ll\u00e4 viikolla&nbsp;&nbsp;Aamulehti Sarja-arvio | Kaamos&hellip;\n","protected":false},"author":2,"featured_media":338221,"comment_status":"","ping_status":"","sticky":false,"template":"","format":"standard","meta":{"footnotes":"","_share_on_mastodon":"0"},"categories":[132],"tags":[137,33,31,30,46,195,47,32,109],"class_list":["post-338220","post","type-post","status-publish","format-standard","has-post-thumbnail","category-musiikki","tag-entertainment","tag-fi","tag-finland","tag-finnish","tag-helsingin-sanomat","tag-music","tag-musiikki","tag-suomi","tag-viihde"],"share_on_mastodon":{"url":"https:\/\/pubeurope.com\/@fi\/117191934433731946","error":""},"_links":{"self":[{"href":"https:\/\/www.europesays.com\/fi\/wp-json\/wp\/v2\/posts\/338220","targetHints":{"allow":["GET"]}}],"collection":[{"href":"https:\/\/www.europesays.com\/fi\/wp-json\/wp\/v2\/posts"}],"about":[{"href":"https:\/\/www.europesays.com\/fi\/wp-json\/wp\/v2\/types\/post"}],"author":[{"embeddable":true,"href":"https:\/\/www.europesays.com\/fi\/wp-json\/wp\/v2\/users\/2"}],"replies":[{"embeddable":true,"href":"https:\/\/www.europesays.com\/fi\/wp-json\/wp\/v2\/comments?post=338220"}],"version-history":[{"count":0,"href":"https:\/\/www.europesays.com\/fi\/wp-json\/wp\/v2\/posts\/338220\/revisions"}],"wp:featuredmedia":[{"embeddable":true,"href":"https:\/\/www.europesays.com\/fi\/wp-json\/wp\/v2\/media\/338221"}],"wp:attachment":[{"href":"https:\/\/www.europesays.com\/fi\/wp-json\/wp\/v2\/media?parent=338220"}],"wp:term":[{"taxonomy":"category","embeddable":true,"href":"https:\/\/www.europesays.com\/fi\/wp-json\/wp\/v2\/categories?post=338220"},{"taxonomy":"post_tag","embeddable":true,"href":"https:\/\/www.europesays.com\/fi\/wp-json\/wp\/v2\/tags?post=338220"}],"curies":[{"name":"wp","href":"https:\/\/api.w.org\/{rel}","templated":true}]}}