{"id":338224,"date":"2026-08-31T20:12:09","date_gmt":"2026-08-31T20:12:09","guid":{"rendered":"https:\/\/www.europesays.com\/fi\/338224\/"},"modified":"2026-08-31T20:12:09","modified_gmt":"2026-08-31T20:12:09","slug":"gal-gadot-paljastaa-miksi-jatti-wonder-woman-elokuvat-piti-alunperin-jatkaa-roolissa","status":"publish","type":"post","link":"https:\/\/www.europesays.com\/fi\/338224\/","title":{"rendered":"Gal Gadot paljastaa, miksi j\u00e4tti Wonder Woman -elokuvat \u2013\u00a0Piti alunperin jatkaa roolissa"},"content":{"rendered":"<p class=\"wp-block-paragraph\"><a href=\"https:\/\/www.thewrap.com\/creative-content\/movies\/gal-gadot-wonder-woman-dcu-exit-reason\/\" rel=\"nofollow noopener\" target=\"_blank\">The Wrap<\/a> uutisoi haastattelusta, jonka <strong>Gal Gadot<\/strong> vastik\u00e4\u00e4n antoi. Siin\u00e4 n\u00e4yttelij\u00e4 kertoo mik\u00e4 sai h\u00e4net j\u00e4tt\u00e4m\u00e4\u00e4n Wonder Woman -elokuvat.<\/p>\n<p class=\"wp-block-paragraph\">\u201dHe halusivat kehitt\u00e4\u00e4 kolmatta kanssani. N\u00e4in kuitenkin miten muita kohdeltiin\u201d, Gadot sanoo.<\/p>\n<p class=\"wp-block-paragraph\">Yksi syy oli <strong>Henry Cavillin<\/strong> kohtelu. Julkisesti oli jo ilmoitettu, ett\u00e4 Cavill jatkaa Supermanin roolissa. Toisin kuitenkin k\u00e4vi kun <strong>James Gunn <\/strong>ja<strong> Peter Safran<\/strong> tulivat DC Studiosiin. Gunn oli p\u00e4\u00e4tt\u00e4nyt ohjata uuden Superman-elokuvan, jossa Cavillia ei n\u00e4hd\u00e4.<\/p>\n<p class=\"wp-block-paragraph\">\u201dSamoin k\u00e4vi <strong>Patty Jenkinsin<\/strong> kanssa, tilannetta ei hoideltu elegantisti. Olemme kuitenkin kaikki aikuisia ja kaikki on nyt ok. Eik\u00e4 kyse edes ole heist\u00e4. Siell\u00e4 tehd\u00e4\u00e4n nyt siihen mihin he uskovat ja se on hyv\u00e4.\u201d<\/p>\n<p class=\"wp-block-paragraph\">Gadot on kiitollinen Wonder Womanin roolista, mutta sanoo, ett\u00e4 se oli vain yksi keino edist\u00e4\u00e4 uraa.<\/p>\n<p>Lue my\u00f6s: <a href=\"https:\/\/www.episodi.fi\/uutiset\/gal-gadot-juoksee-epatoivoissaan-pitkin-lontoon-katuja-katso-traileri\/\" title=\"Gal Gadot juoksee ep\u00e4toivoissaan pitkin Lontoon katuja \u2013 katso traileri\" class=\"underline-custom !font-heading !font-bold !underline-offset-4 !decoration-4 !decoration-accent !text-md\" rel=\"nofollow noopener\" target=\"_blank\">Gal Gadot juoksee ep\u00e4toivoissaan pitkin Lontoon katuja \u2013 katso traileri<\/a><\/p>\n<p>Lue my\u00f6s: <a href=\"https:\/\/www.episodi.fi\/uutiset\/oscar-isaac-martin-scorsese-al-pacino-jason-momoa-john-malkovich-in-the-hand-of-dante-on-nyt-striimattavissa\/\" title=\"Oscar Isaac, Martin Scorsese, Al Pacino, Jason Momoa, John Malkovich! \u2013 In the Hand of Dante on nyt striimattavissa\" class=\"underline-custom !font-heading !font-bold !underline-offset-4 !decoration-4 !decoration-accent !text-md\" rel=\"nofollow noopener\" target=\"_blank\">Oscar Isaac, Martin Scorsese, Al Pacino, Jason Momoa, John Malkovich! \u2013 In the Hand of Dante on nyt striimattavissa<\/a><\/p>\n<p>Lue my\u00f6s: <a href=\"https:\/\/www.episodi.fi\/uutiset\/in-the-hand-of-dante-elokuva-sai-trailerin\/\" title=\"Oscar Isaac on aivan tulessa \u2013 In The Hand Of Dante -elokuva sai trailerin\" class=\"underline-custom !font-heading !font-bold !underline-offset-4 !decoration-4 !decoration-accent !text-md\" rel=\"nofollow noopener\" target=\"_blank\">Oscar Isaac on aivan tulessa \u2013 In The Hand Of Dante -elokuva sai trailerin<\/a><\/p>\n","protected":false},"excerpt":{"rendered":"The Wrap uutisoi haastattelusta, jonka Gal Gadot vastik\u00e4\u00e4n antoi. Siin\u00e4 n\u00e4yttelij\u00e4 kertoo mik\u00e4 sai h\u00e4net j\u00e4tt\u00e4m\u00e4\u00e4n Wonder Woman&hellip;\n","protected":false},"author":2,"featured_media":338225,"comment_status":"","ping_status":"","sticky":false,"template":"","format":"standard","meta":{"footnotes":"","_share_on_mastodon":"0"},"categories":[130],"tags":[179,137,33,31,30,25904,6302,180,32,109,23489],"class_list":["post-338224","post","type-post","status-publish","format-standard","has-post-thumbnail","category-viihde","tag-dc","tag-entertainment","tag-fi","tag-finland","tag-finnish","tag-gal-gadot","tag-ignostot","tag-james-gunn","tag-suomi","tag-viihde","tag-wonder-woman"],"share_on_mastodon":{"url":"https:\/\/pubeurope.com\/@fi\/117191949818009523","error":""},"_links":{"self":[{"href":"https:\/\/www.europesays.com\/fi\/wp-json\/wp\/v2\/posts\/338224","targetHints":{"allow":["GET"]}}],"collection":[{"href":"https:\/\/www.europesays.com\/fi\/wp-json\/wp\/v2\/posts"}],"about":[{"href":"https:\/\/www.europesays.com\/fi\/wp-json\/wp\/v2\/types\/post"}],"author":[{"embeddable":true,"href":"https:\/\/www.europesays.com\/fi\/wp-json\/wp\/v2\/users\/2"}],"replies":[{"embeddable":true,"href":"https:\/\/www.europesays.com\/fi\/wp-json\/wp\/v2\/comments?post=338224"}],"version-history":[{"count":0,"href":"https:\/\/www.europesays.com\/fi\/wp-json\/wp\/v2\/posts\/338224\/revisions"}],"wp:featuredmedia":[{"embeddable":true,"href":"https:\/\/www.europesays.com\/fi\/wp-json\/wp\/v2\/media\/338225"}],"wp:attachment":[{"href":"https:\/\/www.europesays.com\/fi\/wp-json\/wp\/v2\/media?parent=338224"}],"wp:term":[{"taxonomy":"category","embeddable":true,"href":"https:\/\/www.europesays.com\/fi\/wp-json\/wp\/v2\/categories?post=338224"},{"taxonomy":"post_tag","embeddable":true,"href":"https:\/\/www.europesays.com\/fi\/wp-json\/wp\/v2\/tags?post=338224"}],"curies":[{"name":"wp","href":"https:\/\/api.w.org\/{rel}","templated":true}]}}