{"id":338234,"date":"2026-08-31T20:35:13","date_gmt":"2026-08-31T20:35:13","guid":{"rendered":"https:\/\/www.europesays.com\/fi\/338234\/"},"modified":"2026-08-31T20:35:13","modified_gmt":"2026-08-31T20:35:13","slug":"pepe-willberg-tayttaa-joulukuussa-80-vuotta-merkkipaalua-juhlistetaan-kolmentoista-keikan-kiertueella","status":"publish","type":"post","link":"https:\/\/www.europesays.com\/fi\/338234\/","title":{"rendered":"Pepe Willberg t\u00e4ytt\u00e4\u00e4 joulukuussa 80 vuotta \u2013 merkkipaalua juhlistetaan kolmentoista keikan kiertueella"},"content":{"rendered":"<p class=\"wp-block-paragraph\">Pepe Willberg aloitti 80-vuotisjuhlallisuutensa jo viime vuoden lopulla, ja joulukuussa sitten koittaa se todellinen H-hetki. 17. joulukuuta armoitetulle tulkitsijalle tulee mittariin py\u00f6re\u00e4t 80 vuotta, ja t\u00e4m\u00e4n tiimoilta on syksylle buukattu kolmentoista keikan kiertue. Varsinaisena juhlap\u00e4iv\u00e4n\u00e4 mies esiintyy Helsingin Finlandia-talossa.<\/p>\n<p class=\"wp-block-paragraph\">\u201dJuhlavuoden isot konsertit ovat kova ponnistus, mutta olen innoissani siit\u00e4, ett\u00e4 jaksan viel\u00e4 l\u00e4hte\u00e4 liikkeelle. Musiikki ja laulaminen kiinnostavat ja innostavat yh\u00e4 ja minulla on viel\u00e4 halua kehitt\u00e4\u00e4 laulutaitoakin. Lis\u00e4ksi nautin vuorovaikutukseta yleis\u00f6n kanssa\u201d, Willberg kertoo tiedotteessa.<\/p>\n<p>Syksyn El\u00e4m\u00e4lt\u00e4 kaiken sain -konserteissa kuullaan Pepen levytt\u00e4mi\u00e4 kappaleita aina uran alusta 1960-luvulta aina t\u00e4h\u00e4n p\u00e4iv\u00e4\u00e4n. Mukana on hittien lis\u00e4ksi harvemmin esitettyj\u00e4 kappaleita sek\u00e4 tenoriaarioitakin.<\/p>\n<p>\u201dOhjelmistossa on runsaudenpulaa, koska olen mielest\u00e4ni levytt\u00e4nyt vain hyvi\u00e4 lauluja\u201d, Willberg sanoo.<\/p>\n<p>Useimmilla syksyn keikoilla artistia s\u00e4est\u00e4\u00e4 Juhlaorkesteri, jossa soittaa Willbergin kanssa vuosien varrella yhteisty\u00f6t\u00e4 tehneit\u00e4 muusikoita. Kokoonpanoa t\u00e4ydent\u00e4v\u00e4t puhaltajat ja jousikvartetti. Osa konserteista on j\u00e4rjestetty eri kaupunginorkesterien kanssa. Katso keikka-aikataulu alempaa:<br \/>26.9. Uusikaupunki Areena<br \/>1.10. Vaasa (Vaasan kaupunginorkesteri)\u00a0<br \/>14.10. Lahti, Sibeliustalo<br \/>23.10. Jyv\u00e4skyl\u00e4, Paviljonki<br \/>24.10. Kuopion Musiikkikeskus<br \/>5.11. Kuusamotalo (Rovaniemen kaupunginorkesteri)<br \/>6.11. Rovaniemi (Rovaniemen kaupunginorkesteri)\u00a0<br \/>14.11. Oulu, Madetojan sali\u00a0<br \/>22.11. H\u00e4meenlinna, Verkatehdas<br \/>25.11. Tampere, Tampere-talo<br \/>27.11. Pori, Promendadi-keskus (Porin kaupunginorkesteri)<br \/>17.12. Helsinki, Finlandia-talo<br \/>19.12. Turku, Musiikkitalo Fuuga<\/p>\n","protected":false},"excerpt":{"rendered":"Pepe Willberg aloitti 80-vuotisjuhlallisuutensa jo viime vuoden lopulla, ja joulukuussa sitten koittaa se todellinen H-hetki. 17. joulukuuta armoitetulle&hellip;\n","protected":false},"author":2,"featured_media":338235,"comment_status":"","ping_status":"","sticky":false,"template":"","format":"standard","meta":{"footnotes":"","_share_on_mastodon":"0"},"categories":[132],"tags":[137,33,31,30,195,47,32,109],"class_list":["post-338234","post","type-post","status-publish","format-standard","has-post-thumbnail","category-musiikki","tag-entertainment","tag-fi","tag-finland","tag-finnish","tag-music","tag-musiikki","tag-suomi","tag-viihde"],"share_on_mastodon":{"url":"https:\/\/pubeurope.com\/@fi\/117192040404504909","error":""},"_links":{"self":[{"href":"https:\/\/www.europesays.com\/fi\/wp-json\/wp\/v2\/posts\/338234","targetHints":{"allow":["GET"]}}],"collection":[{"href":"https:\/\/www.europesays.com\/fi\/wp-json\/wp\/v2\/posts"}],"about":[{"href":"https:\/\/www.europesays.com\/fi\/wp-json\/wp\/v2\/types\/post"}],"author":[{"embeddable":true,"href":"https:\/\/www.europesays.com\/fi\/wp-json\/wp\/v2\/users\/2"}],"replies":[{"embeddable":true,"href":"https:\/\/www.europesays.com\/fi\/wp-json\/wp\/v2\/comments?post=338234"}],"version-history":[{"count":0,"href":"https:\/\/www.europesays.com\/fi\/wp-json\/wp\/v2\/posts\/338234\/revisions"}],"wp:featuredmedia":[{"embeddable":true,"href":"https:\/\/www.europesays.com\/fi\/wp-json\/wp\/v2\/media\/338235"}],"wp:attachment":[{"href":"https:\/\/www.europesays.com\/fi\/wp-json\/wp\/v2\/media?parent=338234"}],"wp:term":[{"taxonomy":"category","embeddable":true,"href":"https:\/\/www.europesays.com\/fi\/wp-json\/wp\/v2\/categories?post=338234"},{"taxonomy":"post_tag","embeddable":true,"href":"https:\/\/www.europesays.com\/fi\/wp-json\/wp\/v2\/tags?post=338234"}],"curies":[{"name":"wp","href":"https:\/\/api.w.org\/{rel}","templated":true}]}}