{"id":338236,"date":"2026-08-31T20:38:10","date_gmt":"2026-08-31T20:38:10","guid":{"rendered":"https:\/\/www.europesays.com\/fi\/338236\/"},"modified":"2026-08-31T20:38:10","modified_gmt":"2026-08-31T20:38:10","slug":"nyt-puhuu-mm-frisbeegolfin-kyseenalaisimman-tilanteen-aiheuttaja-olen-ylpea-itsestani-urheilu","status":"publish","type":"post","link":"https:\/\/www.europesays.com\/fi\/338236\/","title":{"rendered":"Nyt puhuu MM-frisbeegolfin kyseenalaisimman tilanteen aiheuttaja: &#8221;Olen ylpe\u00e4 itsest\u00e4ni&#8221; | Urheilu"},"content":{"rendered":"<p>Frisbeegolfin MM-kisojen avoimen luokan kultakamppailu sai dramaattisen k\u00e4\u00e4nteen toiseksi viimeisell\u00e4 v\u00e4yl\u00e4ll\u00e4 sunnuntai-iltana Suomen aikaa. Jo mitalimahdollisuutensa menett\u00e4nyt USA:n <strong>Aaron Gossage<\/strong> huomautti samassa kortissa pelanneen Latvian <strong>Rainers Balodiksen<\/strong> sortuneen s\u00e4\u00e4nt\u00f6rikkeeseen.<\/p>\n<p>Balodikselle tuomittiin jalkavirhe, joten h\u00e4n putosi tasoihin <strong>Silas Schultzin<\/strong> kanssa. Schultz nousi lopulta kilpailun voittoon uusintav\u00e4yl\u00e4ll\u00e4.<\/p>\n<p>Tilanteessa Gossage vaikutti olevan pahoillaan siit\u00e4, ett\u00e4 joutuu huomauttamaan rikkeest\u00e4. L\u00e4hetyksen perusteella h\u00e4n totesi, ett\u00e4 oli havainnut Balodiksen jalkater\u00e4n osuneen v\u00e4\u00e4r\u00e4\u00e4n paikkaan eik\u00e4 voinut olla huomauttamatta asiasta.<\/p>\n<p>Tapaus on her\u00e4tt\u00e4nyt parranp\u00e4rin\u00e4\u00e4 yhdysvaltalaisia keskustelupalstoja my\u00f6ten. Osa lajiv\u00e4est\u00e4 on mielt\u00e4nyt sin\u00e4ll\u00e4\u00e4n pyk\u00e4lien mukaan menneen toiminnan oikeusmurhaksi \u2013 aivan kuten Ylen asiantuntija-kommentaattori <strong>Heikki Soini<\/strong>.<\/p>\n<p><strong class=\"diks-storyline__impact\">Kilpailussa<\/strong> kymmenenneksi p\u00e4\u00e4tynyt Gossage selitti toimintaansa Instagram-tililleen lataamallaan videolla:<\/p>\n<p>\u2013\u2009En ajatellut, kuka teki virheen enk\u00e4 sit\u00e4, mit\u00e4 j\u00e4lkivaikutuksia sill\u00e4 olisi kilpailuun. Ajattelin vain, ett\u00e4 n\u00e4in jalkavirheen ja ett\u00e4 minun t\u00e4ytyy ilmoittaa siit\u00e4.<\/p>\n<p>\u2013\u2009Katsoin is\u00e4\u00e4ni ja tuplavarmistin, etten tullut hulluksi ja n\u00e4hnyt omiani. H\u00e4n sanoi samaa ja ny\u00f6kk\u00e4si. Tiesin, ett\u00e4 se oli jalkavirhe.<\/p>\n<p>Gossage jatkaa ilmoittaneensa asiasta niin nopeasti kuin pystyi. L\u00e4hetyksen perusteella Gossage marssikin pikimmiten pelialueelle ja ilmoitti hienovaraisesti rikkeest\u00e4.<\/p>\n<p>\u2013\u2009Olen ylpe\u00e4 itsest\u00e4ni, ett\u00e4 tein sen, mihin uskon. Minusta s\u00e4\u00e4nt\u00f6j\u00e4 pit\u00e4\u00e4 valvoa. Rikkeist\u00e4 pit\u00e4\u00e4 sanoa, kun niit\u00e4 tapahtuu, Gossage puolustelee ja moittii frisbeegolfin vaillinaista kurinpitoa. H\u00e4n viittaa siihen, ett\u00e4 pelaajaryhm\u00e4 tuomitsee tilanteita kesken\u00e4\u00e4n, toki esimerkiksi ratarajoja valvovien ratavalvojien avustamina.<\/p>\n<p>Gossage ei usko Balodiksen yritt\u00e4neen huijata. H\u00e4nest\u00e4 selv\u00e4\u00e4 on se, ett\u00e4 Balodis sai kilpailullista etua astumalla hiukan sivuun oikeasta heittopaikasta.<\/p>\n<p>\u2013\u2009Tekoni oli oikea sill\u00e4 hetkell\u00e4. Tietysti oli s\u00e4\u00e4li, ett\u00e4 kilpailu k\u00e4\u00e4ntyi t\u00e4ll\u00e4 tavalla. Pyyd\u00e4n anteeksi niilt\u00e4 faneilta, jotka ajattelevat, ett\u00e4 pilasin MM-kisat.<\/p>\n","protected":false},"excerpt":{"rendered":"Frisbeegolfin MM-kisojen avoimen luokan kultakamppailu sai dramaattisen k\u00e4\u00e4nteen toiseksi viimeisell\u00e4 v\u00e4yl\u00e4ll\u00e4 sunnuntai-iltana Suomen aikaa. Jo mitalimahdollisuutensa menett\u00e4nyt USA:n&hellip;\n","protected":false},"author":2,"featured_media":338237,"comment_status":"","ping_status":"","sticky":false,"template":"","format":"standard","meta":{"footnotes":"","_share_on_mastodon":"0"},"categories":[158],"tags":[33,31,30,2675,41,103,159,32,160,161,796],"class_list":["post-338236","post","type-post","status-publish","format-standard","has-post-thumbnail","category-urheilu","tag-fi","tag-finland","tag-finnish","tag-instagram","tag-liikunta-ja-urheilu","tag-sosiaalikysymykset","tag-sports","tag-suomi","tag-urheilu","tag-urheilutapahtumat","tag-yhteiskunta"],"share_on_mastodon":{"url":"https:\/\/pubeurope.com\/@fi\/117192052354300610","error":""},"_links":{"self":[{"href":"https:\/\/www.europesays.com\/fi\/wp-json\/wp\/v2\/posts\/338236","targetHints":{"allow":["GET"]}}],"collection":[{"href":"https:\/\/www.europesays.com\/fi\/wp-json\/wp\/v2\/posts"}],"about":[{"href":"https:\/\/www.europesays.com\/fi\/wp-json\/wp\/v2\/types\/post"}],"author":[{"embeddable":true,"href":"https:\/\/www.europesays.com\/fi\/wp-json\/wp\/v2\/users\/2"}],"replies":[{"embeddable":true,"href":"https:\/\/www.europesays.com\/fi\/wp-json\/wp\/v2\/comments?post=338236"}],"version-history":[{"count":0,"href":"https:\/\/www.europesays.com\/fi\/wp-json\/wp\/v2\/posts\/338236\/revisions"}],"wp:featuredmedia":[{"embeddable":true,"href":"https:\/\/www.europesays.com\/fi\/wp-json\/wp\/v2\/media\/338237"}],"wp:attachment":[{"href":"https:\/\/www.europesays.com\/fi\/wp-json\/wp\/v2\/media?parent=338236"}],"wp:term":[{"taxonomy":"category","embeddable":true,"href":"https:\/\/www.europesays.com\/fi\/wp-json\/wp\/v2\/categories?post=338236"},{"taxonomy":"post_tag","embeddable":true,"href":"https:\/\/www.europesays.com\/fi\/wp-json\/wp\/v2\/tags?post=338236"}],"curies":[{"name":"wp","href":"https:\/\/api.w.org\/{rel}","templated":true}]}}