{"id":338252,"date":"2026-08-31T21:01:11","date_gmt":"2026-08-31T21:01:11","guid":{"rendered":"https:\/\/www.europesays.com\/fi\/338252\/"},"modified":"2026-08-31T21:01:11","modified_gmt":"2026-08-31T21:01:11","slug":"eras-suomen-suurimmista-metalliyhtyeista-tayttaa-30-vuotta-juhlakokoelma-tulossa-rumba-fi","status":"publish","type":"post","link":"https:\/\/www.europesays.com\/fi\/338252\/","title":{"rendered":"Er\u00e4s Suomen suurimmista metalliyhtyeist\u00e4 t\u00e4ytt\u00e4\u00e4 30 vuotta \u2013 juhlakokoelma tulossa &#8211; Rumba.fi"},"content":{"rendered":"<ol>\n<li><a href=\"https:\/\/news.google.com\/rss\/articles\/CBMirwFBVV95cUxQWkp5MEFFZnBZYk9ENTRGeXRncXRQYjlzVGZQSmwxaFhIZlJGZFhXWERLV29Yc0c2c0FkMkU4ZEFHSnlTTkUxNXRfa2NOelBYY24yRWlTSzdTemtjZlJYcC1QVWJRb3UtelRmdG9Sa3VzQmMxX1Z6Rk40SHFkb2Nza2JWZWpfbm9rek42R1d0RzRLaVZJMWFuVllIZnJfcDRWQUw3TVVyR2c5WmI4WFU4?oc=5\" target=\"_blank\" rel=\"nofollow noopener\">Er\u00e4s Suomen suurimmista metalliyhtyeist\u00e4 t\u00e4ytt\u00e4\u00e4 30 vuotta \u2013 juhlakokoelma tulossa<\/a>&nbsp;&nbsp;Rumba.fi<\/li>\n<li><a href=\"https:\/\/news.google.com\/rss\/articles\/CBMiW0FVX3lxTE9SeEtEUmphbWxQTE5rOWg0Mmw2VlBOWThtTzFsbTdLYzJrWlQ2Y0h3Rk9BczB5S2VOZEJDSmpMejFGR0RzeXltc2lRV0FvZTloSlpUa1hsVjlLTHM?oc=5\" target=\"_blank\" rel=\"nofollow noopener\">Tuomas Holopainen: Nightwish palaa<\/a>&nbsp;&nbsp;is.fi<\/li>\n<li><a href=\"https:\/\/news.google.com\/rss\/articles\/CBMiQkFVX3lxTE16b0gtampYTm1KX2RyWTROdDA2TmhGNUpsLVBkbkFUQVZPaG1OYTZxdmt6VFlZT2hCM052MFlVcUFnUQ?oc=5\" target=\"_blank\" rel=\"nofollow noopener\">Nightwish palaa tauoltaan ensi vuonna \u2013 Tuomas Holopainen brittilehdelle: uusia biisej\u00e4 jo valmiina<\/a>&nbsp;&nbsp;Yle<\/li>\n<li><a href=\"https:\/\/news.google.com\/rss\/articles\/CBMi3gFBVV95cUxNZXZ1UWVzMVhUaXRaZ2ZHX3N1eEFqOFlsakpmNWJSTW9vQkJ4RGxuNWk4dUlDSGk5OWlodm5UbGwtMzNwQ1dxTUNNZElmNnZjRTJUaHoyQnJKSEZ1RVUySG5fdXZIc0J4RDE2MjBUdmxIejFRMzk2TlNCVTUtTWU3X1VmQklTOVdYQV9iempMVldoS1h5UzdVN0p1ekdCN2JkUF9yT0ZGQlVRYVBVWlBvS3FCYm55elBPTHVTT2dxVW5oVVBpbmpmUEZuRzFuYjc0dkVKLUpqM2NCNWh1NGc?oc=5\" target=\"_blank\" rel=\"nofollow noopener\">T\u00e4llaisessa keikkavedossa Nightwish oli vuonna 2022 \u2013 n\u00e4ytt\u00e4v\u00e4 livevideo julki, muhkea kokoelma luvassa loppuvuodesta<\/a>&nbsp;&nbsp;Soundi<\/li>\n<li><a href=\"https:\/\/news.google.com\/rss\/articles\/CBMilAJBVV95cUxORE8tLTJINEc3Rk4zRWRITzZrSTA2a3BidWJFWGVIYjhSQUk0eXdHaFhib1d3RmxuR1JZdmNial9wbXhXQWlqU1pOTUJGV0lWbnE4dThpd09wUzN1Q3gxbzdValc5ZF85XzdEdnpsWnhSRk5fUVNYcVk4TDlhbWJLRGJ4N3BNVXJWTF9zQThFdFNhdmptMDJNenhJLVhyR29naUowbFVUV3dSdTZzUnpWQ3g0MkFhU3RCVmlKaDdQTlNCaC1tVkJiajlvc183MVFjZXNadkotY3RRdmUxM2o0MDdNMjZRY3dzcmxMSXBQTTFzcmVEc05lSDg4dGRwcVRibWlsSW44b0RseWNnc0wweVVyc1o?oc=5\" target=\"_blank\" rel=\"nofollow noopener\">\u201cNightwish astuu studioon vuonna 2027\u201d \u2013 Videohaastattelussa Tuomas Holopainen puhuu el\u00e4m\u00e4st\u00e4, Kiteest\u00e4, 30 vuodesta sinfonista metallia ja uusien albumien suunnitelmista<\/a>&nbsp;&nbsp;Kaaoszine<\/li>\n<\/ol>\n","protected":false},"excerpt":{"rendered":"Er\u00e4s Suomen suurimmista metalliyhtyeist\u00e4 t\u00e4ytt\u00e4\u00e4 30 vuotta \u2013 juhlakokoelma tulossa&nbsp;&nbsp;Rumba.fi Tuomas Holopainen: Nightwish palaa&nbsp;&nbsp;is.fi Nightwish palaa tauoltaan ensi&hellip;\n","protected":false},"author":2,"featured_media":338253,"comment_status":"","ping_status":"","sticky":false,"template":"","format":"standard","meta":{"footnotes":"","_share_on_mastodon":"0"},"categories":[132],"tags":[137,33,31,30,195,47,32,109],"class_list":["post-338252","post","type-post","status-publish","format-standard","has-post-thumbnail","category-musiikki","tag-entertainment","tag-fi","tag-finland","tag-finnish","tag-music","tag-musiikki","tag-suomi","tag-viihde"],"share_on_mastodon":{"url":"https:\/\/pubeurope.com\/@fi\/117192142786306405","error":""},"_links":{"self":[{"href":"https:\/\/www.europesays.com\/fi\/wp-json\/wp\/v2\/posts\/338252","targetHints":{"allow":["GET"]}}],"collection":[{"href":"https:\/\/www.europesays.com\/fi\/wp-json\/wp\/v2\/posts"}],"about":[{"href":"https:\/\/www.europesays.com\/fi\/wp-json\/wp\/v2\/types\/post"}],"author":[{"embeddable":true,"href":"https:\/\/www.europesays.com\/fi\/wp-json\/wp\/v2\/users\/2"}],"replies":[{"embeddable":true,"href":"https:\/\/www.europesays.com\/fi\/wp-json\/wp\/v2\/comments?post=338252"}],"version-history":[{"count":0,"href":"https:\/\/www.europesays.com\/fi\/wp-json\/wp\/v2\/posts\/338252\/revisions"}],"wp:featuredmedia":[{"embeddable":true,"href":"https:\/\/www.europesays.com\/fi\/wp-json\/wp\/v2\/media\/338253"}],"wp:attachment":[{"href":"https:\/\/www.europesays.com\/fi\/wp-json\/wp\/v2\/media?parent=338252"}],"wp:term":[{"taxonomy":"category","embeddable":true,"href":"https:\/\/www.europesays.com\/fi\/wp-json\/wp\/v2\/categories?post=338252"},{"taxonomy":"post_tag","embeddable":true,"href":"https:\/\/www.europesays.com\/fi\/wp-json\/wp\/v2\/tags?post=338252"}],"curies":[{"name":"wp","href":"https:\/\/api.w.org\/{rel}","templated":true}]}}