{"id":338260,"date":"2026-08-31T21:09:12","date_gmt":"2026-08-31T21:09:12","guid":{"rendered":"https:\/\/www.europesays.com\/fi\/338260\/"},"modified":"2026-08-31T21:09:12","modified_gmt":"2026-08-31T21:09:12","slug":"julma-lapsiavioliitto-paljastui-aikuinen-mies-raiskasi-13-vuotiasta-vaimoaan-vuosia","status":"publish","type":"post","link":"https:\/\/www.europesays.com\/fi\/338260\/","title":{"rendered":"Julma lapsiavioliitto paljastui: Aikuinen mies raiskasi 13-vuotiasta \u201dvaimoaan\u201d vuosia"},"content":{"rendered":"<p>Turun hovioikeus kovensi nelikymppiselle miehelle tuomittua vankeusrangaistusta, koska h\u00e4nen katsottiin syyllistyneen my\u00f6s seksuaalirikokseen.<\/p>\n<p><img decoding=\"async\" class=\"image image-show image-preview\" src=\"https:\/\/www.europesays.com\/fi\/wp-content\/uploads\/2026\/08\/1ccf62fb02489c6f7aa60ace8b82e0cc81c16efb3dcc69e4eb93483d93901cbf.jpg\" alt=\"\"\/><img decoding=\"async\" class=\"image image-show\" src=\"https:\/\/www.europesays.com\/fi\/wp-content\/uploads\/2026\/08\/1788210552_393_1ccf62fb02489c6f7aa60ace8b82e0cc81c16efb3dcc69e4eb93483d93901cbf.jpg\" alt=\"\"\/><\/p>\n<p>Turun hovioikeus katsoi, ett\u00e4 mies raiskasi lapsena avioliittoon pakotettua tytt\u00f6\u00e4 vuosien ajan. Jatta Lapinkangas<\/p>\n<p class=\"paragraph\">Suomessa paljastui julma lapsiavioliitto. 13-vuotias tytt\u00f6 pakotettiin vuosikymmenen perhehelvettiin t\u00e4ysi-ik\u00e4isen irakilaismiehen kanssa.<\/p>\n<p class=\"paragraph\">Mies oli avioliiton solmimisen aikaan 20-vuotias.<\/p>\n<p class=\"paragraph\">Asiaa on nyt k\u00e4sitelty kahdessa eri oikeusasteessa. Toisin kuin k\u00e4r\u00e4j\u00e4oikeus, Turun hovioikeus katsoi, ett\u00e4 nykyisin 38-vuotias mies raiskasi tytt\u00f6\u00e4 viiden vuoden ajan. T\u00e4st\u00e4 syyst\u00e4 se kovensi h\u00e4nelle tuomittua vankeusrangaistusta yli seitsem\u00e4n vuoden vankeusrangaistukseksi.<\/p>\n<p class=\"paragraph\">Avioliitto miehen ja lapsen v\u00e4lill\u00e4 solmittiin vuonna 2008 Kreikassa. Avioliitosta oli sovittu sukulaisten kesken, eik\u00e4 tyt\u00f6n mielipidett\u00e4 kysytty.<\/p>\n<p class=\"paragraph\">Tytt\u00f6 sai ensimm\u00e4isen lapsen miehen kanssa vuonna 2010 ollessaan 15-vuotias ja toisen lapsen vuonna 2012. Tuolloin perhe muutti Irakista Suomeen.<\/p>\n<p class=\"paragraph\">Suomessa mies painosti tytt\u00f6\u00e4 valehtelemaan, ettei esikoinen ole h\u00e4nen biologinen lapsensa.<\/p>\n<p class=\"paragraph\">T\u00e4m\u00e4 tehtiin, jotta lapsiavioliitto ei paljastuisi.<\/p>\n<p>Vuosien seksuaaliv\u00e4kivalta<\/p>\n<p class=\"paragraph\">Mies v\u00e4itti tyt\u00f6lle, ett\u00e4 seksi on \u201daviomiehen oikeus\u201d, lasten hankkiminen \u201dvaimon velvollisuus\u201d, ja v\u00e4itti t\u00e4m\u00e4n joutuvan helvettiin, jos h\u00e4n kielt\u00e4ytyisi seksist\u00e4 aviomiehens\u00e4 kanssa.<\/p>\n<p class=\"paragraph\">Viimeinen lapsi syntyi vuonna 2014, jolloin tytt\u00f6 oli varttunut 19-vuotiaaksi naiseksi.<\/p>\n<p class=\"paragraph\">Syksyll\u00e4 2017 nainen laittoi avioerohakemuksen vireille. Mies kaappasi lapset laivalla Tukholman kautta Irakiin ilman \u00e4idin suostumusta.<\/p>\n<p class=\"paragraph\">Miehen laittoman toiminnan vuoksi lapset joutuivat vuosiksi eroon \u00e4idist\u00e4\u00e4n.<\/p>\n<p class=\"paragraph\">Mies otettiin kiinni eurooppalaisen pid\u00e4tysm\u00e4\u00e4r\u00e4yksen perusteella elokuussa 2024, ja lapset palautettiin Suomeen \u00e4idilleen.<\/p>\n<p class=\"paragraph\">Irakissa ollessaan lapset olivat altistuneet muun muassa henkiselle ja fyysiselle v\u00e4kivallalle.<\/p>\n<p>Tytt\u00f6 pelk\u00e4si<\/p>\n<p class=\"paragraph\">K\u00e4r\u00e4j\u00e4oikeus tuomitsi miehen kev\u00e4\u00e4ll\u00e4 2025 t\u00f6rke\u00e4st\u00e4 ihmiskaupasta, t\u00f6rke\u00e4st\u00e4 vapaudenriistosta ja lapsikaappauksesta kuuden vuoden ja kuuden kuukauden vankeusrangaistukseen.<\/p>\n<p class=\"paragraph\">Turun hovioikeus katsoo nyt ratkaisussaan, ett\u00e4 mies syyllistyi n\u00e4iden rikosten lis\u00e4ksi my\u00f6s raiskaukseen, joka kesti toukokuusta 2012 lokakuuhun 2017.<\/p>\n<p class=\"paragraph\">Rikoksen tekoaika alkaa siit\u00e4, kun mies muutti tuolloin teini-ik\u00e4isen lapsimorsiamensa kanssa Suomeen.<\/p>\n<p class=\"paragraph\">Rikos tapahtui aiemman seksuaalirikoslain ollessa voimassa. Aiemmin k\u00e4r\u00e4j\u00e4oikeus hylk\u00e4si syytteen raiskauksesta, koska sen mukaan teoissa ei k\u00e4ytetty hyv\u00e4ksi v\u00e4kivaltaa tai sen uhkaa. Hovioikeus oli t\u00e4st\u00e4 t\u00e4ysin eri linjoilla.<\/p>\n<p class=\"paragraph\">Sen mukaan raiskaukseen kuului lukuisia sukupuoliyhteyksi\u00e4, joissa mies oli k\u00e4ytt\u00e4nyt hyv\u00e4kseen uhrin pelkotilaa. Asiassa tuli n\u00e4ytetyksi, ett\u00e4 mies oli v\u00e4kivaltainen ja uhkaili tytt\u00f6\u00e4 seksiin.<\/p>\n<p class=\"paragraph\">Miehen rangaistusta korotettiin seitsem\u00e4ksi vuodeksi ja kahdeksi kuukaudeksi vankeutta.<\/p>\n<p class=\"paragraph\">K\u00e4r\u00e4j\u00e4oikeudessa mies velvoitettiin korvaamaan naiselle 42\u202f000 sek\u00e4 kullekin lapselle 16\u202f000 euroa vapaudenriiston aiheuttamasta k\u00e4rsimyksest\u00e4. Hovioikeus kuitenkin katsoi, ettei miehen tule maksaa lasten \u00e4idille, koska rikos kohdistui lapsiin. Hovioikeuden mukaan \u00e4iti\u00e4 ei voitu pit\u00e4\u00e4 rikosten asianomistajana.<\/p>\n<p class=\"paragraph\">Mies joutuu kuitenkin korvaamaan naiselle 7 000 euroa lapsikaappauksen aiheuttamasta k\u00e4rsimyksest\u00e4.<\/p>\n<p class=\"paragraph\">Iltalehti ei julkaise tuomitun nime\u00e4 rikosten uhrien yksityisyyden suojelemiseksi.<\/p>\n","protected":false},"excerpt":{"rendered":"Turun hovioikeus kovensi nelikymppiselle miehelle tuomittua vankeusrangaistusta, koska h\u00e4nen katsottiin syyllistyneen my\u00f6s seksuaalirikokseen. Turun hovioikeus katsoi, ett\u00e4 mies&hellip;\n","protected":false},"author":2,"featured_media":338261,"comment_status":"","ping_status":"","sticky":false,"template":"","format":"standard","meta":{"footnotes":"","_share_on_mastodon":"0"},"categories":[14],"tags":[35,22,23,26,27,33,31,30,17,101,99,100,24,25,28,29,15,18,21,98,38,32,19,20,56,16,59,60,61],"class_list":["post-338260","post","type-post","status-publish","format-standard","has-post-thumbnail","category-ulkomaat","tag-24h","tag-breaking-news","tag-breakingnews","tag-featured-news","tag-featurednews","tag-fi","tag-finland","tag-finnish","tag-headlines","tag-ihmissuhteet","tag-lapset","tag-lapset-ja-nuoret","tag-latest-news","tag-latestnews","tag-main-news","tag-mainnews","tag-news","tag-otsikot","tag-paauutiset","tag-perhe","tag-rikos","tag-suomi","tag-top-stories","tag-topstories","tag-ulkomaat","tag-uutiset","tag-world","tag-world-news","tag-worldnews"],"share_on_mastodon":{"url":"https:\/\/pubeurope.com\/@fi\/117192174681897535","error":""},"_links":{"self":[{"href":"https:\/\/www.europesays.com\/fi\/wp-json\/wp\/v2\/posts\/338260","targetHints":{"allow":["GET"]}}],"collection":[{"href":"https:\/\/www.europesays.com\/fi\/wp-json\/wp\/v2\/posts"}],"about":[{"href":"https:\/\/www.europesays.com\/fi\/wp-json\/wp\/v2\/types\/post"}],"author":[{"embeddable":true,"href":"https:\/\/www.europesays.com\/fi\/wp-json\/wp\/v2\/users\/2"}],"replies":[{"embeddable":true,"href":"https:\/\/www.europesays.com\/fi\/wp-json\/wp\/v2\/comments?post=338260"}],"version-history":[{"count":0,"href":"https:\/\/www.europesays.com\/fi\/wp-json\/wp\/v2\/posts\/338260\/revisions"}],"wp:featuredmedia":[{"embeddable":true,"href":"https:\/\/www.europesays.com\/fi\/wp-json\/wp\/v2\/media\/338261"}],"wp:attachment":[{"href":"https:\/\/www.europesays.com\/fi\/wp-json\/wp\/v2\/media?parent=338260"}],"wp:term":[{"taxonomy":"category","embeddable":true,"href":"https:\/\/www.europesays.com\/fi\/wp-json\/wp\/v2\/categories?post=338260"},{"taxonomy":"post_tag","embeddable":true,"href":"https:\/\/www.europesays.com\/fi\/wp-json\/wp\/v2\/tags?post=338260"}],"curies":[{"name":"wp","href":"https:\/\/api.w.org\/{rel}","templated":true}]}}