{"id":338266,"date":"2026-08-31T21:27:13","date_gmt":"2026-08-31T21:27:13","guid":{"rendered":"https:\/\/www.europesays.com\/fi\/338266\/"},"modified":"2026-08-31T21:27:13","modified_gmt":"2026-08-31T21:27:13","slug":"alypaa-keksi-varastaa-ambulanssin-keikkapaikalta-kesken-avenged-sevenfoldin-ja-good-charlotten-konsertin","status":"publish","type":"post","link":"https:\/\/www.europesays.com\/fi\/338266\/","title":{"rendered":"\u00c4lyp\u00e4\u00e4 keksi varastaa ambulanssin keikkapaikalta kesken Avenged Sevenfoldin ja Good Charlotten konsertin"},"content":{"rendered":"<p class=\"wp-block-paragraph\">Arizonan poliisi pid\u00e4tti yhden henkil\u00f6n ambulanssin varastamisesta ja kolaroimisesta torstaina. H\u00e4lytysajoneuvo oli parkkeerattu Avenged Sevenfoldin\u00a0ja\u00a0Good Charlotten keikkapaikkana toimineen Talking Sticks Amphitheatre and Resortin ulkopuolelle.<\/p>\n<p class=\"wp-block-paragraph\">Poliisin mukaan 24-vuotias Grace Vicente nyysi ambulanssi yhdentoista aikaan illalla, ja t\u00f6rm\u00e4si sill\u00e4 lyhyen matkaa ajettuaan toiseen ajoneuvoon. Ambulanssissa oli varkauden aikaan avaimet valmiiksi sis\u00e4ll\u00e4, sill\u00e4 se oli kutsuttu keikkapaikalle ty\u00f6teht\u00e4viin.<\/p>\n<p class=\"wp-block-paragraph\">Vicente p\u00e4\u00e4tyi viranomaisten hell\u00e4\u00e4n haltuun ja h\u00e4nt\u00e4 syytet\u00e4\u00e4n nyt rattijuopumuksesta ja autovarkaudesta. Kolarin toinen osapuoli sai ryt\u00e4k\u00e4ss\u00e4 vammoja, joita varten h\u00e4net vietiin sairaalaan. Uhrilla ei ole kuitenkaan hengenvaaraa.<\/p>\n","protected":false},"excerpt":{"rendered":"Arizonan poliisi pid\u00e4tti yhden henkil\u00f6n ambulanssin varastamisesta ja kolaroimisesta torstaina. H\u00e4lytysajoneuvo oli parkkeerattu Avenged Sevenfoldin\u00a0ja\u00a0Good Charlotten keikkapaikkana toimineen&hellip;\n","protected":false},"author":2,"featured_media":338267,"comment_status":"","ping_status":"","sticky":false,"template":"","format":"standard","meta":{"footnotes":"","_share_on_mastodon":"0"},"categories":[132],"tags":[137,33,31,30,195,47,32,109],"class_list":["post-338266","post","type-post","status-publish","format-standard","has-post-thumbnail","category-musiikki","tag-entertainment","tag-fi","tag-finland","tag-finnish","tag-music","tag-musiikki","tag-suomi","tag-viihde"],"share_on_mastodon":{"url":"https:\/\/pubeurope.com\/@fi\/117192244724531007","error":""},"_links":{"self":[{"href":"https:\/\/www.europesays.com\/fi\/wp-json\/wp\/v2\/posts\/338266","targetHints":{"allow":["GET"]}}],"collection":[{"href":"https:\/\/www.europesays.com\/fi\/wp-json\/wp\/v2\/posts"}],"about":[{"href":"https:\/\/www.europesays.com\/fi\/wp-json\/wp\/v2\/types\/post"}],"author":[{"embeddable":true,"href":"https:\/\/www.europesays.com\/fi\/wp-json\/wp\/v2\/users\/2"}],"replies":[{"embeddable":true,"href":"https:\/\/www.europesays.com\/fi\/wp-json\/wp\/v2\/comments?post=338266"}],"version-history":[{"count":0,"href":"https:\/\/www.europesays.com\/fi\/wp-json\/wp\/v2\/posts\/338266\/revisions"}],"wp:featuredmedia":[{"embeddable":true,"href":"https:\/\/www.europesays.com\/fi\/wp-json\/wp\/v2\/media\/338267"}],"wp:attachment":[{"href":"https:\/\/www.europesays.com\/fi\/wp-json\/wp\/v2\/media?parent=338266"}],"wp:term":[{"taxonomy":"category","embeddable":true,"href":"https:\/\/www.europesays.com\/fi\/wp-json\/wp\/v2\/categories?post=338266"},{"taxonomy":"post_tag","embeddable":true,"href":"https:\/\/www.europesays.com\/fi\/wp-json\/wp\/v2\/tags?post=338266"}],"curies":[{"name":"wp","href":"https:\/\/api.w.org\/{rel}","templated":true}]}}