{"id":338302,"date":"2026-08-31T22:28:10","date_gmt":"2026-08-31T22:28:10","guid":{"rendered":"https:\/\/www.europesays.com\/fi\/338302\/"},"modified":"2026-08-31T22:28:10","modified_gmt":"2026-08-31T22:28:10","slug":"nain-moni-paljastaa-langenneensa-huijaukseen-somessa-uutissuomalainen","status":"publish","type":"post","link":"https:\/\/www.europesays.com\/fi\/338302\/","title":{"rendered":"N\u00e4in moni paljastaa langenneensa huijaukseen somessa | Uutissuomalainen"},"content":{"rendered":"<p>Suomalaisista 28 prosenttia kertoo klikanneensa sosiaalisessa mediassa ep\u00e4ilytt\u00e4v\u00e4\u00e4 linkki\u00e4, selvi\u00e4\u00e4 OP Pohjolan kyselyst\u00e4.<\/p>\n<p>Kyselytutkimuksella selvitettiin, miten usein suomalaiset kohtaavat huijauksia somessa.<\/p>\n<p>Ep\u00e4ilytt\u00e4v\u00e4n linkin klikkaamisen j\u00e4lkeen toiseksi yleisin kokemus huijauksista on keskustelu somessa huijariksi ep\u00e4ilem\u00e4ns\u00e4 tahon kanssa, mit\u00e4 on tehnyt 14 prosenttia vastaajista.<\/p>\n<p>57 prosenttia vastaajista ei tunnista langenneensa mihink\u00e4\u00e4n annetuista huijausmuodoista.<\/p>\n<p><strong class=\"diks-storyline__impact\">Kahdeksan prosenttia <\/strong>kertoo antaneensa ep\u00e4ilylle huijarille yhteystietoja.<\/p>\n<p>Kolme prosenttia taas kertoo, ett\u00e4 he ovat luovuttaneet huijauksessa tunnuksia ja maksutietoja sek\u00e4 siirt\u00e4neet rahaa huijaukseen liittyen.<\/p>\n<p>Kyselyn mukaan nuoret ovat useimmiten klikanneet ep\u00e4ilytt\u00e4v\u00e4\u00e4 mainosta somessa tai keskustelleet tahon kanssa, ket\u00e4 ep\u00e4ilev\u00e4t huijariksi. Rahasiirtoja huijareille some-huijauksen perusteella ovat tehneet enemm\u00e4n vanhemmat ik\u00e4luokat, mutta erot ovat pieni\u00e4.<\/p>\n<p><strong class=\"diks-storyline__impact\">Some-huijauksissa<\/strong> myyd\u00e4\u00e4n esimerkiksi loistavia sijoitustuottoja julkisuuden henkil\u00f6n kasvoilla.<\/p>\n<p>Toukokuussa toteutettuun kyselytutkimukseen vastasi internetpaneelissa yli 18-vuotiaita suomalaisia yhteens\u00e4 1163. Tulokset on painotettu v\u00e4est\u00f6\u00e4 edustavaksi.<\/p>\n<p>Kyselytutkimuksen toteutti Taloustutkimus Oy OP Pohjolan toimeksiannosta. Vastausten virhemarginaali on enimmill\u00e4\u00e4n koko vastaajajoukon osalta +\/- 3,2 prosenttiyksikk\u00f6\u00e4.<\/p>\n","protected":false},"excerpt":{"rendered":"Suomalaisista 28 prosenttia kertoo klikanneensa sosiaalisessa mediassa ep\u00e4ilytt\u00e4v\u00e4\u00e4 linkki\u00e4, selvi\u00e4\u00e4 OP Pohjolan kyselyst\u00e4. Kyselytutkimuksella selvitettiin, miten usein suomalaiset&hellip;\n","protected":false},"author":2,"featured_media":338303,"comment_status":"","ping_status":"","sticky":false,"template":"","format":"standard","meta":{"footnotes":"","_share_on_mastodon":"0"},"categories":[12],"tags":[22,23,26,27,33,31,30,17,3878,24,25,3004,720,28,29,15,18,21,721,544,32,78,538,19,20,16,796],"class_list":["post-338302","post","type-post","status-publish","format-standard","has-post-thumbnail","category-suomi","tag-breaking-news","tag-breakingnews","tag-featured-news","tag-featurednews","tag-fi","tag-finland","tag-finnish","tag-headlines","tag-julkisuuden-henkilot","tag-latest-news","tag-latestnews","tag-liiketoiminta","tag-liiketoiminta-ja-rahoitus","tag-main-news","tag-mainnews","tag-news","tag-otsikot","tag-paauutiset","tag-rahoitus","tag-rahoitus-ja-kiinteistoala-sektori","tag-suomi","tag-talous","tag-tiede-ja-tekniikka","tag-top-stories","tag-topstories","tag-uutiset","tag-yhteiskunta"],"share_on_mastodon":{"url":"https:\/\/pubeurope.com\/@fi\/117192484933212512","error":""},"_links":{"self":[{"href":"https:\/\/www.europesays.com\/fi\/wp-json\/wp\/v2\/posts\/338302","targetHints":{"allow":["GET"]}}],"collection":[{"href":"https:\/\/www.europesays.com\/fi\/wp-json\/wp\/v2\/posts"}],"about":[{"href":"https:\/\/www.europesays.com\/fi\/wp-json\/wp\/v2\/types\/post"}],"author":[{"embeddable":true,"href":"https:\/\/www.europesays.com\/fi\/wp-json\/wp\/v2\/users\/2"}],"replies":[{"embeddable":true,"href":"https:\/\/www.europesays.com\/fi\/wp-json\/wp\/v2\/comments?post=338302"}],"version-history":[{"count":0,"href":"https:\/\/www.europesays.com\/fi\/wp-json\/wp\/v2\/posts\/338302\/revisions"}],"wp:featuredmedia":[{"embeddable":true,"href":"https:\/\/www.europesays.com\/fi\/wp-json\/wp\/v2\/media\/338303"}],"wp:attachment":[{"href":"https:\/\/www.europesays.com\/fi\/wp-json\/wp\/v2\/media?parent=338302"}],"wp:term":[{"taxonomy":"category","embeddable":true,"href":"https:\/\/www.europesays.com\/fi\/wp-json\/wp\/v2\/categories?post=338302"},{"taxonomy":"post_tag","embeddable":true,"href":"https:\/\/www.europesays.com\/fi\/wp-json\/wp\/v2\/tags?post=338302"}],"curies":[{"name":"wp","href":"https:\/\/api.w.org\/{rel}","templated":true}]}}