{"id":338332,"date":"2026-08-31T23:21:12","date_gmt":"2026-08-31T23:21:12","guid":{"rendered":"https:\/\/www.europesays.com\/fi\/338332\/"},"modified":"2026-08-31T23:21:12","modified_gmt":"2026-08-31T23:21:12","slug":"ranuan-kunnanhallitus-esittaa-valtuustolle-ranuan-peuran-puolen-miljoonan-euron-velan-anteeksiantamista-lappi","status":"publish","type":"post","link":"https:\/\/www.europesays.com\/fi\/338332\/","title":{"rendered":"Ranuan kunnanhallitus esitt\u00e4\u00e4 valtuustolle Ranuan Peuran puolen miljoonan euron velan anteeksiantamista | Lappi"},"content":{"rendered":"<p class=\"aw__sc-1qwuw0s-0 aw__sc-1vg2sqm-0 epAWpq ecELkD yle__article__paragraph\">Urheiluseura Ranuan Peura ry:n yli 528 000 euron velka on per\u00e4isin vuosina 2010-2019 my\u00f6nnetyist\u00e4 lainoista.<\/p>\n<p><img decoding=\"async\" alt=\"Ranuan liikuntatalo Peuransarvi. Kuvattu helmikuussa 2026.\" src=\"https:\/\/www.europesays.com\/fi\/wp-content\/uploads\/2026\/08\/1771500088.jpeg\" class=\"aw__sc-dklauk-0 LPzKX\"\/><\/p>\n<p>Avaa kuvien katselu<\/p>\n<p>Ranuan Peuran urheilutalo Peuransarvi talvella 2026. Kuva: Tomi Haapala \/ Ranuan kunta<\/p>\n<p class=\"aw__sc-1qwuw0s-0 aw__sc-ngllmo-0 epAWpq fzYpjk yle__article__paragraph\">Kunnanhallituksen esityksess\u00e4 valtuustolle velan anteeksianto on ehdollinen ja astuu voimaan vain, jos yhdistys t\u00e4ytt\u00e4\u00e4 sille asetetut vaatimukset.<\/p>\n<p class=\"aw__sc-1qwuw0s-0 aw__sc-ngllmo-0 epAWpq fzYpjk yle__article__paragraph\">Ranuan Peuran on hyv\u00e4ksytt\u00e4v\u00e4 aiemmin antamansa panttaussitoumukset ja annettava uusi sitoumus kunnalle. Uuden sitoumuksen on katettava sek\u00e4 j\u00e4ljell\u00e4 oleva laina ett\u00e4 kunnan yhdistyksen puolesta antamat takaukset.<\/p>\n<p class=\"aw__sc-1qwuw0s-0 aw__sc-ngllmo-0 epAWpq fzYpjk yle__article__paragraph\">Vakuudeksi kunta vaatii Peuransarven kiinteist\u00f6n panttikirjat yhteens\u00e4 551 200 euron arvosta. Panttikirjat on vahvistettu vuonna 2010, ja ne on siirrett\u00e4v\u00e4 kunnan haltuun.<\/p>\n<p class=\"aw__sc-1qwuw0s-0 aw__sc-ngllmo-0 epAWpq fzYpjk yle__article__paragraph\">Yhdistyksen on toimitettava kunnalle kokousp\u00f6yt\u00e4kirja ja allekirjoitettu panttaussitoumus vuoden 2026 loppuun menness\u00e4. Jos vaatimukset eiv\u00e4t t\u00e4yty ajoissa, anteeksianto raukeaa.<\/p>\n<p class=\"aw__sc-1qwuw0s-0 aw__sc-ngllmo-0 epAWpq fzYpjk yle__article__paragraph\">Lainan anteeksiannosta p\u00e4\u00e4tt\u00e4\u00e4 lopullisesti Ranuan kunnanvaltuusto.<\/p>\n<p class=\"aw__sc-1qwuw0s-0 aw__sc-ngllmo-0 epAWpq fzYpjk yle__article__paragraph\">Ranuan kunnanhallitus ei ole kuitenkaan valmis antamaan anteeksi 2020 urheiluseura Ranuan Peuralle my\u00f6nnetty\u00e4 lainaa, joka on enint\u00e4\u00e4n 150 000 euroa. Laina my\u00f6nnettiin Peuransarven vesikatto- ja sis\u00e4ilmaremonttiin. Ranuan Peura on nostanut lainasta 132 000 euroa. Ranuan Kunnanjohtaja <strong class=\"aw__sc-ngllmo-2 gdRrun yle__article__strong\">Tuomas Aikkila<\/strong> perustelee p\u00e4\u00e4t\u00f6st\u00e4 sill\u00e4, ett\u00e4 lainan lyhennykset alkavat vasta 2030.<\/p>\n","protected":false},"excerpt":{"rendered":"Urheiluseura Ranuan Peura ry:n yli 528 000 euron velka on per\u00e4isin vuosina 2010-2019 my\u00f6nnetyist\u00e4 lainoista. Avaa kuvien katselu&hellip;\n","protected":false},"author":2,"featured_media":338333,"comment_status":"","ping_status":"","sticky":false,"template":"","format":"standard","meta":{"footnotes":"","_share_on_mastodon":"0"},"categories":[12],"tags":[22,23,26,27,33,31,30,17,41824,1833,3138,667,24,25,28,29,15,18,21,32,78,16632,25522,19,20,4847,16,41825],"class_list":["post-338332","post","type-post","status-publish","format-standard","has-post-thumbnail","category-suomi","tag-breaking-news","tag-breakingnews","tag-featured-news","tag-featurednews","tag-fi","tag-finland","tag-finnish","tag-headlines","tag-kunnanhallitus","tag-kunnat","tag-lainat","tag-lappi","tag-latest-news","tag-latestnews","tag-main-news","tag-mainnews","tag-news","tag-otsikot","tag-paauutiset","tag-suomi","tag-talous","tag-taloushallinto","tag-taloussuunnittelu","tag-top-stories","tag-topstories","tag-urheilu-ja-liikuntaseurat","tag-uutiset","tag-velkoja"],"share_on_mastodon":{"url":"https:\/\/pubeurope.com\/@fi\/117192693753510392","error":""},"_links":{"self":[{"href":"https:\/\/www.europesays.com\/fi\/wp-json\/wp\/v2\/posts\/338332","targetHints":{"allow":["GET"]}}],"collection":[{"href":"https:\/\/www.europesays.com\/fi\/wp-json\/wp\/v2\/posts"}],"about":[{"href":"https:\/\/www.europesays.com\/fi\/wp-json\/wp\/v2\/types\/post"}],"author":[{"embeddable":true,"href":"https:\/\/www.europesays.com\/fi\/wp-json\/wp\/v2\/users\/2"}],"replies":[{"embeddable":true,"href":"https:\/\/www.europesays.com\/fi\/wp-json\/wp\/v2\/comments?post=338332"}],"version-history":[{"count":0,"href":"https:\/\/www.europesays.com\/fi\/wp-json\/wp\/v2\/posts\/338332\/revisions"}],"wp:featuredmedia":[{"embeddable":true,"href":"https:\/\/www.europesays.com\/fi\/wp-json\/wp\/v2\/media\/338333"}],"wp:attachment":[{"href":"https:\/\/www.europesays.com\/fi\/wp-json\/wp\/v2\/media?parent=338332"}],"wp:term":[{"taxonomy":"category","embeddable":true,"href":"https:\/\/www.europesays.com\/fi\/wp-json\/wp\/v2\/categories?post=338332"},{"taxonomy":"post_tag","embeddable":true,"href":"https:\/\/www.europesays.com\/fi\/wp-json\/wp\/v2\/tags?post=338332"}],"curies":[{"name":"wp","href":"https:\/\/api.w.org\/{rel}","templated":true}]}}