{"id":338336,"date":"2026-08-31T23:41:15","date_gmt":"2026-08-31T23:41:15","guid":{"rendered":"https:\/\/www.europesays.com\/fi\/338336\/"},"modified":"2026-08-31T23:41:15","modified_gmt":"2026-08-31T23:41:15","slug":"karmea-pettymys-otto-virtanen-oli-jo-lahella-jattipommia","status":"publish","type":"post","link":"https:\/\/www.europesays.com\/fi\/338336\/","title":{"rendered":"Karmea pettymys! Otto Virtanen oli jo l\u00e4hell\u00e4 j\u00e4ttipommia"},"content":{"rendered":"<p>Otto Virtanen h\u00e4visi trillerin Yhdysvaltain avoimissa.<\/p>\n<p><img decoding=\"async\" class=\"image image-show image-preview\" src=\"https:\/\/www.europesays.com\/fi\/wp-content\/uploads\/2026\/08\/6c263ef8db2c1f95ebd78fe2d67f974dea15d187caa1f9b2f5e08c3dff554c74.jpg\" alt=\"\"\/><img decoding=\"async\" class=\"image image-show\" src=\"https:\/\/www.europesays.com\/fi\/wp-content\/uploads\/2026\/08\/1788219675_60_6c263ef8db2c1f95ebd78fe2d67f974dea15d187caa1f9b2f5e08c3dff554c74.jpg\" alt=\"\"\/><\/p>\n<p>Otto Virtanen kohtasi avauskierroksella ven\u00e4l\u00e4isen Andrei Rublevin. EPA \/ AOP<\/p>\n<p class=\"paragraph\">Suomen tennist\u00e4hti <a href=\"https:\/\/www.iltalehti.fi\/henkilot\/Otto Virtanen\" class=\"article-link-person-page\" rel=\"nofollow noopener\" target=\"_blank\">Otto Virtanen<\/a>, 25, koki \u00e4\u00e4rimm\u00e4isen katkeran tappion Yhdysvaltain avoimen tennisturnauksen avauskierroksella.<\/p>\n<p class=\"paragraph\">Maailmanlistalla sijalla 109 oleva Virtanen oli jo l\u00e4hell\u00e4 j\u00e4ttiyll\u00e4tyst\u00e4 Ven\u00e4j\u00e4n <strong>Andrei Rublevia<\/strong>, 28, vastaan. Suomalainen voitti ottelun kaksi ensimm\u00e4ist\u00e4 er\u00e4\u00e4, mutta maailmanlistan 24:s nousi lopulta voittoon viisier\u00e4isen trillerin j\u00e4lkeen.<\/p>\n<p class=\"paragraph\">Virtanen h\u00e4visi ottelun erin 7\u20136, 7\u20136, 0\u20136, 2\u20136, 6\u20137.<\/p>\n<p class=\"paragraph\">Virtanen aloitti ottelun erinomaisesti. H\u00e4n vei kaksi ensimm\u00e4ist\u00e4 er\u00e4\u00e4 nimiins\u00e4 lukemin 7\u20136 ja 7\u20136. Molemmat er\u00e4t ratkesivat katkaisupeliss\u00e4. Ensimm\u00e4isess\u00e4 Virtanen oli vahvempi lukemin 7\u20135, ja toisessa suomalainen murskasi Rublevin katkaisupeliss\u00e4 7\u20130.<\/p>\n<p class=\"paragraph\">Juttu jatkuu upotuksen j\u00e4lkeen.<\/p>\n<p class=\"paragraph\">Kahden er\u00e4n j\u00e4lkeen Virtanen oli en\u00e4\u00e4 yhden er\u00e4voiton p\u00e4\u00e4ss\u00e4 j\u00e4ttiyll\u00e4tyksest\u00e4. Sen j\u00e4lkeen ottelun kuva muuttui kuitenkin t\u00e4ysin.<\/p>\n<p class=\"paragraph\">Rublev murskasi kolmannessa er\u00e4ss\u00e4 Virtasen 6\u20130 ja jatkoi vahvaa menoaan nelj\u00e4nness\u00e4 er\u00e4ss\u00e4. Ven\u00e4l\u00e4inen vei my\u00f6s sen nimiins\u00e4 selvin lukemin 6\u20132.<\/p>\n<p class=\"paragraph\">N\u00e4in kahden er\u00e4n johto suli nopeasti, ja ottelu eteni ratkaisevaan viidenteen er\u00e4\u00e4n.<\/p>\n<p>Virtanen kokosi itsens\u00e4<\/p>\n<p class=\"paragraph\">Vaikeiden erien j\u00e4lkeen Virtanen onnistui kuitenkin kokoamaan itsens\u00e4. Suomalainen venyi ratkaisevassa er\u00e4ss\u00e4 j\u00e4lleen tasav\u00e4kiseen taisteluun.<\/p>\n<p class=\"paragraph\">Lopulta ratkaisua haettiin katkaisupelist\u00e4.<\/p>\n<p class=\"paragraph\">Siin\u00e4 Rublev oli kuitenkin parempi. Ven\u00e4l\u00e4inen vei katkaisupelin lukemin 10\u20135 ja samalla koko ottelun.<\/p>\n<p class=\"paragraph\">Rublev kohtaa seuraavalla kierroksella maailmanlistan sijalla 39. majailevan espanjalaisen <strong>Daniel Meridan<\/strong>.<\/p>\n<p>Poikkeuksellinen reitti<\/p>\n<p class=\"paragraph\">Virtanen p\u00e4\u00e4si Yhdysvaltain avoimien p\u00e4\u00e4sarjaan poikkeuksellisen k\u00e4\u00e4nteen kautta. Turnauksen j\u00e4rjest\u00e4j\u00e4 ilmoitti sunnuntaina kroatialaisen <strong>Marin \u010cili\u0107in<\/strong> vet\u00e4ytymisest\u00e4 kilpailusta, mink\u00e4 j\u00e4lkeen t\u00e4m\u00e4n paikka p\u00e4\u00e4sarjassa annettiin Virtaselle.<\/p>\n<p class=\"paragraph\">Ratkaisu tuli pian sen j\u00e4lkeen, kun Virtanen oli joutunut j\u00e4tt\u00e4m\u00e4\u00e4n oman karsintafinaalinsa kesken. H\u00e4n oli edennyt karsintojen viimeiseen vaiheeseen, mutta Tennisliiton mukaan suomalainen k\u00e4rsi selk\u00e4vaivoista ja joutui luovuttamaan ottelun.<\/p>\n<p class=\"paragraph\">Rublev on ollut urallaan parhaimmillaan maailmanlistan viidenten\u00e4. T\u00e4m\u00e4 tapahtui vuonna 2021. Virtasen uran korkein ranking puolestaan on 91.<\/p>\n","protected":false},"excerpt":{"rendered":"Otto Virtanen h\u00e4visi trillerin Yhdysvaltain avoimissa. Otto Virtanen kohtasi avauskierroksella ven\u00e4l\u00e4isen Andrei Rublevin. EPA \/ AOP Suomen tennist\u00e4hti&hellip;\n","protected":false},"author":2,"featured_media":338337,"comment_status":"","ping_status":"","sticky":false,"template":"","format":"standard","meta":{"footnotes":"","_share_on_mastodon":"0"},"categories":[158],"tags":[35,722,33,31,30,41,2883,159,32,160,2957,161],"class_list":["post-338336","post","type-post","status-publish","format-standard","has-post-thumbnail","category-urheilu","tag-24h","tag-amerikka","tag-fi","tag-finland","tag-finnish","tag-liikunta-ja-urheilu","tag-maailmancupit-ja-maailmanmestaruuskilpailut","tag-sports","tag-suomi","tag-urheilu","tag-urheilujarjestot","tag-urheilutapahtumat"],"share_on_mastodon":{"url":"https:\/\/pubeurope.com\/@fi\/117192772167934121","error":""},"_links":{"self":[{"href":"https:\/\/www.europesays.com\/fi\/wp-json\/wp\/v2\/posts\/338336","targetHints":{"allow":["GET"]}}],"collection":[{"href":"https:\/\/www.europesays.com\/fi\/wp-json\/wp\/v2\/posts"}],"about":[{"href":"https:\/\/www.europesays.com\/fi\/wp-json\/wp\/v2\/types\/post"}],"author":[{"embeddable":true,"href":"https:\/\/www.europesays.com\/fi\/wp-json\/wp\/v2\/users\/2"}],"replies":[{"embeddable":true,"href":"https:\/\/www.europesays.com\/fi\/wp-json\/wp\/v2\/comments?post=338336"}],"version-history":[{"count":0,"href":"https:\/\/www.europesays.com\/fi\/wp-json\/wp\/v2\/posts\/338336\/revisions"}],"wp:featuredmedia":[{"embeddable":true,"href":"https:\/\/www.europesays.com\/fi\/wp-json\/wp\/v2\/media\/338337"}],"wp:attachment":[{"href":"https:\/\/www.europesays.com\/fi\/wp-json\/wp\/v2\/media?parent=338336"}],"wp:term":[{"taxonomy":"category","embeddable":true,"href":"https:\/\/www.europesays.com\/fi\/wp-json\/wp\/v2\/categories?post=338336"},{"taxonomy":"post_tag","embeddable":true,"href":"https:\/\/www.europesays.com\/fi\/wp-json\/wp\/v2\/tags?post=338336"}],"curies":[{"name":"wp","href":"https:\/\/api.w.org\/{rel}","templated":true}]}}